{"id":2300,"date":"2025-03-08T20:22:07","date_gmt":"2025-03-08T23:22:07","guid":{"rendered":"http:\/\/www.enorsai.com\/noticias\/?p=2300"},"modified":"2025-03-08T20:28:45","modified_gmt":"2025-03-08T23:28:45","slug":"la-visita-de-patricia-bullrich-y-luis-petri-encendio-la-indignacion-de-los-vecinos-de-bahia-blanca","status":"publish","type":"post","link":"https:\/\/www.enorsai.com\/noticias\/sociedad\/la-visita-de-patricia-bullrich-y-luis-petri-encendio-la-indignacion-de-los-vecinos-de-bahia-blanca\/","title":{"rendered":"La visita de Patricia Bullrich y Luis Petri encendi\u00f3 la indignaci\u00f3n de los vecinos de Bah\u00eda Blanca"},"content":{"rendered":"\n<h2 class=\"wp-block-heading\">La desconexi\u00f3n del gobierno de Javier Milei ante la tragedia<\/h2>\n\n\n\n<p>El reciente temporal que azot\u00f3 a Bah\u00eda Blanca no solo dej\u00f3 un saldo tr\u00e1gico de diez muertos y m\u00e1s de mil evacuados, sino que tambi\u00e9n expuso la profunda desconexi\u00f3n entre el gobierno de Javier Milei y las necesidades reales de la poblaci\u00f3n. La visita de los ministros de Seguridad, Patricia Bullrich, y de Defensa, Luis Petri, lejos de traer alivio, desat\u00f3 la ira de los vecinos, quienes los repudiaron y obligaron a retirarse bajo una lluvia de insultos.<\/p>\n\n\n\n<h2 class=\"wp-block-heading\">Una visita que encendi\u00f3 la indignaci\u00f3n popular<\/h2>\n\n\n\n<p>El viernes pasado, Bullrich y Petri arribaron a Bah\u00eda Blanca con la intenci\u00f3n de coordinar las tareas de emergencia junto al gobernador bonaerense, Axel Kicillof, y el intendente Federico Susbielles. Sin embargo, su presencia fue recibida con furia por parte de los habitantes afectados por el desastre natural. \u00abPerdimos todo, \u00a1andate hijo de puta!\u00bb, gritaban los vecinos, reflejando la desesperaci\u00f3n y el sentimiento de abandono por parte de las autoridades nacionales. La situaci\u00f3n se torn\u00f3 tan tensa que ambos ministros tuvieron que ser evacuados en una camioneta oficial para evitar ser agredidos f\u00edsicamente. <\/p>\n\n\n\n<blockquote class=\"twitter-tweet\"><p lang=\"es\" dir=\"ltr\">La tragedia en Bah\u00eda Blanca es inmensa: 13 muertos y la negligencia del Estado Nacional que abandon\u00f3 las obras p\u00fablicas. Vecinos destrozados repudiaron y echaron a Patricia Bullrich: &#39;Perdimos todo&#39;. <a href=\"https:\/\/t.co\/SCgwnnQand\">pic.twitter.com\/SCgwnnQand<\/a><\/p>&mdash; Revista C\u00edtrica (@revistacitrica) <a href=\"https:\/\/twitter.com\/revistacitrica\/status\/1898487876759027751?ref_src=twsrc%5Etfw\">March 8, 2025<\/a><\/blockquote> <script async src=\"https:\/\/platform.twitter.com\/widgets.js\" charset=\"utf-8\"><\/script>\n\n\n\n<p>Al llegar al lugar, la ministra de Seguridad y el ministro de Defensa fueron fuertemente increpados por los vecinos afectados por la inundaci\u00f3n, quienes los recibieron con insultos por su presencia. En las im\u00e1genes se puede observar c\u00f3mo los vecinos empuja a Bullrich y a Petri al agua, entre gritos y reclamos, mientras ambos intentan con desesperaci\u00f3n ser protegidos por sus custodios durante su visita.<\/p>\n\n\n\n<h2 class=\"wp-block-heading\">La foto que nunca se public\u00f3: \u00bfestrategia pol\u00edtica o simple descuido?<\/h2>\n\n\n\n<p>En medio de la crisis, una imagen capturada durante la reuni\u00f3n de coordinaci\u00f3n mostr\u00f3 a Bullrich y Petri junto a Kicillof y Susbielles. Sin embargo, esta fotograf\u00eda solo fue difundida por el gobernador bonaerense en sus redes sociales, mientras que los ministros nacionales optaron por omitirla en sus publicaciones. Este hecho gener\u00f3 suspicacias sobre una posible intenci\u00f3n de evitar mostrarse colaborando con un referente de la oposici\u00f3n en medio de la tragedia. <\/p>\n\n\n\n<div class=\"wp-block-jetpack-related-posts\">\n<h2 class=\"wp-block-heading\"><\/h2>\n<\/div>\n\n\n\n<h2 class=\"wp-block-heading\">La desconexi\u00f3n de las pol\u00edticas de Milei con la realidad<\/h2>\n\n\n\n<p>El incidente en Bah\u00eda Blanca es solo una muestra m\u00e1s de la desconexi\u00f3n entre las pol\u00edticas del gobierno de Javier Milei y las necesidades de la ciudadan\u00eda. Mientras el pa\u00eds enfrenta emergencias clim\u00e1ticas y sociales, la administraci\u00f3n actual parece m\u00e1s preocupada por mantener una imagen pol\u00edtica que por brindar soluciones concretas. La falta de empat\u00eda y de respuestas efectivas ante situaciones cr\u00edticas evidencia una gesti\u00f3n alejada de la realidad y de las demandas populares.<\/p>\n\n\n\n<h2 class=\"wp-block-heading\">La furia de un pueblo que se siente abandonado<\/h2>\n\n\n\n<p>La reacci\u00f3n de los vecinos de Bah\u00eda Blanca no es un hecho aislado, sino el reflejo de un sentimiento generalizado de descontento y frustraci\u00f3n hacia un gobierno que no ha sabido estar a la altura de las circunstancias. La ausencia de pol\u00edticas p\u00fablicas efectivas y la falta de respuestas r\u00e1pidas y concretas ante las emergencias han llevado a la poblaci\u00f3n a expresar su enojo de manera contundente.<\/p>\n\n\n\n<h2 class=\"wp-block-heading\">La necesidad de un cambio de rumbo<\/h2>\n\n\n\n<p>Es imperativo que el gobierno de Javier Milei tome conciencia de la gravedad de la situaci\u00f3n y ajuste sus pol\u00edticas para atender las verdaderas necesidades de la poblaci\u00f3n. La tragedia de Bah\u00eda Blanca debe servir como un llamado de atenci\u00f3n para replantear las prioridades y enfocarse en brindar soluciones reales a los problemas que afectan a los argentinos.<\/p>\n\n\n\n<p>La visita fallida de Patricia Bullrich y Luis Petri a Bah\u00eda Blanca expone la desconexi\u00f3n del gobierno de Javier Milei con la realidad que viven miles de argentinos. La furia de los vecinos es un s\u00edntoma de un malestar profundo que requiere respuestas inmediatas y acciones concretas. Es momento de que las autoridades dejen de lado las estrategias pol\u00edticas y se centren en atender las necesidades urgentes de la poblaci\u00f3n, demostrando empat\u00eda y compromiso con quienes m\u00e1s lo necesitan.<\/p>\n\n\n","protected":false},"excerpt":{"rendered":"<p>La visita de Patricia Bullrich y Luis Petri a Bah\u00eda Blanca termin\u00f3 en un esc\u00e1ndalo: vecinos indignados los echaron entre insultos y reproches. La desconexi\u00f3n del gobierno de Javier Milei con la realidad qued\u00f3 expuesta en una ciudad devastada por la tragedia y el abandono estatal.<\/p>\n","protected":false},"author":1,"featured_media":2305,"comment_status":"open","ping_status":"open","sticky":false,"template":"","format":"standard","meta":{"_monsterinsights_skip_tracking":false,"_monsterinsights_sitenote_active":false,"_monsterinsights_sitenote_note":"","_monsterinsights_sitenote_category":0,"footnotes":"","jetpack_publicize_message":"","jetpack_publicize_feature_enabled":true,"jetpack_social_post_already_shared":true,"jetpack_social_options":{"image_generator_settings":{"template":"highway","default_image_id":0,"font":"","enabled":false},"version":2}},"categories":[4],"tags":[712,833,262,43,834,27,45,673,72,832],"class_list":["post-2300","post","type-post","status-publish","format-standard","has-post-thumbnail","hentry","category-sociedad","tag-abandono","tag-bahiablanca","tag-bullrich","tag-crisis","tag-desastre","tag-gobierno","tag-milei","tag-petri","tag-politica","tag-repudio"],"jetpack_publicize_connections":[],"_links":{"self":[{"href":"https:\/\/www.enorsai.com\/noticias\/wp-json\/wp\/v2\/posts\/2300","targetHints":{"allow":["GET"]}}],"collection":[{"href":"https:\/\/www.enorsai.com\/noticias\/wp-json\/wp\/v2\/posts"}],"about":[{"href":"https:\/\/www.enorsai.com\/noticias\/wp-json\/wp\/v2\/types\/post"}],"author":[{"embeddable":true,"href":"https:\/\/www.enorsai.com\/noticias\/wp-json\/wp\/v2\/users\/1"}],"replies":[{"embeddable":true,"href":"https:\/\/www.enorsai.com\/noticias\/wp-json\/wp\/v2\/comments?post=2300"}],"version-history":[{"count":2,"href":"https:\/\/www.enorsai.com\/noticias\/wp-json\/wp\/v2\/posts\/2300\/revisions"}],"predecessor-version":[{"id":2304,"href":"https:\/\/www.enorsai.com\/noticias\/wp-json\/wp\/v2\/posts\/2300\/revisions\/2304"}],"wp:featuredmedia":[{"embeddable":true,"href":"https:\/\/www.enorsai.com\/noticias\/wp-json\/wp\/v2\/media\/2305"}],"wp:attachment":[{"href":"https:\/\/www.enorsai.com\/noticias\/wp-json\/wp\/v2\/media?parent=2300"}],"wp:term":[{"taxonomy":"category","embeddable":true,"href":"https:\/\/www.enorsai.com\/noticias\/wp-json\/wp\/v2\/categories?post=2300"},{"taxonomy":"post_tag","embeddable":true,"href":"https:\/\/www.enorsai.com\/noticias\/wp-json\/wp\/v2\/tags?post=2300"}],"curies":[{"name":"wp","href":"https:\/\/api.w.org\/{rel}","templated":true}]}}