{"id":2297,"date":"2025-03-08T14:05:28","date_gmt":"2025-03-08T17:05:28","guid":{"rendered":"https:\/\/www.enorsai.com\/noticias\/?p=2297"},"modified":"2025-03-08T14:05:28","modified_gmt":"2025-03-08T17:05:28","slug":"bahia-blanca-bajo-el-agua-tragedia-abandono-y-el-fracaso-del-ajuste-libertario","status":"publish","type":"post","link":"https:\/\/www.enorsai.com\/noticias\/sociedad\/bahia-blanca-bajo-el-agua-tragedia-abandono-y-el-fracaso-del-ajuste-libertario\/","title":{"rendered":"Bah\u00eda Blanca bajo el agua: tragedia, abandono y el fracaso del ajuste libertario"},"content":{"rendered":"\n<p><strong>La ciudad enfrenta una de las peores inundaciones de su historia con seis muertos y cientos de evacuados. Mientras la solidaridad de la comunidad y el esfuerzo de la provincia intentan contener la crisis, el gobierno de Milei brilla por su ausencia.<\/strong><\/p>\n\n\n\n<p>(Por Walter Onorato) Bah\u00eda Blanca se ha convertido en el epicentro de una cat\u00e1strofe que desnuda el impacto devastador del ajuste salvaje promovido por el gobierno de Javier Milei. Con m\u00e1s de 300 mil\u00edmetros de agua acumulada, barrios enteros anegados y al menos seis personas fallecidas, la ciudad enfrenta una crisis humanitaria sin precedentes. Mientras el gobernador Axel Kicillof y las autoridades locales despliegan un operativo de emergencia para asistir a los damnificados, el gobierno nacional se muestra ausente o, peor a\u00fan, utiliza la tragedia para ensayar un miserable espect\u00e1culo pol\u00edtico.<\/p>\n\n\n\n<p>El intendente de Bah\u00eda Blanca, Federico Susbielles, confirm\u00f3 que ya son m\u00e1s de mil los evacuados, sumando a las v\u00edctimas de la vecina localidad de Cerri. Los equipos de rescate, conformados por personal municipal, Defensa Civil, bomberos y efectivos del Ej\u00e9rcito, trabajan sin descanso para asistir a quienes lo han perdido todo. Sin embargo, el panorama es desolador: calles convertidas en r\u00edos, familias atrapadas en sus casas sin acceso a agua potable y electricidad, y un clima de incertidumbre ante el riesgo de nuevas tormentas.<\/p>\n\n\n\n<blockquote class=\"twitter-tweet\"><p lang=\"es\" dir=\"ltr\">Con el intendente <a href=\"https:\/\/twitter.com\/fsusbielles?ref_src=twsrc%5Etfw\">@fsusbielles<\/a> y los ministros de Seguridad <a href=\"https:\/\/twitter.com\/JaviAlonsook?ref_src=twsrc%5Etfw\">@JaviAlonsook<\/a> y de Transporte <a href=\"https:\/\/twitter.com\/MartinMarinucci?ref_src=twsrc%5Etfw\">@MartinMarinucci<\/a> recibimos en el Comit\u00e9 de Operaciones de Emergencia en <a href=\"https:\/\/twitter.com\/MunicipioBahia?ref_src=twsrc%5Etfw\">@MunicipioBahia<\/a> a los ministros nacionales <a href=\"https:\/\/twitter.com\/PatoBullrich?ref_src=twsrc%5Etfw\">@PatoBullrich<\/a> y <a href=\"https:\/\/twitter.com\/luispetri?ref_src=twsrc%5Etfw\">@luispetri<\/a> para repasar la articulaci\u00f3n de la evacuaci\u00f3n de\u2026 <a href=\"https:\/\/t.co\/uT1GHMqAhx\">pic.twitter.com\/uT1GHMqAhx<\/a><\/p>&mdash; Axel Kicillof (@Kicillofok) <a href=\"https:\/\/twitter.com\/Kicillofok\/status\/1898241345904312779?ref_src=twsrc%5Etfw\">March 8, 2025<\/a><\/blockquote> <script async src=\"https:\/\/platform.twitter.com\/widgets.js\" charset=\"utf-8\"><\/script>\n\n\n\n<h3 class=\"wp-block-heading\"><strong>La ausencia del Estado nacional y la indiferencia libertaria<\/strong><\/h3>\n\n\n\n<p>En medio de este desastre, la actitud del gobierno de Milei no solo es de indiferencia, sino que refuerza el abandono estructural al que han sido sometidas las provincias. Mientras Bah\u00eda Blanca se hunde, desde la Casa Rosada persisten con su relato meritocr\u00e1tico, repitiendo la farsa de que la asistencia estatal es \u00abpuro gasto\u00bb y que la solidaridad debe provenir exclusivamente de la \u00absociedad civil\u00bb. No es casualidad: el ajuste brutal impulsado por el ministro de Econom\u00eda, Luis Caputo, golpe\u00f3 con fuerza las partidas destinadas a infraestructura y prevenci\u00f3n de cat\u00e1strofes. El resultado est\u00e1 a la vista: un sistema de desag\u00fces colapsado, calles intransitables y barrios enteros sumidos en el barro.<\/p>\n\n\n\n<p>El Ministerio de Desarrollo de la Provincia de Buenos Aires confirm\u00f3 el env\u00edo de asistencia a las familias damnificadas con insumos b\u00e1sicos, la activaci\u00f3n de equipos de emergencia en el territorio y el despliegue de una Mesa de Respuesta Comunitaria. Sin embargo, el esfuerzo provincial choca contra la inacci\u00f3n del gobierno nacional, que recort\u00f3 fondos esenciales para atender este tipo de emergencias.<\/p>\n\n\n\n<div class=\"wp-block-jetpack-related-posts\">\n<h2 class=\"wp-block-heading\"><\/h2>\n<\/div>\n\n\n\n<h3 class=\"wp-block-heading\"><strong>La hipocres\u00eda de Patricia Bullrich y el cinismo de Milei<\/strong><\/h3>\n\n\n\n<p>Como en una grotesca puesta en escena, los ministros nacionales Patricia Bullrich y Luis Petri llegaron a Bah\u00eda Blanca no para aportar soluciones concretas, sino para posar ante las c\u00e1maras y fingir preocupaci\u00f3n. La reuni\u00f3n con Kicillof y Susbielles en el Comit\u00e9 de Operaciones de Emergencia fue solo una escenificaci\u00f3n: sin anuncios de fondos extraordinarios, sin refuerzos en la asistencia y sin respuestas sobre el desfinanciamiento de organismos clave para la prevenci\u00f3n y respuesta ante desastres.<\/p>\n\n\n\n<p>Lo cierto es que el modelo libertario de Milei desprecia la inversi\u00f3n en infraestructura y la planificaci\u00f3n estatal, bajo la fantas\u00eda de que \u00abel mercado\u00bb resolver\u00e1 todo. Pero el agua no entiende de dogmas ultraliberales. Las obras p\u00fablicas que podr\u00edan haber evitado esta tragedia fueron paralizadas por la motosierra del presidente. El ajuste no solo se traduce en despidos y recortes salariales: tambi\u00e9n se paga con vidas.<\/p>\n\n\n\n<blockquote class=\"twitter-tweet\"><p lang=\"es\" dir=\"ltr\">Bah\u00eda Blanca ha sido nuevamente azotada por una cat\u00e1strofe natural. La situaci\u00f3n se ha tornado muy cr\u00edtica en diversos sectores. En este marco ya se contabilizan m\u00e1s 300 mm de agua acumulada y continuamos trabajando con todos los recursos disponibles para llegar con la asistencia\u2026 <a href=\"https:\/\/t.co\/sgJ53qM7Yi\">pic.twitter.com\/sgJ53qM7Yi<\/a><\/p>&mdash; Federico Susbielles (@fsusbielles) <a href=\"https:\/\/twitter.com\/fsusbielles\/status\/1898096501173195219?ref_src=twsrc%5Etfw\">March 7, 2025<\/a><\/blockquote> <script async src=\"https:\/\/platform.twitter.com\/widgets.js\" charset=\"utf-8\"><\/script>\n\n\n\n<h3 class=\"wp-block-heading\"><strong>El pueblo y la provincia al rescate de los olvidados<\/strong><\/h3>\n\n\n\n<p>Frente al desamparo, la comunidad bahiense y las autoridades provinciales han demostrado que la verdadera solidaridad no se declama, sino que se practica. Voluntarios, organizaciones sociales y vecinos se han movilizado para brindar refugio, comida y asistencia a los afectados. La provincia de Buenos Aires, en tanto, despleg\u00f3 recursos en un operativo que contrasta con la frialdad de un gobierno nacional obsesionado con la \u00abausteridad\u00bb a cualquier costo.<\/p>\n\n\n\n<p>Bah\u00eda Blanca no solo enfrenta una cat\u00e1strofe clim\u00e1tica: es tambi\u00e9n v\u00edctima de un modelo econ\u00f3mico que, en nombre del \u00abd\u00e9ficit cero\u00bb, deja a los ciudadanos a la deriva. Mientras Milei y sus funcionarios siguen en campa\u00f1a permanente, la realidad los desmiente con una violencia brutal.<\/p>\n\n\n\n<p>El agua baja, pero la bronca sube. Y cada familia que lo ha perdido todo en esta inundaci\u00f3n es un recordatorio de que el ajuste no es un eslogan: es sufrimiento, es desamparo, es muerte.<\/p>\n\n\n","protected":false},"excerpt":{"rendered":"<p>La ciudad enfrenta una de las peores inundaciones de su historia con seis muertos y cientos de evacuados. Mientras la solidaridad de la comunidad y el esfuerzo de la provincia intentan contener la crisis, el gobierno de Milei brilla por su ausencia. (Por Walter Onorato) Bah\u00eda Blanca se ha convertido en el epicentro de una&#8230;<\/p>\n","protected":false},"author":2,"featured_media":2298,"comment_status":"open","ping_status":"open","sticky":false,"template":"","format":"standard","meta":{"_monsterinsights_skip_tracking":false,"_monsterinsights_sitenote_active":false,"_monsterinsights_sitenote_note":"","_monsterinsights_sitenote_category":0,"footnotes":"","jetpack_publicize_message":"","jetpack_publicize_feature_enabled":true,"jetpack_social_post_already_shared":true,"jetpack_social_options":{"image_generator_settings":{"template":"highway","default_image_id":0,"font":"","enabled":false},"version":2}},"categories":[4],"tags":[238,104,45,285],"class_list":["post-2297","post","type-post","status-publish","format-standard","has-post-thumbnail","hentry","category-sociedad","tag-axel-kicillof","tag-kicillof","tag-milei","tag-provincia-de-buenos-aires"],"jetpack_publicize_connections":[],"_links":{"self":[{"href":"https:\/\/www.enorsai.com\/noticias\/wp-json\/wp\/v2\/posts\/2297","targetHints":{"allow":["GET"]}}],"collection":[{"href":"https:\/\/www.enorsai.com\/noticias\/wp-json\/wp\/v2\/posts"}],"about":[{"href":"https:\/\/www.enorsai.com\/noticias\/wp-json\/wp\/v2\/types\/post"}],"author":[{"embeddable":true,"href":"https:\/\/www.enorsai.com\/noticias\/wp-json\/wp\/v2\/users\/2"}],"replies":[{"embeddable":true,"href":"https:\/\/www.enorsai.com\/noticias\/wp-json\/wp\/v2\/comments?post=2297"}],"version-history":[{"count":1,"href":"https:\/\/www.enorsai.com\/noticias\/wp-json\/wp\/v2\/posts\/2297\/revisions"}],"predecessor-version":[{"id":2299,"href":"https:\/\/www.enorsai.com\/noticias\/wp-json\/wp\/v2\/posts\/2297\/revisions\/2299"}],"wp:featuredmedia":[{"embeddable":true,"href":"https:\/\/www.enorsai.com\/noticias\/wp-json\/wp\/v2\/media\/2298"}],"wp:attachment":[{"href":"https:\/\/www.enorsai.com\/noticias\/wp-json\/wp\/v2\/media?parent=2297"}],"wp:term":[{"taxonomy":"category","embeddable":true,"href":"https:\/\/www.enorsai.com\/noticias\/wp-json\/wp\/v2\/categories?post=2297"},{"taxonomy":"post_tag","embeddable":true,"href":"https:\/\/www.enorsai.com\/noticias\/wp-json\/wp\/v2\/tags?post=2297"}],"curies":[{"name":"wp","href":"https:\/\/api.w.org\/{rel}","templated":true}]}}