{"id":2289,"date":"2025-03-07T12:16:40","date_gmt":"2025-03-07T15:16:40","guid":{"rendered":"http:\/\/www.enorsai.com\/noticias\/?p=2289"},"modified":"2025-03-07T12:16:46","modified_gmt":"2025-03-07T15:16:46","slug":"la-comunidad-lgbti-bajo-ataque-un-clima-de-odio-y-desproteccion-estatal-amenaza-a-la-diversidad-sexual-en-argentina","status":"publish","type":"post","link":"https:\/\/www.enorsai.com\/noticias\/sociedad\/la-comunidad-lgbti-bajo-ataque-un-clima-de-odio-y-desproteccion-estatal-amenaza-a-la-diversidad-sexual-en-argentina\/","title":{"rendered":"La comunidad LGBTI+ bajo ataque: Un clima de odio y desprotecci\u00f3n estatal amenaza a la diversidad sexual en Argentina"},"content":{"rendered":"\n<p><strong><em>A diez meses del crimen de Barracas, donde tres mujeres lesbianas fueron quemadas vivas en un brutal ataque, la violencia contra la comunidad LGBTI+ sigue en aumento. Las cifras son alarmantes: solo en 2024, se registraron 140 cr\u00edmenes de odio en el pa\u00eds, mientras que las agresiones hacia lesbianas persisten en un contexto de discursos estigmatizantes por parte del gobierno de Javier Milei y un desmantelamiento de pol\u00edticas de protecci\u00f3n y prevenci\u00f3n de la violencia de g\u00e9nero.<\/em><\/strong><\/p>\n\n\n\n<p>La investigaci\u00f3n del crimen de Barracas sigue plagada de irregularidades. Sof\u00eda, la \u00fanica sobreviviente, contin\u00faa exigiendo justicia por sus compa\u00f1eras asesinadas, mientras que el agresor solo ha sido imputado por homicidio doblemente agravado y lesiones graves, sin que se considere la figura de femicidio ni el agravante de crimen de odio por orientaci\u00f3n sexual o identidad de g\u00e9nero. Este vac\u00edo en la tipificaci\u00f3n penal delata la negligencia del Estado y su incapacidad de garantizar justicia para las v\u00edctimas de violencia hacia la diversidad.<\/p>\n\n\n\n<p>La directora ejecutiva de Amnist\u00eda Internacional Argentina, Mariela Belski, denunci\u00f3 que el contexto de discriminaci\u00f3n estructural en el pa\u00eds se ha visto agravado por las declaraciones p\u00fablicas de la m\u00e1xima autoridad nacional, quien ha llegado a calificar a la diversidad sexual como \u00abun c\u00e1ncer que hay que extirpar\u00bb. Estas expresiones, lejos de ser anecd\u00f3ticas, legitiman el odio y la violencia contra la comunidad LGBTI+ y dan carta blanca para que sectores conservadores ejerzan agresiones con total impunidad.<\/p>\n\n\n\n<p>En lo que va del 2025, se han registrado al menos tres ataques brutales contra lesbianas en distintos puntos del pa\u00eds: Or\u00e1n (Salta), la Ciudad de Buenos Aires y Ca\u00f1uelas (Provincia de Buenos Aires). Estos hechos, lejos de ser casos aislados, responden a un patr\u00f3n sistem\u00e1tico de violencia que se ve reforzado por la desprotecci\u00f3n estatal y la hostilidad de un gobierno que ha desmantelado las pol\u00edticas de g\u00e9nero.<\/p>\n\n\n\n<div class=\"wp-block-jetpack-related-posts\">\n<h2 class=\"wp-block-heading\"><\/h2>\n<\/div>\n\n\n\n<p><strong>7 de marzo: Visibilidad L\u00e9sbica en un pa\u00eds hostil a la diversidad<\/strong><\/p>\n\n\n\n<p>Cada 7 de marzo, la comunidad l\u00e9sbica recuerda a Natalia \u00abPepa\u00bb Gait\u00e1n, asesinada en C\u00f3rdoba en 2010 por su orientaci\u00f3n sexual. Sin embargo, lejos de ser una jornada de conmemoraci\u00f3n, la fecha se ha convertido en un grito de auxilio ante una violencia que no cesa. El crimen de Barracas y los recientes ataques demuestran que las lesbianas contin\u00faan siendo blanco de agresiones letales, muchas veces legitimadas por discursos que buscan patologizarlas o eliminarlas del espacio p\u00fablico.<\/p>\n\n\n\n<p>El Primer Relevamiento de Condiciones de Vida de la Diversidad Sexual y Gen\u00e9rica de Argentina (2023) arroja cifras escalofriantes: el 36% de las lesbianas ha sufrido intentos de \u00abcorrecci\u00f3n\u00bb de su sexualidad por parte de profesionales de la salud, el 21% ha sido v\u00edctima de agresiones f\u00edsicas o verbales en el \u00e1mbito familiar y el 31% ha sido atacada en la v\u00eda p\u00fablica. Estos n\u00fameros no hacen m\u00e1s que reflejar la violencia cotidiana a la que est\u00e1n expuestas en una sociedad cada vez m\u00e1s permisiva con el odio.<\/p>\n\n\n\n<p>Seg\u00fan la Comisi\u00f3n Interamericana de Derechos Humanos, los cr\u00edmenes de odio rara vez son hechos aislados: suelen estar precedidos por un clima social de deshumanizaci\u00f3n y discriminaci\u00f3n. Y en Argentina, ese clima ha sido promovido desde las altas esferas del poder. Con la llegada de Javier Milei al gobierno, las pol\u00edticas de protecci\u00f3n a la comunidad LGBTI+ han sido desmanteladas, eliminando recursos destinados a la prevenci\u00f3n de la violencia y dejando en la indefensi\u00f3n a miles de personas.<\/p>\n\n\n\n<p><strong>Un Estado ausente que habilita el horror<\/strong><\/p>\n\n\n\n<p>El rol del Estado en la garant\u00eda de derechos es clave, pero la actual administraci\u00f3n ha decidido darle la espalda a la comunidad LGBTI+. La desfinanciaci\u00f3n de programas de asistencia, la eliminaci\u00f3n de dependencias clave en la promoci\u00f3n de derechos de g\u00e9nero y diversidad, y el abandono de las pol\u00edticas de protecci\u00f3n han generado un caldo de cultivo perfecto para el recrudecimiento de la violencia. Mientras tanto, el discurso oficial busca minimizar estos cr\u00edmenes o, peor a\u00fan, justificarlos bajo una supuesta \u00abbatalla cultural\u00bb contra la \u00abideolog\u00eda de g\u00e9nero\u00bb.<\/p>\n\n\n\n<p>No es casualidad que los ataques contra lesbianas y personas LGBTI+ hayan aumentado en los \u00faltimos meses. El aval impl\u00edcito de un gobierno que demoniza la diversidad sexual se traduce en hechos concretos: m\u00e1s violencia, m\u00e1s impunidad y m\u00e1s vidas arrebatadas. La falta de justicia en el crimen de Barracas es una muestra de c\u00f3mo el Estado elige mirar hacia otro lado, neg\u00e1ndose a reconocer la existencia de cr\u00edmenes de odio y femicidios vinculados a la identidad sexual y de g\u00e9nero.<\/p>\n\n\n\n<p><strong>El peligro de la indiferencia<\/strong><\/p>\n\n\n\n<p>La situaci\u00f3n es cr\u00edtica y el silencio no es una opci\u00f3n. La comunidad LGBTI+ en Argentina enfrenta uno de los momentos m\u00e1s oscuros de las \u00faltimas d\u00e9cadas, con un gobierno que no solo niega la violencia sistem\u00e1tica, sino que contribuye a su expansi\u00f3n con discursos de odio. El asesinato de tres mujeres lesbianas en Barracas y los recientes ataques en Salta, Buenos Aires y CABA no pueden ser relativizados ni quedar impunes.<\/p>\n\n\n\n<p>La lucha por la justicia y la visibilizaci\u00f3n de estos cr\u00edmenes es una tarea urgente. La comunidad LGBTI+ no puede seguir pagando con sus vidas la negligencia de un Estado que ha decidido convertirse en c\u00f3mplice del odio. El 7 de marzo no es solo una fecha de conmemoraci\u00f3n: es un recordatorio de que la resistencia es la \u00fanica opci\u00f3n ante un poder que busca borrar del mapa a quienes desaf\u00edan su orden retr\u00f3grado y violento.<\/p>\n\n\n","protected":false},"excerpt":{"rendered":"<p>A diez meses del crimen de Barracas, donde tres mujeres lesbianas fueron quemadas vivas en un brutal ataque, la violencia contra la comunidad LGBTI+ sigue en aumento. Las cifras son alarmantes: solo en 2024, se registraron 140 cr\u00edmenes de odio en el pa\u00eds, mientras que las agresiones hacia lesbianas persisten en un contexto de discursos&#8230;<\/p>\n","protected":false},"author":1,"featured_media":2290,"comment_status":"open","ping_status":"open","sticky":false,"template":"","format":"standard","meta":{"_monsterinsights_skip_tracking":false,"_monsterinsights_sitenote_active":false,"_monsterinsights_sitenote_note":"","_monsterinsights_sitenote_category":0,"footnotes":"","jetpack_publicize_message":"","jetpack_publicize_feature_enabled":true,"jetpack_social_post_already_shared":true,"jetpack_social_options":{"image_generator_settings":{"template":"highway","default_image_id":0,"font":"","enabled":false},"version":2}},"categories":[4],"tags":[825,824,69,823,796,98,70,822,826,711],"class_list":["post-2289","post","type-post","status-publish","format-standard","has-post-thumbnail","hentry","category-sociedad","tag-comunidad","tag-crimenes","tag-derechos","tag-discriminacion","tag-estado","tag-impunidad","tag-justicia","tag-lesbianas","tag-odio","tag-violencia"],"jetpack_publicize_connections":[],"_links":{"self":[{"href":"https:\/\/www.enorsai.com\/noticias\/wp-json\/wp\/v2\/posts\/2289","targetHints":{"allow":["GET"]}}],"collection":[{"href":"https:\/\/www.enorsai.com\/noticias\/wp-json\/wp\/v2\/posts"}],"about":[{"href":"https:\/\/www.enorsai.com\/noticias\/wp-json\/wp\/v2\/types\/post"}],"author":[{"embeddable":true,"href":"https:\/\/www.enorsai.com\/noticias\/wp-json\/wp\/v2\/users\/1"}],"replies":[{"embeddable":true,"href":"https:\/\/www.enorsai.com\/noticias\/wp-json\/wp\/v2\/comments?post=2289"}],"version-history":[{"count":1,"href":"https:\/\/www.enorsai.com\/noticias\/wp-json\/wp\/v2\/posts\/2289\/revisions"}],"predecessor-version":[{"id":2291,"href":"https:\/\/www.enorsai.com\/noticias\/wp-json\/wp\/v2\/posts\/2289\/revisions\/2291"}],"wp:featuredmedia":[{"embeddable":true,"href":"https:\/\/www.enorsai.com\/noticias\/wp-json\/wp\/v2\/media\/2290"}],"wp:attachment":[{"href":"https:\/\/www.enorsai.com\/noticias\/wp-json\/wp\/v2\/media?parent=2289"}],"wp:term":[{"taxonomy":"category","embeddable":true,"href":"https:\/\/www.enorsai.com\/noticias\/wp-json\/wp\/v2\/categories?post=2289"},{"taxonomy":"post_tag","embeddable":true,"href":"https:\/\/www.enorsai.com\/noticias\/wp-json\/wp\/v2\/tags?post=2289"}],"curies":[{"name":"wp","href":"https:\/\/api.w.org\/{rel}","templated":true}]}}