{"id":2282,"date":"2025-03-07T06:18:05","date_gmt":"2025-03-07T09:18:05","guid":{"rendered":"http:\/\/www.enorsai.com\/noticias\/?p=2282"},"modified":"2025-03-07T06:18:51","modified_gmt":"2025-03-07T09:18:51","slug":"sin-luz-ni-trenes-ni-semaforos-ni-dolares-el-caos-de-milei","status":"publish","type":"post","link":"https:\/\/www.enorsai.com\/noticias\/sociedad\/sin-luz-ni-trenes-ni-semaforos-ni-dolares-el-caos-de-milei\/","title":{"rendered":"Sin luz, ni trenes, ni sem\u00e1foros, ni d\u00f3lares: El caos de Milei"},"content":{"rendered":"\n<p><strong><em>Desde que Javier Milei asumi\u00f3 la presidencia, el pa\u00eds atraviesa una crisis energ\u00e9tica, econ\u00f3mica y de infraestructura sin precedentes. El editorial de Roberto Navarro en \u00abEl Destape\u00bb sintetiza con precisi\u00f3n el desastre que azota a la Argentina: cortes de luz masivos, servicios de trenes paralizados, sem\u00e1foros fuera de funcionamiento y una escasez de d\u00f3lares que estrangula la econom\u00eda.<\/em><\/strong><\/p>\n\n\n\n<h3 class=\"wp-block-heading\">Apag\u00f3n generalizado y falta de inversi\u00f3n<\/h3>\n\n\n\n<p>Millones de personas quedaron sin luz en los \u00faltimos d\u00edas debido a fallas en el sistema el\u00e9ctrico. El colapso de la infraestructura energ\u00e9tica responde a a\u00f1os de desinversi\u00f3n y a la profundizaci\u00f3n del ajuste bajo la gesti\u00f3n libertaria. Mientras tanto, el gobierno de Milei sigue promoviendo la privatizaci\u00f3n del sector, lo que solo garantiza m\u00e1s tarifazos y un servicio a\u00fan m\u00e1s deficiente.<\/p>\n\n\n\n<h3 class=\"wp-block-heading\">Trenes paralizados y el colapso del transporte<\/h3>\n\n\n\n<p>El caos no se limita a la electricidad. La paralizaci\u00f3n de los trenes metropolitanos dej\u00f3 varados a miles de trabajadores y estudiantes, exponiendo el deterioro del sistema de transporte p\u00fablico. La falta de inversi\u00f3n y mantenimiento, combinada con un gobierno que prioriza la reducci\u00f3n del gasto por sobre la calidad de vida de la gente, ha generado un colapso en la movilidad urbana.<\/p>\n\n\n\n<figure class=\"wp-block-embed is-type-video is-provider-youtube wp-block-embed-youtube wp-embed-aspect-16-9 wp-has-aspect-ratio\"><div class=\"wp-block-embed__wrapper\">\n<iframe loading=\"lazy\" title=\"SIN LUZ, NI TRENES, NI SEM\u00c1FOROS, NI D\u00d3LARES | Editorial de Roberto Navarro\" width=\"640\" height=\"360\" src=\"https:\/\/www.youtube.com\/embed\/EEsTVtF2H1o?feature=oembed\" frameborder=\"0\" allow=\"accelerometer; autoplay; clipboard-write; encrypted-media; gyroscope; picture-in-picture; web-share\" referrerpolicy=\"strict-origin-when-cross-origin\" allowfullscreen><\/iframe>\n<\/div><\/figure>\n\n\n\n<p><\/p>\n\n\n\n<h3 class=\"wp-block-heading\">Sem\u00e1foros apagados, accidentes en aumento<\/h3>\n\n\n\n<p>Con los cortes de luz, los sem\u00e1foros dejaron de funcionar en varias ciudades, lo que deriv\u00f3 en un aumento significativo de accidentes viales. La desidia del gobierno nacional y su inacci\u00f3n frente a estos problemas exponen una peligrosa indiferencia ante la seguridad de la poblaci\u00f3n.<\/p>\n\n\n\n<div class=\"wp-block-jetpack-related-posts\">\n<h2 class=\"wp-block-heading\"><\/h2>\n<\/div>\n\n\n\n<h3 class=\"wp-block-heading\">El d\u00f3lar por las nubes y la econom\u00eda en ca\u00edda libre<\/h3>\n\n\n\n<p>En paralelo, la econom\u00eda sigue en estado cr\u00edtico. La falta de d\u00f3lares ha generado un incremento en la cotizaci\u00f3n paralela, afectando la producci\u00f3n y encareciendo el costo de vida. La devaluaci\u00f3n constante y la incertidumbre financiera son el resultado directo de un modelo econ\u00f3mico que solo beneficia a los especuladores y castiga a la clase trabajadora.<\/p>\n\n\n\n<h3 class=\"wp-block-heading\">Milei y el ajuste como \u00fanica respuesta<\/h3>\n\n\n\n<p>Lejos de dar respuestas concretas, el gobierno libertario insiste en que \u00abel mercado lo resolver\u00e1 todo\u00bb. Pero la realidad es innegable: la combinaci\u00f3n de tarifazos, desregulaci\u00f3n y ajuste est\u00e1 destruyendo la calidad de vida de millones de argentinos. Sin luz, sin trenes, sin sem\u00e1foros y sin d\u00f3lares, Milei est\u00e1 llevando al pa\u00eds al abismo.<\/p>\n\n\n\n<h3 class=\"wp-block-heading\">Un modelo que solo genera crisis<\/h3>\n\n\n\n<p>El desastre energ\u00e9tico y econ\u00f3mico no es un accidente, sino el resultado de una pol\u00edtica deliberada de desmantelamiento del Estado. La pregunta que queda en el aire es hasta cu\u00e1ndo la sociedad argentina tolerar\u00e1 este nivel de ajuste y precarizaci\u00f3n.<\/p>\n\n\n","protected":false},"excerpt":{"rendered":"<p>El gobierno de Javier Milei avanza con una reforma que amenaza derechos b\u00e1sicos. Mientras se beneficia a grandes empresarios y fondos extranjeros, la crisis golpea a trabajadores y jubilados. El ajuste brutal, disfrazado de \u00ablibertad de mercado\u00bb, profundiza la desigualdad. \u00bfHasta cu\u00e1ndo soportar\u00e1 el pueblo esta embestida?<\/p>\n","protected":false},"author":12,"featured_media":2283,"comment_status":"open","ping_status":"open","sticky":false,"template":"","format":"standard","meta":{"_monsterinsights_skip_tracking":false,"_monsterinsights_sitenote_active":false,"_monsterinsights_sitenote_note":"","_monsterinsights_sitenote_category":0,"footnotes":"","jetpack_publicize_message":"","jetpack_publicize_feature_enabled":true,"jetpack_social_post_already_shared":false,"jetpack_social_options":{"image_generator_settings":{"template":"highway","enabled":false},"version":2}},"categories":[4],"tags":[58,43,34,26,15,90,227,45,463,795],"class_list":["post-2282","post","type-post","status-publish","format-standard","has-post-thumbnail","hentry","category-sociedad","tag-ajuste","tag-crisis","tag-desigualdad","tag-deuda","tag-economia","tag-fmi","tag-inflacion","tag-milei","tag-neoliberalismo","tag-recortes"],"jetpack_publicize_connections":[],"_links":{"self":[{"href":"https:\/\/www.enorsai.com\/noticias\/wp-json\/wp\/v2\/posts\/2282","targetHints":{"allow":["GET"]}}],"collection":[{"href":"https:\/\/www.enorsai.com\/noticias\/wp-json\/wp\/v2\/posts"}],"about":[{"href":"https:\/\/www.enorsai.com\/noticias\/wp-json\/wp\/v2\/types\/post"}],"author":[{"embeddable":true,"href":"https:\/\/www.enorsai.com\/noticias\/wp-json\/wp\/v2\/users\/12"}],"replies":[{"embeddable":true,"href":"https:\/\/www.enorsai.com\/noticias\/wp-json\/wp\/v2\/comments?post=2282"}],"version-history":[{"count":2,"href":"https:\/\/www.enorsai.com\/noticias\/wp-json\/wp\/v2\/posts\/2282\/revisions"}],"predecessor-version":[{"id":2285,"href":"https:\/\/www.enorsai.com\/noticias\/wp-json\/wp\/v2\/posts\/2282\/revisions\/2285"}],"wp:featuredmedia":[{"embeddable":true,"href":"https:\/\/www.enorsai.com\/noticias\/wp-json\/wp\/v2\/media\/2283"}],"wp:attachment":[{"href":"https:\/\/www.enorsai.com\/noticias\/wp-json\/wp\/v2\/media?parent=2282"}],"wp:term":[{"taxonomy":"category","embeddable":true,"href":"https:\/\/www.enorsai.com\/noticias\/wp-json\/wp\/v2\/categories?post=2282"},{"taxonomy":"post_tag","embeddable":true,"href":"https:\/\/www.enorsai.com\/noticias\/wp-json\/wp\/v2\/tags?post=2282"}],"curies":[{"name":"wp","href":"https:\/\/api.w.org\/{rel}","templated":true}]}}