{"id":2278,"date":"2025-03-06T20:04:08","date_gmt":"2025-03-06T23:04:08","guid":{"rendered":"https:\/\/www.enorsai.com\/noticias\/?p=2278"},"modified":"2025-03-06T20:04:08","modified_gmt":"2025-03-06T23:04:08","slug":"narcogendarmes-y-complicidad-interna-la-trama-que-golpea-la-gestion-de-patricia-bullrich","status":"publish","type":"post","link":"https:\/\/www.enorsai.com\/noticias\/politica\/narcogendarmes-y-complicidad-interna-la-trama-que-golpea-la-gestion-de-patricia-bullrich\/","title":{"rendered":"Narcogendarmes y complicidad interna: la trama que golpea la gesti\u00f3n de Patricia Bullrich"},"content":{"rendered":"\n<h2 class=\"wp-block-heading\"><strong>La Gendarmer\u00eda, infiltrada por el narcotr\u00e1fico, expone la debilidad estructural del Ministerio de Seguridad<\/strong><\/h2>\n\n\n\n<h3 class=\"wp-block-heading\"><strong>El esc\u00e1ndalo que sacude a la gesti\u00f3n Bullrich: efectivos en actividad y exmiembros de Gendarmer\u00eda operaban una red de tr\u00e1fico de coca\u00edna mientras el gobierno promete \u00abmano dura\u00bb<\/strong><\/h3>\n\n\n\n<p>La promesa de una lucha frontal contra el narcotr\u00e1fico, repetida hasta el hartazgo por Patricia Bullrich, se estrella contra una realidad inc\u00f3moda: una organizaci\u00f3n criminal integrada por gendarmes y exmiembros de la fuerza operaba con total impunidad, transportando cientos de kilos de coca\u00edna desde el norte del pa\u00eds hacia Buenos Aires. La red qued\u00f3 al descubierto tras una investigaci\u00f3n de la Unidad Fiscal de Salta, revelando la existencia de un grupo de efectivos que, lejos de combatir el crimen, lo facilitaban.<\/p>\n\n\n\n<p>El caso no solo es un golpe para la credibilidad de la ministra de Seguridad, sino que expone fallas estructurales en los controles internos de las fuerzas federales. Mientras el gobierno de Javier Milei y Bullrich insiste en la necesidad de una pol\u00edtica de \u201corden y disciplina\u201d, la complicidad delictiva dentro de Gendarmer\u00eda Nacional echa por tierra su discurso. \u00bfCu\u00e1ntos otros efectivos est\u00e1n involucrados en negocios ilegales? \u00bfCu\u00e1n profunda es la infiltraci\u00f3n del narcotr\u00e1fico en las fuerzas de seguridad?<\/p>\n\n\n\n<h2 class=\"wp-block-heading\"><strong>Narcos con uniforme: la banda dentro de Gendarmer\u00eda<\/strong><\/h2>\n\n\n\n<p>La trama qued\u00f3 al descubierto en mayo de 2024, cuando fue detenido Diego Hern\u00e1n Delgado, cabo de Gendarmer\u00eda, mientras transportaba 303 kilos de coca\u00edna en una camioneta Volkswagen Amarok. Su captura desat\u00f3 una investigaci\u00f3n que permiti\u00f3 descubrir la existencia de una organizaci\u00f3n delictiva dentro de la fuerza, compuesta por efectivos en actividad, exgendarmes y aspirantes a ingresar a la instituci\u00f3n.<\/p>\n\n\n\n<p>A trav\u00e9s del an\u00e1lisis de tel\u00e9fonos incautados, se detect\u00f3 un grupo de WhatsApp llamado <strong>\u201cLos Peluches\u201d<\/strong>, donde los involucrados compart\u00edan instrucciones sobre c\u00f3mo ocultar droga en veh\u00edculos, con m\u00e9todos que inclu\u00edan esconderla en respaldos de asientos y otros compartimentos internos. La red tambi\u00e9n contaba con contactos dentro de Gendarmer\u00eda que filtraban informaci\u00f3n sobre controles en rutas y operativos de seguridad, permitiendo que los cargamentos llegaran a destino sin inconvenientes.<\/p>\n\n\n\n<p>Entre los implicados en la causa figuran:<\/p>\n\n\n\n<ul class=\"wp-block-list\">\n<li><strong>Diego Hern\u00e1n Delgado<\/strong>, cabo de Gendarmer\u00eda en actividad.<\/li>\n\n\n\n<li><strong>Federico Rub\u00e9n Batista<\/strong>, otro gendarme en funciones.<\/li>\n\n\n\n<li><strong>Gabriel Osvaldo Ruiz Apaza<\/strong>, involucrado en la log\u00edstica.<\/li>\n\n\n\n<li><strong>Francisco Agust\u00edn Flores<\/strong>, aspirante a Gendarmer\u00eda, parte del esquema delictivo.<\/li>\n\n\n\n<li><strong>Adri\u00e1n Emilio Escarlata<\/strong>, exgendarme, clave en la organizaci\u00f3n.<\/li>\n<\/ul>\n\n\n\n<p>La estructura mafiosa no solo transportaba droga, sino que contaba con un esquema interno de protecci\u00f3n dentro de la propia Gendarmer\u00eda. Las escuchas revelaron c\u00f3mo los efectivos alertaban sobre operativos, compart\u00edan protocolos internos y daban indicaciones precisas sobre c\u00f3mo evadir retenes. En otras palabras: el Estado estaba garantizando el \u00e9xito del narcotr\u00e1fico.<\/p>\n\n\n\n<figure class=\"wp-block-image size-large is-resized is-style-rounded\"><img loading=\"lazy\" decoding=\"async\" width=\"1024\" height=\"677\" src=\"https:\/\/www.enorsai.com\/noticias\/wp-content\/uploads\/2025\/03\/1000000040-1024x677.webp\" alt=\"\" class=\"wp-image-2280\" style=\"width:557px;height:auto\" srcset=\"https:\/\/www.enorsai.com\/noticias\/wp-content\/uploads\/2025\/03\/1000000040-1024x677.webp 1024w, https:\/\/www.enorsai.com\/noticias\/wp-content\/uploads\/2025\/03\/1000000040-300x198.webp 300w, https:\/\/www.enorsai.com\/noticias\/wp-content\/uploads\/2025\/03\/1000000040-768x508.webp 768w, https:\/\/www.enorsai.com\/noticias\/wp-content\/uploads\/2025\/03\/1000000040.webp 1089w\" sizes=\"auto, (max-width: 1024px) 100vw, 1024px\" \/><\/figure>\n\n\n\n<h2 class=\"wp-block-heading\"><strong>\u00bfCu\u00e1ntos m\u00e1s? La pregunta que incomoda al gobierno<\/strong><\/h2>\n\n\n\n<p>Este esc\u00e1ndalo golpea de lleno la ret\u00f3rica de Bullrich, quien insiste en que su gesti\u00f3n persigue el delito con rigor. Sin embargo, la realidad muestra que, lejos de estar bajo control, las fuerzas de seguridad presentan <strong>serias fallas en sus mecanismos de depuraci\u00f3n y control interno<\/strong>.<\/p>\n\n\n\n<p>El problema no es menor. No se trata de un caso aislado de corrupci\u00f3n individual, sino de <strong>una estructura criminal dentro de una de las fuerzas federales m\u00e1s importantes del pa\u00eds<\/strong>. La implicaci\u00f3n de efectivos en actividad pone en duda la capacidad del gobierno para garantizar que las fuerzas de seguridad no sean, en realidad, un actor m\u00e1s dentro del negocio del narcotr\u00e1fico.<\/p>\n\n\n\n<p>Las preguntas son inevitables:<\/p>\n\n\n\n<ul class=\"wp-block-list\">\n<li>\u00bfCu\u00e1ntos otros efectivos est\u00e1n operando dentro de redes delictivas sin ser descubiertos?<\/li>\n\n\n\n<li>\u00bfQu\u00e9 medidas concretas ha tomado el Ministerio de Seguridad para evitar que casos como este se repitan?<\/li>\n\n\n\n<li>\u00bfCu\u00e1n infiltrada est\u00e1 Gendarmer\u00eda por organizaciones criminales y qu\u00e9 tan alto llega la complicidad?<\/li>\n<\/ul>\n\n\n\n<p>El discurso de Bullrich y Milei se sostiene en la idea de que la \u201cmano dura\u201d y el \u201corden\u201d son la soluci\u00f3n a todos los problemas de seguridad del pa\u00eds. Pero cuando la corrupci\u00f3n es end\u00e9mica dentro de las fuerzas que deben garantizar ese orden, el discurso se desmorona.<\/p>\n\n\n\n<div class=\"wp-block-jetpack-related-posts\">\n<h2 class=\"wp-block-heading\"><\/h2>\n<\/div>\n\n\n\n<h2 class=\"wp-block-heading\"><strong>El doble discurso de Bullrich y el gobierno de Milei<\/strong><\/h2>\n\n\n\n<p>El caso de los narcogendarmes se suma a una larga lista de esc\u00e1ndalos que revelan la <strong>falta de control real sobre las fuerzas federales<\/strong>. Mientras se habla de combatir el crimen organizado, se premia con aumentos salariales y respaldo pol\u00edtico a efectivos que, en muchos casos, terminan siendo parte del problema.<\/p>\n\n\n\n<p>No es la primera vez que la gesti\u00f3n Bullrich queda en la mira por falta de transparencia y por el accionar irregular de las fuerzas de seguridad. Durante su anterior paso por el Ministerio, su pol\u00edtica de \u201cdoctrina Chocobar\u201d habilit\u00f3 la impunidad para efectivos que actuaban fuera de la ley. Ahora, en su segundo mandato, el esc\u00e1ndalo de los gendarmes narcos deja en evidencia que el problema no es la falta de mano dura, sino la ausencia total de control interno.<\/p>\n\n\n\n<p>En lugar de plantear una estrategia seria para depurar las fuerzas de seguridad, el gobierno de Milei y Bullrich se limita a discursos efectistas y medidas cosm\u00e9ticas que no resuelven el problema de fondo. La connivencia entre agentes estatales y el crimen organizado no se combate con marketing pol\u00edtico, sino con investigaciones profundas, sanciones reales y una transformaci\u00f3n estructural que este gobierno ni siquiera parece considerar.<\/p>\n\n\n\n<h2 class=\"wp-block-heading\"><strong>Un gobierno sin respuestas ante un problema estructural<\/strong><\/h2>\n\n\n\n<p>El esc\u00e1ndalo de los narcogendarmes plantea un dilema que el gobierno de Javier Milei no puede seguir ignorando. Mientras se habla de privatizar \u00e1reas del Estado y de reducir organismos de control, la corrupci\u00f3n dentro de las fuerzas de seguridad sigue operando con total impunidad.<\/p>\n\n\n\n<p>Este caso es solo una muestra de un problema mucho m\u00e1s profundo: la degradaci\u00f3n institucional de las fuerzas de seguridad y la falta de control sobre sus integrantes. La gesti\u00f3n Bullrich, lejos de ser una garant\u00eda de transparencia y lucha contra el delito, est\u00e1 demostrando ser un caldo de cultivo para la corrupci\u00f3n y la infiltraci\u00f3n criminal.<\/p>\n\n\n\n<p>La pregunta es si el gobierno est\u00e1 dispuesto a tomar medidas reales o si, como hasta ahora, seguir\u00e1 mirando para otro lado mientras el narcotr\u00e1fico se infiltra cada vez m\u00e1s en el coraz\u00f3n del Estado.<\/p>\n\n\n\n<p>Fuente <\/p>\n\n\n\n<ul class=\"wp-block-list\">\n<li>https:\/\/noticiasargentinas.com\/politica\/narcogendarmes-y-complicidad-interna&#8211;la-trama-que-golpea-la-gestion-de-patricia-bullrich_a67c9f7bbe2ceba33384abc4d<\/li>\n<\/ul>\n\n\n","protected":false},"excerpt":{"rendered":"<p>La Gendarmer\u00eda, infiltrada por el narcotr\u00e1fico, expone la debilidad estructural del Ministerio de Seguridad El esc\u00e1ndalo que sacude a la gesti\u00f3n Bullrich: efectivos en actividad y exmiembros de Gendarmer\u00eda operaban una red de tr\u00e1fico de coca\u00edna mientras el gobierno promete \u00abmano dura\u00bb La promesa de una lucha frontal contra el narcotr\u00e1fico, repetida hasta el hartazgo&#8230;<\/p>\n","protected":false},"author":2,"featured_media":2279,"comment_status":"open","ping_status":"open","sticky":false,"template":"","format":"standard","meta":{"_monsterinsights_skip_tracking":false,"_monsterinsights_sitenote_active":false,"_monsterinsights_sitenote_note":"","_monsterinsights_sitenote_category":0,"footnotes":"","jetpack_publicize_message":"","jetpack_publicize_feature_enabled":true,"jetpack_social_post_already_shared":true,"jetpack_social_options":{"image_generator_settings":{"template":"highway","default_image_id":0,"font":"","enabled":false},"version":2}},"categories":[2],"tags":[],"class_list":["post-2278","post","type-post","status-publish","format-standard","has-post-thumbnail","hentry","category-politica"],"jetpack_publicize_connections":[],"_links":{"self":[{"href":"https:\/\/www.enorsai.com\/noticias\/wp-json\/wp\/v2\/posts\/2278","targetHints":{"allow":["GET"]}}],"collection":[{"href":"https:\/\/www.enorsai.com\/noticias\/wp-json\/wp\/v2\/posts"}],"about":[{"href":"https:\/\/www.enorsai.com\/noticias\/wp-json\/wp\/v2\/types\/post"}],"author":[{"embeddable":true,"href":"https:\/\/www.enorsai.com\/noticias\/wp-json\/wp\/v2\/users\/2"}],"replies":[{"embeddable":true,"href":"https:\/\/www.enorsai.com\/noticias\/wp-json\/wp\/v2\/comments?post=2278"}],"version-history":[{"count":1,"href":"https:\/\/www.enorsai.com\/noticias\/wp-json\/wp\/v2\/posts\/2278\/revisions"}],"predecessor-version":[{"id":2281,"href":"https:\/\/www.enorsai.com\/noticias\/wp-json\/wp\/v2\/posts\/2278\/revisions\/2281"}],"wp:featuredmedia":[{"embeddable":true,"href":"https:\/\/www.enorsai.com\/noticias\/wp-json\/wp\/v2\/media\/2279"}],"wp:attachment":[{"href":"https:\/\/www.enorsai.com\/noticias\/wp-json\/wp\/v2\/media?parent=2278"}],"wp:term":[{"taxonomy":"category","embeddable":true,"href":"https:\/\/www.enorsai.com\/noticias\/wp-json\/wp\/v2\/categories?post=2278"},{"taxonomy":"post_tag","embeddable":true,"href":"https:\/\/www.enorsai.com\/noticias\/wp-json\/wp\/v2\/tags?post=2278"}],"curies":[{"name":"wp","href":"https:\/\/api.w.org\/{rel}","templated":true}]}}