{"id":2265,"date":"2025-03-06T08:05:09","date_gmt":"2025-03-06T11:05:09","guid":{"rendered":"https:\/\/www.enorsai.com\/noticias\/?p=2265"},"modified":"2025-03-06T08:05:25","modified_gmt":"2025-03-06T11:05:25","slug":"no-tienen-paz-otro-feroz-cruce-entre-macri-y-bullrich-por-la-fuga-de-presos","status":"publish","type":"post","link":"https:\/\/www.enorsai.com\/noticias\/politica\/no-tienen-paz-otro-feroz-cruce-entre-macri-y-bullrich-por-la-fuga-de-presos\/","title":{"rendered":"No tienen paz: otro feroz cruce entre Macri y Bullrich por la fuga de presos"},"content":{"rendered":"\n<p><strong><em>La disputa entre los dirigentes comenz\u00f3 por el manejo de los presos en la capital y se extendi\u00f3 a redes sociales con duras acusaciones.<\/em><\/strong><\/p>\n\n\n\n<p>La interna dentro del PRO estall\u00f3 en las redes sociales con un fuerte cruce entre Patricia Bullrich y Mauricio Macri por la crisis carcelaria en la Ciudad de Buenos Aires.<\/p>\n\n\n\n<p>En medio de una creciente tensi\u00f3n por la seguridad, las palabras de ambos exmandatarios mostraron no solo sus diferencias pol\u00edticas, sino tambi\u00e9n el grado de fractura que atraviesa la oposici\u00f3n.<\/p>\n\n\n\n<p>La ministra de Seguridad apunt\u00f3 sin filtros contra el expresidente, acus\u00e1ndolo de usar la seguridad como un bot\u00edn pol\u00edtico, mientras que Macri la responsabiliz\u00f3 por no hacerse cargo del problema.<\/p>\n\n\n\n<p>Todo comenz\u00f3 con un reclamo de Jorge Macri, quien denunci\u00f3 que el 90% de los presos en la Ciudad pertenecen al Servicio Penitenciario Federal y exigi\u00f3 que sean trasladados.<\/p>\n\n\n\n<p>En ese marco, el ministro de Seguridad porte\u00f1o exigi\u00f3 a la ministra Bullrich un plan concreto y fechas precisas para trasladar a los detenidos a c\u00e1rceles federales. \u201cLas comisar\u00edas no son c\u00e1rceles, los polic\u00edas no son guardiac\u00e1rceles. Necesitamos a los polic\u00edas en las calles, protegiendo a los porte\u00f1os, no a los presos\u201d, subray\u00f3, quien, visiblemente molesto, pidi\u00f3 soluciones r\u00e1pidas para aliviar la presi\u00f3n que enfrentan las fuerzas de seguridad de la Ciudad.<\/p>\n\n\n\n<p>Mauricio Macri respald\u00f3 el planteo con dureza: \u201cLos casi 27.000 polic\u00edas que tiene la Ciudad tienen que estar al servicio de cuidar las calles y a los porte\u00f1os, no a los presos\u201d.<\/p>\n\n\n\n<p>En su mensaje, el ex presidente recalc\u00f3 que la situaci\u00f3n no pod\u00eda seguir as\u00ed y que el gobierno de la Ciudad estaba haciendo lo posible para atender el problema, pero que la Naci\u00f3n deb\u00eda hacerse cargo de los presos que corresponden al sistema federal: \u00abEl Ministerio de Seguridad y el Servicio Penitenciario Federal tienen que cumplir con su responsabilidad. La Ciudad est\u00e1 para ayudar, pero las comisar\u00edas no son c\u00e1rceles\u201d.<\/p>\n\n\n\n<p>Pero Bullrich no tard\u00f3 en responderle y lo hizo con artiller\u00eda pesada: \u201cMacri, Mauricio, el pa\u00eds requiere que ustedes dejen de pensar en sus intereses particulares y usar la Ciudad de bot\u00edn. Se acab\u00f3 esa Argentina\u201d, lanz\u00f3 en X, dejando en claro que la Naci\u00f3n no se har\u00e1 cargo de los presos de la Ciudad.<\/p>\n\n\n\n<p>En un tono a\u00fan m\u00e1s confrontativo, la ministra le record\u00f3 que la c\u00e1rcel de Marcos Paz, que deb\u00eda estar lista en 2020, sigue inconclusa y responsabiliz\u00f3 a su gesti\u00f3n por el hacinamiento de 2.000 detenidos. \u201cSe quedaron con la polic\u00eda, se quedaron con la c\u00e1rcel de Devoto, pero pretenden que el resto del pa\u00eds les banque los presos\u201d, dispar\u00f3.<\/p>\n\n\n\n<p>Y cerr\u00f3 con una frase demoledora: \u201cGestionar la seguridad no es dise\u00f1ar uniformes\u201d, un mensaje directo contra Macri y su espacio.<\/p>\n\n\n\n<p>Por Ezequiel Bucetto para Data Diario<\/p>\n","protected":false},"excerpt":{"rendered":"<p>La disputa entre los dirigentes comenz\u00f3 por el manejo de los presos en la capital y se extendi\u00f3 a redes sociales con duras acusaciones. La interna dentro del PRO estall\u00f3 en las redes sociales con un fuerte cruce entre Patricia Bullrich y Mauricio Macri por la crisis carcelaria en la Ciudad de Buenos Aires. En&#8230;<\/p>\n","protected":false},"author":5,"featured_media":2266,"comment_status":"open","ping_status":"open","sticky":false,"template":"","format":"standard","meta":{"_monsterinsights_skip_tracking":false,"_monsterinsights_sitenote_active":false,"_monsterinsights_sitenote_note":"","_monsterinsights_sitenote_category":0,"footnotes":"","jetpack_publicize_message":"","jetpack_publicize_feature_enabled":true,"jetpack_social_post_already_shared":true,"jetpack_social_options":{"image_generator_settings":{"template":"highway","default_image_id":0,"font":"","enabled":false},"version":2}},"categories":[2],"tags":[262,43,132,514],"class_list":["post-2265","post","type-post","status-publish","format-standard","has-post-thumbnail","hentry","category-politica","tag-bullrich","tag-crisis","tag-inseguridad","tag-macri"],"jetpack_publicize_connections":[],"_links":{"self":[{"href":"https:\/\/www.enorsai.com\/noticias\/wp-json\/wp\/v2\/posts\/2265","targetHints":{"allow":["GET"]}}],"collection":[{"href":"https:\/\/www.enorsai.com\/noticias\/wp-json\/wp\/v2\/posts"}],"about":[{"href":"https:\/\/www.enorsai.com\/noticias\/wp-json\/wp\/v2\/types\/post"}],"author":[{"embeddable":true,"href":"https:\/\/www.enorsai.com\/noticias\/wp-json\/wp\/v2\/users\/5"}],"replies":[{"embeddable":true,"href":"https:\/\/www.enorsai.com\/noticias\/wp-json\/wp\/v2\/comments?post=2265"}],"version-history":[{"count":2,"href":"https:\/\/www.enorsai.com\/noticias\/wp-json\/wp\/v2\/posts\/2265\/revisions"}],"predecessor-version":[{"id":2268,"href":"https:\/\/www.enorsai.com\/noticias\/wp-json\/wp\/v2\/posts\/2265\/revisions\/2268"}],"wp:featuredmedia":[{"embeddable":true,"href":"https:\/\/www.enorsai.com\/noticias\/wp-json\/wp\/v2\/media\/2266"}],"wp:attachment":[{"href":"https:\/\/www.enorsai.com\/noticias\/wp-json\/wp\/v2\/media?parent=2265"}],"wp:term":[{"taxonomy":"category","embeddable":true,"href":"https:\/\/www.enorsai.com\/noticias\/wp-json\/wp\/v2\/categories?post=2265"},{"taxonomy":"post_tag","embeddable":true,"href":"https:\/\/www.enorsai.com\/noticias\/wp-json\/wp\/v2\/tags?post=2265"}],"curies":[{"name":"wp","href":"https:\/\/api.w.org\/{rel}","templated":true}]}}