{"id":2254,"date":"2025-03-06T05:54:29","date_gmt":"2025-03-06T08:54:29","guid":{"rendered":"http:\/\/www.enorsai.com\/noticias\/?p=2254"},"modified":"2025-03-06T05:54:29","modified_gmt":"2025-03-06T08:54:29","slug":"el-ajuste-de-milei-es-un-experimento-peligroso-donde-le-estan-sacando-recursos-a-los-trabajadores-para-entregarselos-a-los-especuladores","status":"publish","type":"post","link":"https:\/\/www.enorsai.com\/noticias\/politica\/el-ajuste-de-milei-es-un-experimento-peligroso-donde-le-estan-sacando-recursos-a-los-trabajadores-para-entregarselos-a-los-especuladores\/","title":{"rendered":"El ajuste de Milei es un experimento peligroso donde \u00able est\u00e1n sacando recursos a los trabajadores para entreg\u00e1rselos a los especuladores\u00bb"},"content":{"rendered":"\n<p>El gobernador de la provincia de Buenos Aires, Axel Kicillof, brind\u00f3 una entrevista en C5N donde expuso con contundencia las consecuencias devastadoras de las pol\u00edticas de Javier Milei. En un contexto de crisis social y econ\u00f3mica profundizada por el gobierno libertario, Kicillof desmantel\u00f3 los argumentos oficialistas y advirti\u00f3 sobre el impacto de un modelo que favorece la especulaci\u00f3n financiera, el endeudamiento y el ajuste brutal.<\/p>\n\n\n\n<h3 class=\"wp-block-heading\">El ajuste como \u00fanica pol\u00edtica<\/h3>\n\n\n\n<p>Desde su asunci\u00f3n, Javier Milei ha aplicado un ajuste feroz que impacta directamente en los sectores m\u00e1s vulnerables. Kicillof remarc\u00f3 que el recorte de gasto p\u00fablico y la licuaci\u00f3n de salarios y jubilaciones no son medidas de estabilizaci\u00f3n, sino un saqueo planificado. \u00abLe est\u00e1n sacando recursos a los trabajadores para entreg\u00e1rselos a los especuladores\u00bb, afirm\u00f3 el gobernador.<\/p>\n\n\n\n<p>Este modelo de ajuste no es novedoso en Argentina. Durante la gesti\u00f3n de Mauricio Macri, la misma receta de endeudamiento, devaluaci\u00f3n y fuga de capitales llev\u00f3 al pa\u00eds al colapso. Sin embargo, Milei radicaliza esta pol\u00edtica al presentar el recorte del Estado como un objetivo en s\u00ed mismo, sin ninguna estrategia de desarrollo productivo.<\/p>\n\n\n\n<figure class=\"wp-block-embed is-type-video is-provider-youtube wp-block-embed-youtube wp-embed-aspect-16-9 wp-has-aspect-ratio\"><div class=\"wp-block-embed__wrapper\">\n<iframe loading=\"lazy\" title=\"&quot;PEDIRME la RENUNCIA es GRAV\u00cdSIMO&quot;: la palabra EXCLUSIVA de AXEL KICILLOF\" width=\"640\" height=\"360\" src=\"https:\/\/www.youtube.com\/embed\/tpekZvlor6U?feature=oembed\" frameborder=\"0\" allow=\"accelerometer; autoplay; clipboard-write; encrypted-media; gyroscope; picture-in-picture; web-share\" referrerpolicy=\"strict-origin-when-cross-origin\" allowfullscreen><\/iframe>\n<\/div><\/figure>\n\n\n\n<h3 class=\"wp-block-heading\">Hambre y destrucci\u00f3n del poder adquisitivo<\/h3>\n\n\n\n<p>Uno de los puntos m\u00e1s alarmantes se\u00f1alados por Kicillof fue la brutal ca\u00edda del consumo y el aumento de la pobreza. \u00abNo hay crecimiento posible si la gente no tiene para comer\u00bb, sentenci\u00f3. Las cifras confirman su diagn\u00f3stico: la inflaci\u00f3n descontrolada, con aumentos en alimentos que superan el 50% en los primeros meses del a\u00f1o, ha empujado a millones de personas a la indigencia.<\/p>\n\n\n\n<p>El impacto en la provincia de Buenos Aires es particularmente grave. Con una poblaci\u00f3n de m\u00e1s de 17 millones de habitantes, la reducci\u00f3n de transferencias por parte del gobierno nacional agrava la situaci\u00f3n de los municipios, que deben afrontar mayores demandas sociales con menos recursos. \u00abNos han sacado el Fondo de Fortalecimiento Fiscal y no giran fondos para la educaci\u00f3n ni la salud. Es una asfixia financiera\u00bb, denunci\u00f3 Kicillof.<\/p>\n\n\n\n<h3 class=\"wp-block-heading\">Privatizaci\u00f3n y entrega de recursos estrat\u00e9gicos<\/h3>\n\n\n\n<p>El gobernador tambi\u00e9n apunt\u00f3 contra el desguace del Estado y la entrega de sectores estrat\u00e9gicos a grupos privados. \u00abMilei gobierna para los grandes grupos econ\u00f3micos. No le interesa la industria nacional ni la soberan\u00eda energ\u00e9tica\u00bb, sostuvo. Entre las medidas m\u00e1s preocupantes, mencion\u00f3 la intenci\u00f3n de privatizar Aerol\u00edneas Argentinas, YPF y el sistema ferroviario, todas iniciativas que buscan beneficiar a corporaciones extranjeras en detrimento del inter\u00e9s nacional.<\/p>\n\n\n\n<p>En el caso de YPF, Kicillof record\u00f3 que la recuperaci\u00f3n de la petrolera permiti\u00f3 el desarrollo de Vaca Muerta, que hoy representa una fuente clave de divisas para Argentina. \u00abSi la vuelven a privatizar, lo que est\u00e1n haciendo es regalarle a las multinacionales la posibilidad de extraer nuestros recursos sin que el pa\u00eds reciba ning\u00fan beneficio\u00bb, advirti\u00f3.<\/p>\n\n\n\n<div class=\"wp-block-jetpack-related-posts\">\n<h2 class=\"wp-block-heading\"><\/h2>\n<\/div>\n\n\n\n<h3 class=\"wp-block-heading\">Un gobierno sin rumbo ni plan de crecimiento<\/h3>\n\n\n\n<p>Kicillof desmont\u00f3 el discurso de la \u00abcasta\u00bb promovido por Milei y evidenci\u00f3 la contradicci\u00f3n de un gobierno que se presenta como anti-pol\u00edtica pero que est\u00e1 repleto de exfuncionarios del macrismo y del establishment financiero. \u00abNo hay una sola medida a favor del pueblo. Todo lo que han hecho es beneficiar a los grandes bancos, a las energ\u00e9ticas y a los especuladores\u00bb, sentenci\u00f3.<\/p>\n\n\n\n<p>El gobernador tambi\u00e9n critic\u00f3 la falta de un plan de desarrollo: \u00abLa \u00fanica idea de Milei es recortar. No tiene pol\u00edtica industrial, no tiene estrategia de inversi\u00f3n en ciencia y tecnolog\u00eda, y est\u00e1 destruyendo el sistema educativo y de salud\u00bb. Esta visi\u00f3n cortoplacista, seg\u00fan Kicillof, condena al pa\u00eds a un modelo extractivista sin generaci\u00f3n de empleo ni valor agregado.<\/p>\n\n\n\n<h3 class=\"wp-block-heading\">La necesidad de una alternativa pol\u00edtica<\/h3>\n\n\n\n<p>Frente a este panorama desolador, Kicillof llam\u00f3 a construir una alternativa que defienda el trabajo, la producci\u00f3n y la justicia social. \u00abNo podemos resignarnos a un pa\u00eds donde la gente se muere de hambre mientras los bancos hacen fortunas con la bicicleta financiera\u00bb, sostuvo. Adem\u00e1s, destac\u00f3 la importancia de la organizaci\u00f3n popular para frenar el avance del neoliberalismo extremo: \u00abEl pueblo argentino ya demostr\u00f3 que cuando se pone de pie, puede cambiar la historia\u00bb.<\/p>\n\n\n\n<p>En definitiva, la entrevista de Axel Kicillof en C5N dej\u00f3 en evidencia el car\u00e1cter destructivo del gobierno de Javier Milei y la urgencia de consolidar un proyecto pol\u00edtico que ponga en el centro las necesidades de la mayor\u00eda. Mientras Milei insiste en su ajuste salvaje, la resistencia crece y se fortalece. La disputa por el futuro del pa\u00eds est\u00e1 en marcha.<\/p>\n\n\n","protected":false},"excerpt":{"rendered":"<p>El gobernador Axel Kicillof advierte sobre la devastaci\u00f3n econ\u00f3mica del ajuste de Javier Milei: pobreza r\u00e9cord, crisis alimentaria y entrega del pa\u00eds al capital financiero. Mientras la deuda crece y los salarios caen, el modelo libertario profundiza la desigualdad y destruye el futuro de millones.<\/p>\n","protected":false},"author":1,"featured_media":2255,"comment_status":"open","ping_status":"open","sticky":false,"template":"","format":"standard","meta":{"_monsterinsights_skip_tracking":false,"_monsterinsights_sitenote_active":false,"_monsterinsights_sitenote_note":"","_monsterinsights_sitenote_category":0,"footnotes":"","jetpack_publicize_message":"\ud83d\udd25 Argentina en llamas: el ajuste de Milei arrasa con salarios, destruye el consumo y deja en la miseria a millones. \ud83d\udcc9\ud83d\udcb0 Axel Kicillof advierte sobre la entrega del pa\u00eds al poder financiero.","jetpack_publicize_feature_enabled":true,"jetpack_social_post_already_shared":false,"jetpack_social_options":{"image_generator_settings":{"template":"highway","enabled":false},"version":2}},"categories":[2],"tags":[58,43,26,15,90,227,104,605,45,475],"class_list":["post-2254","post","type-post","status-publish","format-standard","has-post-thumbnail","hentry","category-politica","tag-ajuste","tag-crisis","tag-deuda","tag-economia","tag-fmi","tag-inflacion","tag-kicillof","tag-libertarios","tag-milei","tag-pobreza"],"jetpack_publicize_connections":[],"_links":{"self":[{"href":"https:\/\/www.enorsai.com\/noticias\/wp-json\/wp\/v2\/posts\/2254","targetHints":{"allow":["GET"]}}],"collection":[{"href":"https:\/\/www.enorsai.com\/noticias\/wp-json\/wp\/v2\/posts"}],"about":[{"href":"https:\/\/www.enorsai.com\/noticias\/wp-json\/wp\/v2\/types\/post"}],"author":[{"embeddable":true,"href":"https:\/\/www.enorsai.com\/noticias\/wp-json\/wp\/v2\/users\/1"}],"replies":[{"embeddable":true,"href":"https:\/\/www.enorsai.com\/noticias\/wp-json\/wp\/v2\/comments?post=2254"}],"version-history":[{"count":1,"href":"https:\/\/www.enorsai.com\/noticias\/wp-json\/wp\/v2\/posts\/2254\/revisions"}],"predecessor-version":[{"id":2256,"href":"https:\/\/www.enorsai.com\/noticias\/wp-json\/wp\/v2\/posts\/2254\/revisions\/2256"}],"wp:featuredmedia":[{"embeddable":true,"href":"https:\/\/www.enorsai.com\/noticias\/wp-json\/wp\/v2\/media\/2255"}],"wp:attachment":[{"href":"https:\/\/www.enorsai.com\/noticias\/wp-json\/wp\/v2\/media?parent=2254"}],"wp:term":[{"taxonomy":"category","embeddable":true,"href":"https:\/\/www.enorsai.com\/noticias\/wp-json\/wp\/v2\/categories?post=2254"},{"taxonomy":"post_tag","embeddable":true,"href":"https:\/\/www.enorsai.com\/noticias\/wp-json\/wp\/v2\/tags?post=2254"}],"curies":[{"name":"wp","href":"https:\/\/api.w.org\/{rel}","templated":true}]}}