{"id":2250,"date":"2025-03-06T05:33:38","date_gmt":"2025-03-06T08:33:38","guid":{"rendered":"http:\/\/www.enorsai.com\/noticias\/?p=2250"},"modified":"2025-03-06T05:33:38","modified_gmt":"2025-03-06T08:33:38","slug":"el-terror-de-milei-el-dolar-al-borde-del-abismo-y-la-sombra-de-cavallo","status":"publish","type":"post","link":"https:\/\/www.enorsai.com\/noticias\/politica\/el-terror-de-milei-el-dolar-al-borde-del-abismo-y-la-sombra-de-cavallo\/","title":{"rendered":"El terror de Milei: El d\u00f3lar al borde del abismo y la sombra de Cavallo"},"content":{"rendered":"\n<p>La econom\u00eda argentina atraviesa un momento de extrema fragilidad. En su editorial en El Destape 1070, el periodista Roberto Navarro revel\u00f3 que el propio Javier Milei teme que el d\u00f3lar alcance los 2.000 pesos si no se toman medidas urgentes. La informaci\u00f3n es alarmante y deja en evidencia las contradicciones del modelo libertario, que desde diciembre ha visto c\u00f3mo la salida de capitales se acelera, el riesgo pa\u00eds se dispara y el Banco Central interviene con maniobras desesperadas para contener la situaci\u00f3n.<\/p>\n\n\n\n<h3 class=\"wp-block-heading\">La receta de Cavallo: \u00bfuna soluci\u00f3n o una bomba de tiempo?<\/h3>\n\n\n\n<p>De acuerdo con Navarro, Milei recibi\u00f3 el consejo de Domingo Cavallo, el exministro de Econom\u00eda de Carlos Menem y art\u00edfice del corralito de 2001. La sugerencia fue clara: ajustar el d\u00f3lar oficial entre 1.400 y 1.450 pesos para evitar que se dispare a los 2.000. \u00bfAcaso el libertario se encuentra sin opciones y obligado a escuchar a los mismos arquitectos de crisis pasadas?<\/p>\n\n\n\n<p>El plan de Milei para contener la inflaci\u00f3n se basaba en la estabilidad cambiaria. Sin embargo, las intervenciones del Banco Central han drenado reservas y la fuga de capitales ha socavado la confianza del mercado. En este contexto, las advertencias de Cavallo suenan m\u00e1s a un presagio que a una estrategia viable.<\/p>\n\n\n\n<figure class=\"wp-block-embed is-type-video is-provider-youtube wp-block-embed-youtube wp-embed-aspect-16-9 wp-has-aspect-ratio\"><div class=\"wp-block-embed__wrapper\">\n<iframe loading=\"lazy\" title=\"EL TERROR DE MILEI DE QUE SE LE VAYA EL D\u00d3LAR A LA MIER** | Editorial de Roberto Navarro\" width=\"640\" height=\"360\" src=\"https:\/\/www.youtube.com\/embed\/prjQOvfr2to?feature=oembed\" frameborder=\"0\" allow=\"accelerometer; autoplay; clipboard-write; encrypted-media; gyroscope; picture-in-picture; web-share\" referrerpolicy=\"strict-origin-when-cross-origin\" allowfullscreen><\/iframe>\n<\/div><\/figure>\n\n\n\n<h3 class=\"wp-block-heading\">El miedo a la devaluaci\u00f3n y la presi\u00f3n del FMI<\/h3>\n\n\n\n<p>Navarro tambi\u00e9n se\u00f1al\u00f3 que el FMI podr\u00eda estar presionando a Milei para que acelere una devaluaci\u00f3n controlada. Desde diciembre, la estrategia del Gobierno ha sido evitar la correcci\u00f3n cambiaria a toda costa, pero la realidad econ\u00f3mica se impone. Con una inflaci\u00f3n galopante y un modelo de ajuste extremo, la estabilidad cambiaria parece una ilusi\u00f3n.<\/p>\n\n\n\n<p>Si el d\u00f3lar sube descontroladamente, la devaluaci\u00f3n podr\u00eda convertirse en un golpe mortal para la econom\u00eda dom\u00e9stica. Salarios pulverizados, consumo desplomado y un crecimiento de la pobreza que podr\u00eda ser irreversible. Aun as\u00ed, la decisi\u00f3n de Milei sigue atada a su dogmatismo y a su relaci\u00f3n con el poder financiero internacional.<\/p>\n\n\n\n<div class=\"wp-block-jetpack-related-posts\">\n<h2 class=\"wp-block-heading\"><\/h2>\n<\/div>\n\n\n\n<h3 class=\"wp-block-heading\">La tormenta perfecta: fuga de capitales, inflaci\u00f3n y guerra comercial<\/h3>\n\n\n\n<p>Como si el escenario nacional no fuera lo suficientemente complicado, Navarro advirti\u00f3 sobre el impacto de la guerra comercial iniciada por Donald Trump. Las tensiones en el mercado global podr\u00edan afectar negativamente a la fr\u00e1gil econom\u00eda argentina, reduciendo las expectativas de inversi\u00f3n y profundizando la crisis cambiaria.<\/p>\n\n\n\n<p>Milei enfrenta un dilema que podr\u00eda definir su futuro pol\u00edtico: ceder ante el FMI y devaluar de manera controlada o seguir sosteniendo una ficci\u00f3n cambiaria que podr\u00eda explotar en cualquier momento. En cualquiera de los escenarios, la crisis ya golpea con fuerza y el \u00abmodelo de la libertad\u00bb tambalea ante la realidad econ\u00f3mica.<\/p>\n\n\n\n<h3 class=\"wp-block-heading\"><\/h3>\n\n\n\n<p>El miedo de Milei a una disparada del d\u00f3lar no es infundado. La econom\u00eda argentina est\u00e1 al borde de un nuevo colapso y las medidas desesperadas no han logrado contener la hemorragia. La sombra de Cavallo reaparece con recetas recicladas que podr\u00edan agravar la situaci\u00f3n. \u00bfCu\u00e1nto tiempo podr\u00e1 el Gobierno evitar lo inevitable? La respuesta podr\u00eda llegar antes de lo que muchos esperan.<\/p>\n\n\n\n\n\n<p><\/p>\n","protected":false},"excerpt":{"rendered":"<p>El d\u00f3lar se dispara y el gobierno de Milei no tiene respuestas. Con una econom\u00eda en crisis y Cavallo como fantasma asesor, el modelo libertario tambalea. La deuda crece, la inflaci\u00f3n no cede y el ajuste brutal asfixia a los trabajadores. \u00bfCu\u00e1nto m\u00e1s podr\u00e1 sostenerse esta bomba de tiempo?<\/p>\n","protected":false},"author":1,"featured_media":2252,"comment_status":"open","ping_status":"open","sticky":false,"template":"","format":"standard","meta":{"_monsterinsights_skip_tracking":false,"_monsterinsights_sitenote_active":false,"_monsterinsights_sitenote_note":"","_monsterinsights_sitenote_category":0,"footnotes":"","jetpack_publicize_message":"El d\u00f3lar se escapa, la econom\u00eda se hunde y Milei no tiene respuestas. \ud83d\udcb8 Con Cavallo como asesor en las sombras, el ajuste solo destruye a los trabajadores. \u00bfOtra vez el mismo desastre? \ud83d\udea8","jetpack_publicize_feature_enabled":true,"jetpack_social_post_already_shared":false,"jetpack_social_options":{"image_generator_settings":{"template":"highway","enabled":false},"version":2}},"categories":[2],"tags":[58,390,43,26,282,15,90,227,45,520,101],"class_list":["post-2250","post","type-post","status-publish","format-standard","has-post-thumbnail","hentry","category-politica","tag-ajuste","tag-cavallo","tag-crisis","tag-deuda","tag-dolar","tag-economia","tag-fmi","tag-inflacion","tag-milei","tag-navarro","tag-recesion"],"jetpack_publicize_connections":[],"_links":{"self":[{"href":"https:\/\/www.enorsai.com\/noticias\/wp-json\/wp\/v2\/posts\/2250","targetHints":{"allow":["GET"]}}],"collection":[{"href":"https:\/\/www.enorsai.com\/noticias\/wp-json\/wp\/v2\/posts"}],"about":[{"href":"https:\/\/www.enorsai.com\/noticias\/wp-json\/wp\/v2\/types\/post"}],"author":[{"embeddable":true,"href":"https:\/\/www.enorsai.com\/noticias\/wp-json\/wp\/v2\/users\/1"}],"replies":[{"embeddable":true,"href":"https:\/\/www.enorsai.com\/noticias\/wp-json\/wp\/v2\/comments?post=2250"}],"version-history":[{"count":1,"href":"https:\/\/www.enorsai.com\/noticias\/wp-json\/wp\/v2\/posts\/2250\/revisions"}],"predecessor-version":[{"id":2253,"href":"https:\/\/www.enorsai.com\/noticias\/wp-json\/wp\/v2\/posts\/2250\/revisions\/2253"}],"wp:featuredmedia":[{"embeddable":true,"href":"https:\/\/www.enorsai.com\/noticias\/wp-json\/wp\/v2\/media\/2252"}],"wp:attachment":[{"href":"https:\/\/www.enorsai.com\/noticias\/wp-json\/wp\/v2\/media?parent=2250"}],"wp:term":[{"taxonomy":"category","embeddable":true,"href":"https:\/\/www.enorsai.com\/noticias\/wp-json\/wp\/v2\/categories?post=2250"},{"taxonomy":"post_tag","embeddable":true,"href":"https:\/\/www.enorsai.com\/noticias\/wp-json\/wp\/v2\/tags?post=2250"}],"curies":[{"name":"wp","href":"https:\/\/api.w.org\/{rel}","templated":true}]}}