{"id":2247,"date":"2025-03-05T10:05:42","date_gmt":"2025-03-05T13:05:42","guid":{"rendered":"http:\/\/www.enorsai.com\/noticias\/?p=2247"},"modified":"2025-03-06T06:21:09","modified_gmt":"2025-03-06T09:21:09","slug":"victor-hugo-morales-hay-que-ser-muy-roto-para-estar-del-lado-milei-de-la-vida","status":"publish","type":"post","link":"https:\/\/www.enorsai.com\/noticias\/opinion\/victor-hugo-morales-hay-que-ser-muy-roto-para-estar-del-lado-milei-de-la-vida\/","title":{"rendered":"V\u00edctor Hugo Morales: \u00abHay que ser muy roto para estar del lado Milei de la vida\u00bb"},"content":{"rendered":"\n<p>El reconocido periodista arremete contra las pol\u00edticas del presidente Javier Milei, cuestionando su moralidad y las consecuencias de su gesti\u00f3n econ\u00f3mica. En su reciente editorial, V\u00edctor Hugo Morales critica duramente al presidente Javier Milei, se\u00f1alando la inmoralidad de su gobierno y las medidas econ\u00f3micas que, seg\u00fan \u00e9l, buscan \u00fanicamente salvar las pr\u00f3ximas elecciones con el respaldo de las principales corporaciones del pa\u00eds.<\/p>\n\n\n\n<p>En una sociedad donde la \u00e9tica y la moral deber\u00edan ser pilares fundamentales, el periodista V\u00edctor Hugo Morales lanza una cr\u00edtica feroz contra el presidente Javier Milei, cuestionando no solo sus pol\u00edticas econ\u00f3micas, sino tambi\u00e9n la integridad moral de su administraci\u00f3n. \u00abHay que ser muy roto para estar del lado Milei de la vida\u00bb, sentencia Morales, reflejando el desencanto y la preocupaci\u00f3n de una parte significativa de la poblaci\u00f3n argentina.<\/p>\n\n\n\n<p>La administraci\u00f3n de Milei ha estado marcada por decisiones controvertidas que, seg\u00fan Morales, buscan \u00fanicamente perpetuarse en el poder a cualquier costo. Una de las principales cr\u00edticas radica en el endeudamiento millonario que el gobierno est\u00e1 negociando con el Fondo Monetario Internacional (FMI). Morales destaca que el objetivo central del Ejecutivo es llegar a las elecciones de medio t\u00e9rmino sin sobresaltos cambiarios, contando para ello con el respaldo de las principales corporaciones del pa\u00eds. Esta estrategia, seg\u00fan el periodista, es una muestra m\u00e1s de la falta de \u00e9tica y compromiso con el bienestar de la naci\u00f3n.<\/p>\n\n\n\n<iframe loading=\"lazy\" width=\"100%\" height=\"65px\" scrolling=\"no\" frameborder=\"no\" src=\"\/\/radiocut.fm\/audiocut\/embed\/mini\/editorial-victor-hugo-sobre-milei\/\" ><\/iframe>\n\n\n\n<p>El periodista subraya la contradicci\u00f3n en el discurso de Milei, quien en el pasado calific\u00f3 de inmoral la toma de deuda y ahora se arrodilla ante el FMI. Esta dualidad, seg\u00fan Morales, es una estafa a miles de ciudadanos por parte de una banda de \u00abro\u00f1osos morales\u00bb. La quema de d\u00f3lares para mantener un d\u00f3lar barato es otra de las pr\u00e1cticas que Morales critica con vehemencia, se\u00f1alando que el actual gobierno ha gastado m\u00e1s del doble que las administraciones anteriores en este intento desesperado por controlar la econom\u00eda.<\/p>\n\n\n\n<p>La estrategia de Milei parece clara: llegar a octubre y salvar las elecciones, contando con el respaldo silencioso de la Asociaci\u00f3n Empresaria Argentina (AEA), los medios mafiosos y aquellos que participan en coloquios como el de IDEA, que, seg\u00fan Morales, son \u00ablas charlas del lobo y caperucita, hechos para comerte mejor a la Argentina\u00bb. Esta alianza entre el gobierno y las grandes corporaciones es vista por el periodista como una traici\u00f3n al pueblo argentino, que sufre las consecuencias de pol\u00edticas econ\u00f3micas que benefician a unos pocos en detrimento de la mayor\u00eda.<\/p>\n\n\n\n<p>La cr\u00edtica de Morales no se limita \u00fanicamente a las pol\u00edticas econ\u00f3micas. El periodista tambi\u00e9n cuestiona la moralidad de aquellos que apoyan a Milei, calific\u00e1ndolos de \u00abrotos del alma\u00bb que han permitido la ascensi\u00f3n de un personaje sin una sola actitud que pueda ser celebrada por una cuesti\u00f3n \u00e9tica. Esta afirmaci\u00f3n refleja el profundo desencanto y la preocupaci\u00f3n por el rumbo que est\u00e1 tomando el pa\u00eds bajo la actual administraci\u00f3n.<\/p>\n\n\n\n<p>La gesti\u00f3n de Javier Milei ha estado marcada por una serie de medidas que han generado pol\u00e9mica y debate en la sociedad argentina. Desde su llegada al poder, Milei ha implementado pol\u00edticas de desregulaci\u00f3n econ\u00f3mica y apertura comercial, buscando achicar el Estado y sanear las cuentas p\u00fablicas. En la apertura de sesiones ordinarias del Congreso Nacional, el presidente reiter\u00f3 su compromiso con estas medidas, destacando la importancia de un acuerdo comercial con Estados Unidos y mencionando la posibilidad de flexibilizar o incluso salir del bloque Mercosur. Adem\u00e1s, subray\u00f3 la necesidad de apoyo parlamentario para un acuerdo con el FMI que permita estabilizar el banco central y superar las restricciones cambiarias. Estas declaraciones han generado preocupaci\u00f3n en diversos sectores, que ven en ellas una amenaza a la soberan\u00eda econ\u00f3mica del pa\u00eds.<\/p>\n\n\n\n<figure class=\"wp-block-embed is-type-wp-embed is-provider-incrustado wp-block-embed-incrustado\"><div class=\"wp-block-embed__wrapper\">\n<blockquote class=\"wp-embedded-content\" data-secret=\"m5EQjO8Q3g\"><a href=\"https:\/\/www.enorsai.com\/noticias\/economia\/privatizan-el-gasoducto-nestor-kirchner-la-entrega-del-patrimonio-energetico-a-manos-privadas\/\">Privatizan el gasoducto N\u00e9stor Kirchner: La entrega del patrimonio energ\u00e9tico a manos privadas<\/a><\/blockquote><iframe loading=\"lazy\" class=\"wp-embedded-content\" sandbox=\"allow-scripts\" security=\"restricted\" style=\"position: absolute; visibility: hidden;\" title=\"\u00abPrivatizan el gasoducto N\u00e9stor Kirchner: La entrega del patrimonio energ\u00e9tico a manos privadas\u00bb \u2014 \" src=\"https:\/\/www.enorsai.com\/noticias\/economia\/privatizan-el-gasoducto-nestor-kirchner-la-entrega-del-patrimonio-energetico-a-manos-privadas\/embed\/#?secret=iAO2AzksBB#?secret=m5EQjO8Q3g\" data-secret=\"m5EQjO8Q3g\" width=\"600\" height=\"338\" frameborder=\"0\" marginwidth=\"0\" marginheight=\"0\" scrolling=\"no\"><\/iframe>\n<\/div><\/figure>\n\n\n\n<p><\/p>\n\n\n\n<p>La posibilidad de un acuerdo de libre comercio con Estados Unidos que implique la salida de Mercosur es una de las propuestas m\u00e1s controvertidas de la administraci\u00f3n Milei. En su discurso durante el 143\u00ba per\u00edodo de sesiones ordinarias del Congreso, el presidente expres\u00f3 su intenci\u00f3n de avanzar en esta direcci\u00f3n, argumentando que el Mercosur no ha sido efectivo en el desarrollo econ\u00f3mico de Argentina. Esta postura ha sido criticada por diversos sectores que consideran que abandonar el bloque regional podr\u00eda tener consecuencias negativas para la econom\u00eda nacional y las relaciones diplom\u00e1ticas con los pa\u00edses vecinos.<\/p>\n\n\n\n<p>En su af\u00e1n por mostrar logros econ\u00f3micos, Milei ha destacado la reducci\u00f3n de la inflaci\u00f3n mensual del 26% a poco m\u00e1s del 2% y la consecuci\u00f3n del primer super\u00e1vit fiscal en 14 a\u00f1os. Adem\u00e1s, anunci\u00f3 planes para un nuevo acuerdo con el FMI que respalde las reformas econ\u00f3micas y permita levantar los estrictos controles de capital y moneda. Sin embargo, estas afirmaciones han sido cuestionadas por analistas que se\u00f1alan que la aparente estabilidad econ\u00f3mica es fr\u00e1gil y podr\u00eda desmoronarse en cualquier momento.<\/p>\n\n\n\n<div class=\"wp-block-jetpack-related-posts\">\n<h2 class=\"wp-block-heading\"><\/h2>\n<\/div>\n\n\n\n<p><\/p>\n\n\n\n<p>La administraci\u00f3n de Milei tambi\u00e9n ha estado envuelta en esc\u00e1ndalos que han minado su credibilidad. Recientemente, se ha visto implicada en un esc\u00e1ndalo de criptomonedas, con fiscales federales investigando posibles fraudes y abusos de autoridad. Este tipo de situaciones generan desconfianza en la poblaci\u00f3n y ponen en entredicho la capacidad del gobierno para gestionar de manera transparente y eficiente los recursos del pa\u00eds.<\/p>\n\n\n\n<p>Las cr\u00edticas de V\u00edctor Hugo Morales se enmarcan en un contexto de creciente preocupaci\u00f3n por el rumbo que est\u00e1 tomando Argentina bajo la administraci\u00f3n de Javier Milei. La combinaci\u00f3n de pol\u00edticas econ\u00f3micas controvertidas, alianzas con grandes corporaciones y esc\u00e1ndalos de corrupci\u00f3n ha generado un clima de incertidumbre y descontento en amplios sectores de la sociedad. La pregunta que muchos se hacen es cu\u00e1nto tiempo m\u00e1s podr\u00e1 sostenerse este modelo antes de que las consecuencias sean irreversibles para el pa\u00eds.<\/p>\n\n\n\n<p>En conclusi\u00f3n, las palabras de V\u00edctor Hugo Morales reflejan el sentir de una parte de la sociedad argentina que ve con preocupaci\u00f3n la direcci\u00f3n que ha tomado el pa\u00eds bajo la administraci\u00f3n de Javier Milei. La cr\u00edtica a la moralidad del presidente y sus seguidores, as\u00ed como a las pol\u00edticas econ\u00f3micas implementadas, pone de manifiesto la necesidad de un debate profundo sobre el futuro.<\/p>\n\n\n","protected":false},"excerpt":{"rendered":"<p>V\u00edctor Hugo Morales arremeti\u00f3 contra Javier Milei, acus\u00e1ndolo de inmoral y servil a las corporaciones. Denunci\u00f3 el endeudamiento con el FMI, la manipulaci\u00f3n del d\u00f3lar y la entrega del pa\u00eds a empresarios inescrupulosos. \u201cHay que ser muy roto para estar del lado Milei de la vida\u201d, sentenci\u00f3 con dureza.<\/p>\n","protected":false},"author":1,"featured_media":2217,"comment_status":"open","ping_status":"open","sticky":false,"template":"","format":"standard","meta":{"_monsterinsights_skip_tracking":false,"_monsterinsights_sitenote_active":false,"_monsterinsights_sitenote_note":"","_monsterinsights_sitenote_category":0,"footnotes":"","jetpack_publicize_message":"\ud83d\udd25 V\u00edctor Hugo Morales destroz\u00f3 a Milei: \"Hay que ser muy roto para estar del lado Milei de la vida\". Denunci\u00f3 su entrega al FMI, la manipulaci\u00f3n del d\u00f3lar y el saqueo del pa\u00eds. \u00bfHasta cu\u00e1ndo este modelo de hambre y endeudamiento? \ud83d\udcb0\ud83d\udea8 ","jetpack_publicize_feature_enabled":true,"jetpack_social_post_already_shared":false,"jetpack_social_options":{"image_generator_settings":{"template":"highway","enabled":false},"version":2}},"categories":[17],"tags":[58,75,43,26,15,90,227,45,463],"class_list":["post-2247","post","type-post","status-publish","format-standard","has-post-thumbnail","hentry","category-opinion","tag-ajuste","tag-corrupcion","tag-crisis","tag-deuda","tag-economia","tag-fmi","tag-inflacion","tag-milei","tag-neoliberalismo"],"jetpack_publicize_connections":[],"_links":{"self":[{"href":"https:\/\/www.enorsai.com\/noticias\/wp-json\/wp\/v2\/posts\/2247","targetHints":{"allow":["GET"]}}],"collection":[{"href":"https:\/\/www.enorsai.com\/noticias\/wp-json\/wp\/v2\/posts"}],"about":[{"href":"https:\/\/www.enorsai.com\/noticias\/wp-json\/wp\/v2\/types\/post"}],"author":[{"embeddable":true,"href":"https:\/\/www.enorsai.com\/noticias\/wp-json\/wp\/v2\/users\/1"}],"replies":[{"embeddable":true,"href":"https:\/\/www.enorsai.com\/noticias\/wp-json\/wp\/v2\/comments?post=2247"}],"version-history":[{"count":1,"href":"https:\/\/www.enorsai.com\/noticias\/wp-json\/wp\/v2\/posts\/2247\/revisions"}],"predecessor-version":[{"id":2248,"href":"https:\/\/www.enorsai.com\/noticias\/wp-json\/wp\/v2\/posts\/2247\/revisions\/2248"}],"wp:featuredmedia":[{"embeddable":true,"href":"https:\/\/www.enorsai.com\/noticias\/wp-json\/wp\/v2\/media\/2217"}],"wp:attachment":[{"href":"https:\/\/www.enorsai.com\/noticias\/wp-json\/wp\/v2\/media?parent=2247"}],"wp:term":[{"taxonomy":"category","embeddable":true,"href":"https:\/\/www.enorsai.com\/noticias\/wp-json\/wp\/v2\/categories?post=2247"},{"taxonomy":"post_tag","embeddable":true,"href":"https:\/\/www.enorsai.com\/noticias\/wp-json\/wp\/v2\/tags?post=2247"}],"curies":[{"name":"wp","href":"https:\/\/api.w.org\/{rel}","templated":true}]}}