{"id":2216,"date":"2025-03-03T11:09:21","date_gmt":"2025-03-03T14:09:21","guid":{"rendered":"https:\/\/www.enorsai.com\/noticias\/?p=2216"},"modified":"2025-03-03T11:11:49","modified_gmt":"2025-03-03T14:11:49","slug":"victor-hugo-morales-y-la-pregunta-inevitable-cuanto-le-queda-al-gobierno-de-javier-milei","status":"publish","type":"post","link":"https:\/\/www.enorsai.com\/noticias\/sociedad\/victor-hugo-morales-y-la-pregunta-inevitable-cuanto-le-queda-al-gobierno-de-javier-milei\/","title":{"rendered":"V\u00edctor Hugo Morales y la pregunta inevitable: \u00bfCu\u00e1nto le queda al gobierno de Javier Milei?"},"content":{"rendered":"\n<h4 class=\"wp-block-heading\"><strong>El editorial del periodista uruguayo tras el ataque presidencial a Clar\u00edn<\/strong><\/h4>\n\n\n\n<p>El conductor de AM750, <strong>V\u00edctor Hugo Morales<\/strong>, lanz\u00f3 un editorial incendiario tras el discurso de apertura de sesiones ordinarias del presidente <strong>Javier Milei<\/strong>, en el que atac\u00f3 frontalmente al Grupo Clar\u00edn. M\u00e1s all\u00e1 de la veracidad de las denuncias del mandatario sobre la pesificaci\u00f3n asim\u00e9trica y el blindaje legislativo que favoreci\u00f3 al multimedio, Morales advirti\u00f3 que meterse con Magnetto y su red de poder es una jugada sin retorno. \u00abUn tipo como Milei le conviene a Clar\u00edn para cometer m\u00e1s fechor\u00edas, pero el soldado llamado Milei ha desertado. Y eso se paga caro\u00bb, sentenci\u00f3 el periodista.<\/p>\n\n\n\n<hr class=\"wp-block-separator has-alpha-channel-opacity\"\/>\n\n\n\n<h3 class=\"wp-block-heading\"><strong>Milei contra Clar\u00edn: una pelea de alto riesgo<\/strong><\/h3>\n\n\n\n<p>El editorial de V\u00edctor Hugo plantea una pregunta inquietante: <strong>\u00bfcu\u00e1nto le queda al gobierno de Javier Milei?<\/strong> El conductor considera que el presidente cruz\u00f3 un umbral peligroso al desafiar a Clar\u00edn, un actor clave del establishment econ\u00f3mico y pol\u00edtico argentino.<\/p>\n\n\n\n<p>Milei denunci\u00f3 la hist\u00f3rica <strong>\u00abestafa de la pesificaci\u00f3n asim\u00e9trica\u00bb<\/strong> que permiti\u00f3 que empresas endeudadas en d\u00f3lares, como el Grupo Clar\u00edn, transfirieran el costo de la devaluaci\u00f3n al Estado argentino. Seg\u00fan Hern\u00e1n Letcher, en base a estudios de Eduardo Basualdo, esta operatoria represent\u00f3 un costo total de <strong>47.000 millones de d\u00f3lares<\/strong> para el pa\u00eds.<\/p>\n\n\n\n<p>El presidente tambi\u00e9n cuestion\u00f3 la denominada <strong>\u00abLey Clar\u00edn\u00bb<\/strong>, que blind\u00f3 jur\u00eddicamente al holding medi\u00e1tico en un momento en el que sus acreedores extranjeros intentaban quedarse con el grupo. En 2001, Clar\u00edn ten\u00eda una deuda declarada de <strong>930 millones de d\u00f3lares<\/strong>, y a trav\u00e9s de maniobras de lobby y legislaci\u00f3n a medida, logr\u00f3 reestructurar sus pasivos sin perder el control de su imperio.<\/p>\n\n\n\n<p>Si bien estas denuncias son ciertas, Morales advierte que el costo pol\u00edtico de enfrentarse a Clar\u00edn es alt\u00edsimo. \u00abLa osad\u00eda se paga muy cara y lo que hizo Milei es dif\u00edcil que tenga retorno\u00bb, reflexion\u00f3.<\/p>\n\n\n\n<hr class=\"wp-block-separator has-alpha-channel-opacity\"\/>\n\n\n\n<h3 class=\"wp-block-heading\"><strong>Clar\u00edn y el saqueo del 2001: fuga de capitales y estafa a la sociedad<\/strong><\/h3>\n\n\n\n<p>Uno de los puntos m\u00e1s explosivos del editorial de V\u00edctor Hugo es el repaso de los <strong>manejos financieros de Clar\u00edn durante la crisis de 2001<\/strong>. De acuerdo con documentos de la C\u00e1mara de Diputados, el grupo de Magnetto no solo fue beneficiario de la pesificaci\u00f3n asim\u00e9trica, sino que adem\u00e1s <strong>fug\u00f3 cientos de millones de d\u00f3lares<\/strong> a trav\u00e9s de sus m\u00faltiples empresas.<\/p>\n\n\n\n<p>Seg\u00fan la investigaci\u00f3n parlamentaria, en diciembre de 2001, <strong>Multicanal ten\u00eda 142,3 millones de d\u00f3lares en el exterior y Cablevisi\u00f3n otros 136,3 millones<\/strong>. Estos fondos fueron oportunamente dolarizados, multiplicando su valor tras la devaluaci\u00f3n. En t\u00e9rminos simples, mientras el pueblo argentino ve\u00eda pulverizados sus ahorros en pesos, Clar\u00edn lograba <strong>salvar y fortalecer su estructura econ\u00f3mica<\/strong> gracias a un sistema financiero dise\u00f1ado para beneficiar a los poderosos.<\/p>\n\n\n\n<p>Adem\u00e1s, el grupo aparece vinculado en los <strong>Panam\u00e1 Papers, Offshore Leaks, Bahamas Leaks y Paradise Papers<\/strong> mediante una empresa offshore llamada <strong>East River Associates Corporation<\/strong>, que oper\u00f3 en Islas V\u00edrgenes Brit\u00e1nicas entre 2001 y 2012.<\/p>\n\n\n\n<hr class=\"wp-block-separator has-alpha-channel-opacity\"\/>\n\n\n\n<h3 class=\"wp-block-heading\"><strong>El dilema Milei: \u00bfcruzar a Magnetto o someterse?<\/strong><\/h3>\n\n\n\n<p>Morales plantea que el presidente parece haber cometido un <strong>error estrat\u00e9gico fatal<\/strong>: crey\u00f3 que pod\u00eda atacar a Clar\u00edn con la misma impunidad con la que ataca a otros sectores. Sin embargo, el multimedio ha sido hist\u00f3ricamente <strong>un socio fundamental del poder econ\u00f3mico<\/strong>, blindando gobiernos que le garantizan negocios y operando con ferocidad contra aquellos que intentan limitarlo.<\/p>\n\n\n\n<p>Hasta ahora, <strong>Milei le era funcional a Clar\u00edn<\/strong>: promov\u00eda la concentraci\u00f3n econ\u00f3mica, desregulaba sectores estrat\u00e9gicos y atacaba a los medios p\u00fablicos, debilitando la competencia del grupo. Pero al denunciar su pasado fraudulento, el presidente rompi\u00f3 un pacto impl\u00edcito. Morales advierte que esto podr\u00eda marcar <strong>el principio del fin<\/strong> del gobierno libertario.<\/p>\n\n\n\n<p>\u00abPara calmar a las bestias de Clar\u00edn, Milei tendr\u00e1 que recurrir a las mayores humillaciones\u00bb, vaticin\u00f3 el periodista. Y aunque intente retroceder, <strong>ya mostr\u00f3 debilidad<\/strong>, un error que los due\u00f1os del poder nunca perdonan.<\/p>\n\n\n\n<hr class=\"wp-block-separator has-alpha-channel-opacity\"\/>\n\n\n\n<h3 class=\"wp-block-heading\"><strong>El ocaso de un presidente funcional<\/strong><\/h3>\n\n\n\n<p>Milei se enfrenta a un dilema de hierro: <strong>o se pliega al poder real o se expone a una embestida feroz<\/strong>. La historia argentina est\u00e1 plagada de ejemplos de presidentes que intentaron desafiar al Grupo Clar\u00edn y terminaron siendo aplastados. Morales advierte que <strong>la estructura de poder que sostiene a Magnetto es la misma que sostiene a Milei<\/strong> y que, si el presidente dej\u00f3 de ser \u00fatil, <strong>pronto ser\u00e1 descartado<\/strong>.<\/p>\n\n\n\n<p>La pregunta ya est\u00e1 sobre la mesa: <strong>\u00bfcu\u00e1nto le queda al gobierno de Javier Milei?<\/strong><\/p>\n\n\n\n<hr class=\"wp-block-separator has-alpha-channel-opacity\"\/>\n\n\n\n<h4 class=\"wp-block-heading\"><\/h4>\n","protected":false},"excerpt":{"rendered":"<p>El editorial del periodista uruguayo tras el ataque presidencial a Clar\u00edn El conductor de AM750, V\u00edctor Hugo Morales, lanz\u00f3 un editorial incendiario tras el discurso de apertura de sesiones ordinarias del presidente Javier Milei, en el que atac\u00f3 frontalmente al Grupo Clar\u00edn. M\u00e1s all\u00e1 de la veracidad de las denuncias del mandatario sobre la pesificaci\u00f3n&#8230;<\/p>\n","protected":false},"author":1,"featured_media":2217,"comment_status":"open","ping_status":"open","sticky":false,"template":"","format":"standard","meta":{"_monsterinsights_skip_tracking":false,"_monsterinsights_sitenote_active":false,"_monsterinsights_sitenote_note":"","_monsterinsights_sitenote_category":0,"footnotes":"","jetpack_publicize_message":"","jetpack_publicize_feature_enabled":true,"jetpack_social_post_already_shared":true,"jetpack_social_options":{"image_generator_settings":{"template":"highway","default_image_id":0,"font":"","enabled":false},"version":2}},"categories":[4],"tags":[45,811],"class_list":["post-2216","post","type-post","status-publish","format-standard","has-post-thumbnail","hentry","category-sociedad","tag-milei","tag-victor-hugo-morales"],"jetpack_publicize_connections":[],"_links":{"self":[{"href":"https:\/\/www.enorsai.com\/noticias\/wp-json\/wp\/v2\/posts\/2216","targetHints":{"allow":["GET"]}}],"collection":[{"href":"https:\/\/www.enorsai.com\/noticias\/wp-json\/wp\/v2\/posts"}],"about":[{"href":"https:\/\/www.enorsai.com\/noticias\/wp-json\/wp\/v2\/types\/post"}],"author":[{"embeddable":true,"href":"https:\/\/www.enorsai.com\/noticias\/wp-json\/wp\/v2\/users\/1"}],"replies":[{"embeddable":true,"href":"https:\/\/www.enorsai.com\/noticias\/wp-json\/wp\/v2\/comments?post=2216"}],"version-history":[{"count":1,"href":"https:\/\/www.enorsai.com\/noticias\/wp-json\/wp\/v2\/posts\/2216\/revisions"}],"predecessor-version":[{"id":2218,"href":"https:\/\/www.enorsai.com\/noticias\/wp-json\/wp\/v2\/posts\/2216\/revisions\/2218"}],"wp:featuredmedia":[{"embeddable":true,"href":"https:\/\/www.enorsai.com\/noticias\/wp-json\/wp\/v2\/media\/2217"}],"wp:attachment":[{"href":"https:\/\/www.enorsai.com\/noticias\/wp-json\/wp\/v2\/media?parent=2216"}],"wp:term":[{"taxonomy":"category","embeddable":true,"href":"https:\/\/www.enorsai.com\/noticias\/wp-json\/wp\/v2\/categories?post=2216"},{"taxonomy":"post_tag","embeddable":true,"href":"https:\/\/www.enorsai.com\/noticias\/wp-json\/wp\/v2\/tags?post=2216"}],"curies":[{"name":"wp","href":"https:\/\/api.w.org\/{rel}","templated":true}]}}