{"id":2213,"date":"2025-03-02T21:40:06","date_gmt":"2025-03-03T00:40:06","guid":{"rendered":"http:\/\/www.enorsai.com\/noticias\/?p=2213"},"modified":"2025-03-02T21:40:06","modified_gmt":"2025-03-03T00:40:06","slug":"despidos-masivos-en-desarrollo-territorial-mas-de-400-empleados-fueron-cesanteados-en-areas-clave-de-vivienda-y-habitat","status":"publish","type":"post","link":"https:\/\/www.enorsai.com\/noticias\/sociedad\/despidos-masivos-en-desarrollo-territorial-mas-de-400-empleados-fueron-cesanteados-en-areas-clave-de-vivienda-y-habitat\/","title":{"rendered":"Despidos masivos en Desarrollo Territorial: M\u00e1s de 400 empleados fueron cesanteados en \u00e1reas clave de vivienda y h\u00e1bitat"},"content":{"rendered":"\n<p><strong><em>El gobierno de Javier Milei contin\u00faa su ofensiva contra el sector p\u00fablico, ejecutando despidos masivos en la Secretar\u00eda de Desarrollo Territorial, H\u00e1bitat y Vivienda, as\u00ed como en la Direcci\u00f3n Nacional de Arquitectura. Estas medidas, que se suman a las miles de cesant\u00edas anteriores, ponen en jaque programas esenciales como Procrear y Casa Propia, dejando a miles de familias en la incertidumbre habitacional.<\/em><\/strong><\/p>\n\n\n\n<p>En una maniobra que ha dejado at\u00f3nitos a propios y extra\u00f1os, el gobierno de Javier Milei ha ejecutado una nueva ola de despidos masivos en el sector p\u00fablico. Esta vez, las \u00e1reas afectadas son la Secretar\u00eda de Desarrollo Territorial, H\u00e1bitat y Vivienda, y la Direcci\u00f3n Nacional de Arquitectura, donde m\u00e1s de 400 empleados fueron notificados de su cese laboral a trav\u00e9s del sistema de Gesti\u00f3n Documental Electr\u00f3nica (GDE) el pasado viernes por la noche, en la antesala de un fin de semana largo.<\/p>\n\n\n\n<p>La metodolog\u00eda de comunicar despidos en horarios y d\u00edas que dificultan una respuesta inmediata por parte de los trabajadores y sus representantes sindicales se ha convertido en una constante en la gesti\u00f3n libertaria. Esta pr\u00e1ctica, que busca minimizar la resistencia y la organizaci\u00f3n de los afectados, refleja una estrategia deliberada de desmantelamiento del Estado y sus funciones esenciales. <\/p>\n\n\n\n<p>Desde la Asociaci\u00f3n de Trabajadores del Estado (ATE) Capital, se ha denunciado esta medida como una \u00abmaniobra destructiva\u00bb que deja a 400 familias en la calle sin ninguna oportunidad. El gremio ha manifestado su firme intenci\u00f3n de no rendirse en la lucha por la defensa del trabajo y la justicia, evidenciando la creciente tensi\u00f3n entre el gobierno y los sectores sindicales. <\/p>\n\n\n\n<div class=\"wp-block-jetpack-related-posts\">\n<h2 class=\"wp-block-heading\"><\/h2>\n<\/div>\n\n\n\n<p><\/p>\n\n\n\n<p>Estos despidos se suman a una serie de cesant\u00edas que han afectado a diversas \u00e1reas de la administraci\u00f3n p\u00fablica desde la asunci\u00f3n de Milei. Seg\u00fan datos oficiales, desde diciembre de 2023 hasta junio de 2024, el gobierno ha reducido en m\u00e1s de 26.600 la cantidad de empleados p\u00fablicos, siendo la Administraci\u00f3n P\u00fablica Nacional (APN) la m\u00e1s afectada. <\/p>\n\n\n\n<p>La disoluci\u00f3n de la Secretar\u00eda de Desarrollo Territorial, H\u00e1bitat y Vivienda, oficializada mediante el Decreto 70\/2025, ha dejado en el limbo programas fundamentales como Procrear y Casa Propia, que depend\u00edan de esta cartera. Aunque la gesti\u00f3n de estos programas ha sido transferida a la Secretar\u00eda de Obras P\u00fablicas, la incertidumbre sobre su continuidad y eficacia es palpable. <\/p>\n\n\n\n<p>La decisi\u00f3n de disolver esta secretar\u00eda y despedir a unos 500 empleados ha dejado 16.000 viviendas en construcci\u00f3n abandonadas, afectando directamente a miles de familias que esperaban acceder a una vivienda digna. Esta situaci\u00f3n agrava la crisis habitacional en el pa\u00eds y pone en entredicho la capacidad del gobierno para garantizar derechos b\u00e1sicos a sus ciudadanos. <\/p>\n\n\n\n<figure class=\"wp-block-embed is-type-wp-embed is-provider-incrustado wp-block-embed-incrustado\"><div class=\"wp-block-embed__wrapper\">\n<blockquote class=\"wp-embedded-content\" data-secret=\"G2U8jCKwmV\"><a href=\"https:\/\/www.enorsai.com\/noticias\/politica\/con-la-tuya-quienes-son-los-que-ocuparon-el-palco-en-el-congreso\/\">Con la tuya: \u00bfQui\u00e9nes son los que ocuparon el palco en el Congreso?<\/a><\/blockquote><iframe loading=\"lazy\" class=\"wp-embedded-content\" sandbox=\"allow-scripts\" security=\"restricted\" style=\"position: absolute; visibility: hidden;\" title=\"\u00abCon la tuya: \u00bfQui\u00e9nes son los que ocuparon el palco en el Congreso?\u00bb \u2014 \" src=\"https:\/\/www.enorsai.com\/noticias\/politica\/con-la-tuya-quienes-son-los-que-ocuparon-el-palco-en-el-congreso\/embed\/#?secret=1LN8aKSzbK#?secret=G2U8jCKwmV\" data-secret=\"G2U8jCKwmV\" width=\"600\" height=\"338\" frameborder=\"0\" marginwidth=\"0\" marginheight=\"0\" scrolling=\"no\"><\/iframe>\n<\/div><\/figure>\n\n\n\n<p><\/p>\n\n\n\n<p>El presidente Javier Milei ha defendido estas medidas como parte de su plan de ajuste fiscal y reducci\u00f3n del gasto p\u00fablico. En marzo de 2024, confirm\u00f3 la intenci\u00f3n del gobierno de dar de baja 70.000 contratos de empleados p\u00fablicos, argumentando la necesidad de alcanzar el d\u00e9ficit cero y reducir la deuda. <\/p>\n\n\n\n<p>Sin embargo, estas pol\u00edticas de ajuste han generado cr\u00edticas y preocupaci\u00f3n en diversos sectores de la sociedad. La reducci\u00f3n dr\u00e1stica del personal en \u00e1reas clave del Estado no solo afecta la prestaci\u00f3n de servicios esenciales, sino que tambi\u00e9n incrementa la desocupaci\u00f3n y la precarizaci\u00f3n laboral. Adem\u00e1s, la falta de di\u00e1logo y la implementaci\u00f3n abrupta de estas medidas han sido se\u00f1aladas como pr\u00e1cticas autoritarias que socavan la democracia y los derechos de los trabajadores.<\/p>\n\n\n\n<p>La estrategia de Milei de reducir el tama\u00f1o del Estado a trav\u00e9s de despidos masivos y la eliminaci\u00f3n de organismos p\u00fablicos ha sido celebrada por algunos sectores que abogan por una menor intervenci\u00f3n estatal. Sin embargo, las consecuencias sociales de estas pol\u00edticas son profundas y afectan principalmente a los sectores m\u00e1s vulnerables de la poblaci\u00f3n. La eliminaci\u00f3n de programas de vivienda, la reducci\u00f3n de servicios p\u00fablicos y el aumento del desempleo configuran un escenario de creciente desigualdad y exclusi\u00f3n social.<\/p>\n\n\n\n<p>La comunidad internacional observa con preocupaci\u00f3n la situaci\u00f3n en Argentina. Organizaciones de derechos humanos y laborales han expresado su alarma por la violaci\u00f3n de derechos fundamentales y el deterioro de las condiciones de vida de amplios sectores de la sociedad. La Organizaci\u00f3n Internacional del Trabajo (OIT) ha instado al gobierno argentino a respetar los convenios internacionales y garantizar la protecci\u00f3n de los trabajadores afectados por estas medidas.<\/p>\n\n\n\n<p>En el \u00e1mbito pol\u00edtico, la oposici\u00f3n ha condenado en\u00e9rgicamente los despidos y la disoluci\u00f3n de la Secretar\u00eda de Desarrollo Territorial, H\u00e1bitat y Vivienda. L\u00edderes de distintos partidos han calificado estas acciones como un atentado contra el Estado de bienestar y han exigido la inmediata reincorporaci\u00f3n de los trabajadores despedidos. Adem\u00e1s, han convocado a movilizaciones y acciones legislativas para frenar el avance de estas pol\u00edticas de ajuste.<\/p>\n\n\n\n<p>La sociedad civil tambi\u00e9n ha reaccionado con indignaci\u00f3n. Organizaciones sociales, movimientos de vivienda y colectivos de derechos humanos han convocado a manifestaciones en todo el pa\u00eds para exigir el cese de los despidos y la restituci\u00f3n de los programas de vivienda. La solidaridad con las familias afectadas y la defensa de un Estado presente y garante de derechos se han convertido en banderas de lucha en este contexto de ajuste y recorte de derechos.<\/p>\n\n\n\n\n\n<p><\/p>\n","protected":false},"excerpt":{"rendered":"<p>El gobierno de Javier Milei ejecut\u00f3 m\u00e1s de 400 despidos en Desarrollo Territorial, afectando programas clave de vivienda. Esta ola de cesant\u00edas se suma a miles de despidos previos, profundizando la crisis social y dejando en la incertidumbre a trabajadores y familias. El ajuste avanza sin freno y sin di\u00e1logo.<\/p>\n","protected":false},"author":1,"featured_media":2214,"comment_status":"open","ping_status":"open","sticky":false,"template":"","format":"standard","meta":{"_monsterinsights_skip_tracking":false,"_monsterinsights_sitenote_active":false,"_monsterinsights_sitenote_note":"","_monsterinsights_sitenote_category":0,"footnotes":"","jetpack_publicize_message":"\ud83d\udd34 Milei ejecuta m\u00e1s de 400 despidos en Desarrollo Territorial. Se desmantelan programas de vivienda \ud83c\udfe0 y aumenta la precarizaci\u00f3n. El ajuste avanza sin freno, dejando a miles de familias en la incertidumbre. \u00bfHasta cu\u00e1ndo este ataque al pueblo? \ud83d\udea8","jetpack_publicize_feature_enabled":true,"jetpack_social_post_already_shared":false,"jetpack_social_options":{"image_generator_settings":{"template":"highway","enabled":false},"version":2}},"categories":[4],"tags":[58,43,193,796,45,463,59,795,292,810],"class_list":["post-2213","post","type-post","status-publish","format-standard","has-post-thumbnail","hentry","category-sociedad","tag-ajuste","tag-crisis","tag-despidos","tag-estado","tag-milei","tag-neoliberalismo","tag-precarizacion","tag-recortes","tag-trabajadores","tag-vivienda"],"jetpack_publicize_connections":[],"_links":{"self":[{"href":"https:\/\/www.enorsai.com\/noticias\/wp-json\/wp\/v2\/posts\/2213","targetHints":{"allow":["GET"]}}],"collection":[{"href":"https:\/\/www.enorsai.com\/noticias\/wp-json\/wp\/v2\/posts"}],"about":[{"href":"https:\/\/www.enorsai.com\/noticias\/wp-json\/wp\/v2\/types\/post"}],"author":[{"embeddable":true,"href":"https:\/\/www.enorsai.com\/noticias\/wp-json\/wp\/v2\/users\/1"}],"replies":[{"embeddable":true,"href":"https:\/\/www.enorsai.com\/noticias\/wp-json\/wp\/v2\/comments?post=2213"}],"version-history":[{"count":1,"href":"https:\/\/www.enorsai.com\/noticias\/wp-json\/wp\/v2\/posts\/2213\/revisions"}],"predecessor-version":[{"id":2215,"href":"https:\/\/www.enorsai.com\/noticias\/wp-json\/wp\/v2\/posts\/2213\/revisions\/2215"}],"wp:featuredmedia":[{"embeddable":true,"href":"https:\/\/www.enorsai.com\/noticias\/wp-json\/wp\/v2\/media\/2214"}],"wp:attachment":[{"href":"https:\/\/www.enorsai.com\/noticias\/wp-json\/wp\/v2\/media?parent=2213"}],"wp:term":[{"taxonomy":"category","embeddable":true,"href":"https:\/\/www.enorsai.com\/noticias\/wp-json\/wp\/v2\/categories?post=2213"},{"taxonomy":"post_tag","embeddable":true,"href":"https:\/\/www.enorsai.com\/noticias\/wp-json\/wp\/v2\/tags?post=2213"}],"curies":[{"name":"wp","href":"https:\/\/api.w.org\/{rel}","templated":true}]}}