{"id":2198,"date":"2025-03-02T14:19:17","date_gmt":"2025-03-02T17:19:17","guid":{"rendered":"http:\/\/www.enorsai.com\/noticias\/?p=2198"},"modified":"2025-03-02T19:21:15","modified_gmt":"2025-03-02T22:21:15","slug":"con-la-tuya-quienes-son-los-que-ocuparon-el-palco-en-el-congreso","status":"publish","type":"post","link":"https:\/\/www.enorsai.com\/noticias\/politica\/con-la-tuya-quienes-son-los-que-ocuparon-el-palco-en-el-congreso\/","title":{"rendered":"Con la tuya: \u00bfQui\u00e9nes son los que ocuparon el palco en el Congreso?"},"content":{"rendered":"\n<p>La imagen del palco presidencial en la apertura de sesiones del Congreso 2025 habla por s\u00ed sola: un grupo de j\u00f3venes sin trayectoria pol\u00edtica, pero con una enorme influencia sobre el presidente Javier Milei, controla las riendas del pa\u00eds. No son funcionarios electos ni cuentan con experiencia en gesti\u00f3n p\u00fablica, pero manejan el poder desde las sombras con una mezcla de dogmatismo ideol\u00f3gico, lealtad ciega y oportunismo.<\/p>\n\n\n\n<p>El \u201ctri\u00e1ngulo de hierro\u201d \u2013o ahora \u201ccuadrado\u201d, seg\u00fan algunas versiones\u2013 compuesto por Santiago Caputo, Karina Milei y Gerardo Werthein, junto a una serie de operadores y estrategas digitales, no solo asesora al presidente, sino que define el rumbo de la econom\u00eda, la justicia y la comunicaci\u00f3n oficial. Sin frenos institucionales ni contrapesos, este grupo ha logrado convertir la administraci\u00f3n de un pa\u00eds en un experimento de improvisaciones, dogmatismo de mercado y lealtades personales.<\/p>\n\n\n\n<p>Mientras Argentina enfrenta una crisis sin precedentes, con ajustes brutales y un debilitamiento del Estado, quienes realmente toman decisiones en la Casa Rosada no han sido elegidos por el pueblo ni rinden cuentas ante nadie. \u00bfQu\u00e9 puede salir mal cuando el futuro de millones de argentinos est\u00e1 en manos de un pu\u00f1ado de inexpertos con un presidente obsesionado con Twitter y teor\u00edas econ\u00f3micas de laboratorio?<\/p>\n\n\n\n<p>Durante la apertura de las sesiones ordinarias del Congreso en 2025, el presidente Javier Milei estuvo acompa\u00f1ado en el palco por figuras clave de su c\u00edrculo \u00edntimo y pol\u00edtico. A continuaci\u00f3n, un repaso de los principales integrantes presentes:<\/p>\n\n\n\n<p><strong>1. Santiago Caputo: Integrante del \u00abtri\u00e1ngulo de hierro\u00bb<\/strong><\/p>\n\n\n\n<p>Santiago Caputo es reconocido como uno de los pilares fundamentales en la estructura de poder de Milei. Junto a Karina Milei, hermana del presidente, conforman el denominado \u00abtri\u00e1ngulo de hierro\u00bb que sostiene las decisiones estrat\u00e9gicas del gobierno. A pesar de recientes esc\u00e1ndalos, como el relacionado con la criptomoneda $Libra, Caputo mantiene su influencia en la administraci\u00f3n. <\/p>\n\n\n\n<p>Santiago Caputo, de 41 a\u00f1os, es un asesor clave en la administraci\u00f3n de Javier Milei. Aunque no ocupa un cargo oficial en el gobierno, su rol como consultor externo le permite operar sin las restricciones legales y \u00e9ticas que afectan a otros funcionarios. Caputo es reconocido por su habilidad en la comunicaci\u00f3n pol\u00edtica y su capacidad para manejar relaciones con diversos actores de poder. Adem\u00e1s, se le atribuye una influencia significativa en la Agencia Federal de Inteligencia (AFI), lo que le otorga acceso a informaci\u00f3n privilegiada y refuerza su posici\u00f3n dentro del c\u00edrculo \u00edntimo del presidente.<\/p>\n\n\n\n<p><strong>2. <strong>Amerio: Ministro de Justicia en las sombras<\/strong><\/strong><\/p>\n\n\n\n<p>La influencia significativa y discreta que ejerce Sebasti\u00e1n Amerio en el Ministerio de Justicia de Argentina, a pesar de no ostentar formalmente el cargo de ministro. Oficialmente, Mariano C\u00faneo Libarona es el Ministro de Justicia; sin embargo, Amerio, en su rol de Secretario de Justicia, ha asumido responsabilidades y protagonismo que van m\u00e1s all\u00e1 de su posici\u00f3n, actuando como una figura central en la gesti\u00f3n de la cartera y en las relaciones con el Poder Judicial.<\/p>\n\n\n\n<p>La influencia de Amerio se ve potenciada por su estrecha relaci\u00f3n con Santiago Caputo, asesor principal del presidente Javier Milei. Este v\u00ednculo le ha permitido a Amerio consolidarse como un actor clave dentro del ministerio, al punto de ser considerado el \u00abdelegado\u00bb de Caputo en asuntos judiciales. Adem\u00e1s, su experiencia previa en la Corte Suprema y su conocimiento del funcionamiento interno del Poder Judicial le otorgan una posici\u00f3n privilegiada para manejar temas sensibles y estrat\u00e9gicos.<\/p>\n\n\n\n<p><strong>3. Gordo Dan, escriba del relato libertario <\/strong><\/p>\n\n\n\n<p>El \u00abGordo Dan\u00bb, es identificado como una figura cercana a Milei y se le atribuye un rol significativo en la formulaci\u00f3n del relato libertario del gobierno. Aunque no ostenta un cargo oficial, su influencia en las pol\u00edticas de justicia es notable.<\/p>\n\n\n\n<p>La actividad de \u00abGordo Dan\u00bb no ha estado exenta de pol\u00e9micas. En noviembre de 2024, durante el lanzamiento de la agrupaci\u00f3n \u00abLas Fuerzas del Cielo\u00bb, se autodenomin\u00f3 \u00abel brazo armado de La Libertad Avanza\u00bb, lo que gener\u00f3 preocupaci\u00f3n y cr\u00edticas desde diversos sectores pol\u00edticos, que interpretaron sus declaraciones como una amenaza a la democracia.<\/p>\n\n\n\n<p>Adem\u00e1s, ha sido acusado de liderar campa\u00f1as de hostigamiento digital contra periodistas y figuras p\u00fablicas, lo que llev\u00f3 al Foro de Periodismo Argentino (FOPEA) a denunciarlo por difundir informaci\u00f3n falsa y promover ataques coordinados en redes sociales.<\/p>\n\n\n\n<p><strong>4. Rodrigo Romo: Jefe de bloque de La Libertad Avanza en la Legislatura<\/strong><\/p>\n\n\n\n<p>Rodrigo Romo lidera el bloque de La Libertad Avanza en la Legislatura, siendo una pieza clave en la articulaci\u00f3n de las pol\u00edticas del oficialismo en el \u00e1mbito legislativo. Su capacidad para negociar y consolidar alianzas ha sido fundamental para la agenda legislativa del gobierno.<\/p>\n\n\n\n<p><strong>5. Macarena Alifraco: La sombra de Caputo en Casa Rosada<\/strong><\/p>\n\n\n\n<p>Macarena Alifraco, de 31 a\u00f1os, es abogada con posgrado en Gesti\u00f3n y Pol\u00edticas P\u00fablicas Metropolitanas y ha emergido como una estratega clave en el equipo de Milei. Ha trabajado estrechamente con Santiago Caputo, asesor principal del presidente, y ha desempe\u00f1ado un papel destacado en la gesti\u00f3n de la comunicaci\u00f3n digital y en la construcci\u00f3n de la narrativa libertaria.<\/p>\n\n\n\n<p>Macarena Alifraco ha sido reconocida por su habilidad en el manejo de redes sociales y en la difusi\u00f3n de contenidos alineados con la agenda del gobierno. Su influencia en la estrategia comunicacional ha sido notable, participando en reuniones con funcionarios y autorizando audiencias en la Casa Rosada con empresarios y otros actores clave.<\/p>\n\n\n\n<p><strong>6. Mart\u00edn \u00abSagaz\u00bb Fern\u00e1ndez: Operador caputista en Asuntos Importantes<\/strong><\/p>\n\n\n\n<p>Mart\u00edn Fern\u00e1ndez, apodado \u00abSagaz\u00bb, es conocido por su habilidad para manejar situaciones complejas y es considerado el operador principal de Caputo en asuntos de alta relevancia. Su destreza en la gesti\u00f3n pol\u00edtica le ha ganado un lugar destacado en el entorno presidencial.<\/p>\n\n\n\n<p><strong>7. \u00abPeluca Milei\u00bb: Estratega digital<\/strong><\/p>\n\n\n\n<p>Bajo el seud\u00f3nimo \u00abPeluca Milei\u00bb, este estratega digital ha sido fundamental en la construcci\u00f3n y difusi\u00f3n de la imagen del presidente en las redes sociales. Su manejo de la comunicaci\u00f3n digital ha permitido al gobierno mantener una presencia constante y efectiva en el \u00e1mbito virtual.<\/p>\n\n\n\n<p><strong>8. Juan Doe: Director de Comunicaci\u00f3n<\/strong><\/p>\n\n\n\n<p>Juan Doe, cuyo nombre real se mantiene en reserva por razones de seguridad, es el director de comunicaci\u00f3n del gobierno. Su responsabilidad abarca desde la coordinaci\u00f3n de mensajes oficiales hasta la gesti\u00f3n de crisis medi\u00e1ticas, siendo una figura clave en la estrategia comunicacional de la administraci\u00f3n Milei.<\/p>\n\n\n\n<p>La presencia de estas figuras en el palco durante la apertura del Congreso refleja la estructura de poder y las alianzas estrat\u00e9gicas que sustentan al gobierno de Javier Milei en 2025.<\/p>\n\n\n\n<blockquote class=\"twitter-tweet\"><p lang=\"es\" dir=\"ltr\">\u00bfQui\u00e9n es qui\u00e9n en el palco militante de Milei en el Congreso 2025?<br><br>1-Caputo, integrante del triangulo de hierro. <br>2-Amerio, ministro de Justicia en las sombras. <br>3-Gordo Dan, escriba del relato libertario.<br>4-Romo, jefe de bloque de LLA en Legislatura.<br>5-Alifraco, sombra de\u2026 <a href=\"https:\/\/t.co\/rv7PSs0Xec\">pic.twitter.com\/rv7PSs0Xec<\/a><\/p>&mdash; Pablo Lapuente Escobar (@PConurbano) <a href=\"https:\/\/twitter.com\/PConurbano\/status\/1895986318468948413?ref_src=twsrc%5Etfw\">March 1, 2025<\/a><\/blockquote> <script async src=\"https:\/\/platform.twitter.com\/widgets.js\" charset=\"utf-8\"><\/script>\n\n\n\n<p><\/p>\n\n\n\n<p><\/p>\n","protected":false},"excerpt":{"rendered":"<p>La imagen del palco presidencial en la apertura de sesiones del Congreso 2025 habla por s\u00ed sola: un grupo de j\u00f3venes sin trayectoria pol\u00edtica, pero con una enorme influencia sobre el presidente Javier Milei, controla las riendas del pa\u00eds. No son funcionarios electos ni cuentan con experiencia en gesti\u00f3n p\u00fablica, pero manejan el poder desde&#8230;<\/p>\n","protected":false},"author":1,"featured_media":2201,"comment_status":"open","ping_status":"open","sticky":false,"template":"","format":"standard","meta":{"_monsterinsights_skip_tracking":false,"_monsterinsights_sitenote_active":false,"_monsterinsights_sitenote_note":"","_monsterinsights_sitenote_category":0,"footnotes":"","jetpack_publicize_message":"","jetpack_publicize_feature_enabled":true,"jetpack_social_post_already_shared":true,"jetpack_social_options":{"image_generator_settings":{"template":"highway","default_image_id":0,"font":"","enabled":false},"version":2}},"categories":[2],"tags":[],"class_list":["post-2198","post","type-post","status-publish","format-standard","has-post-thumbnail","hentry","category-politica"],"jetpack_publicize_connections":[],"_links":{"self":[{"href":"https:\/\/www.enorsai.com\/noticias\/wp-json\/wp\/v2\/posts\/2198","targetHints":{"allow":["GET"]}}],"collection":[{"href":"https:\/\/www.enorsai.com\/noticias\/wp-json\/wp\/v2\/posts"}],"about":[{"href":"https:\/\/www.enorsai.com\/noticias\/wp-json\/wp\/v2\/types\/post"}],"author":[{"embeddable":true,"href":"https:\/\/www.enorsai.com\/noticias\/wp-json\/wp\/v2\/users\/1"}],"replies":[{"embeddable":true,"href":"https:\/\/www.enorsai.com\/noticias\/wp-json\/wp\/v2\/comments?post=2198"}],"version-history":[{"count":6,"href":"https:\/\/www.enorsai.com\/noticias\/wp-json\/wp\/v2\/posts\/2198\/revisions"}],"predecessor-version":[{"id":2211,"href":"https:\/\/www.enorsai.com\/noticias\/wp-json\/wp\/v2\/posts\/2198\/revisions\/2211"}],"wp:featuredmedia":[{"embeddable":true,"href":"https:\/\/www.enorsai.com\/noticias\/wp-json\/wp\/v2\/media\/2201"}],"wp:attachment":[{"href":"https:\/\/www.enorsai.com\/noticias\/wp-json\/wp\/v2\/media?parent=2198"}],"wp:term":[{"taxonomy":"category","embeddable":true,"href":"https:\/\/www.enorsai.com\/noticias\/wp-json\/wp\/v2\/categories?post=2198"},{"taxonomy":"post_tag","embeddable":true,"href":"https:\/\/www.enorsai.com\/noticias\/wp-json\/wp\/v2\/tags?post=2198"}],"curies":[{"name":"wp","href":"https:\/\/api.w.org\/{rel}","templated":true}]}}