{"id":2185,"date":"2025-03-01T20:14:43","date_gmt":"2025-03-01T23:14:43","guid":{"rendered":"https:\/\/www.enorsai.com\/noticias\/politica\/cacerolas-contra-milei-convocan-a-un-apagon-nacional-durante-su-discurso-en-el-congreso\/"},"modified":"2025-03-01T22:39:59","modified_gmt":"2025-03-02T01:39:59","slug":"cacerolas-contra-milei-convocan-a-un-apagon-nacional-durante-su-discurso-en-el-congreso","status":"publish","type":"post","link":"https:\/\/www.enorsai.com\/noticias\/politica\/cacerolas-contra-milei-convocan-a-un-apagon-nacional-durante-su-discurso-en-el-congreso\/","title":{"rendered":"Cacerolas contra Milei: convocan a un apag\u00f3n nacional durante su discurso en el Congreso"},"content":{"rendered":"\n<p>Este s\u00e1bado 1 de marzo de 2025 a las 21:00 horas, el presidente Javier Milei tiene previsto inaugurar el 143\u00ba per\u00edodo de sesiones ordinarias del Congreso Nacional con un discurso que ser\u00e1 transmitido por cadena nacional. <br \/><br \/>En paralelo, diversos sectores de la sociedad han convocado a manifestaciones en forma de cacerolazos y apagones durante el discurso presidencial, como muestra de descontento hacia las pol\u00edticas implementadas por el gobierno. La consigna \u00abQue la cacerola haga ruido antes que la panza\u00bb se ha viralizado en redes sociales, incentivando a la ciudadan\u00eda a participar de estas protestas desde sus hogares. <br \/><br \/>Adem\u00e1s, se ha promovido un \u00abapag\u00f3n de medios\u00bb, instando a la poblaci\u00f3n a apagar televisores y radios durante la transmisi\u00f3n del discurso, en se\u00f1al de rechazo a las medidas gubernamentales. <br \/><br \/>Estas convocatorias reflejan el clima de tensi\u00f3n y polarizaci\u00f3n que atraviesa el pa\u00eds, evidenciando la creciente preocupaci\u00f3n de diversos sectores respecto a las decisiones pol\u00edticas y econ\u00f3micas adoptadas por la administraci\u00f3n actual.<br \/><br \/><\/p>\n\n\n\n<p><\/p>\n\n\n\n<p><strong><em>As\u00ed se filtr\u00f3 el cacerolazo en la transmisi\u00f3n oficial<\/em><\/strong><\/p>\n\n\n\n<figure class=\"wp-block-embed is-type-rich is-provider-twitter wp-block-embed-twitter\"><div class=\"wp-block-embed__wrapper\">\n<blockquote class=\"twitter-tweet\" data-width=\"550\" data-dnt=\"true\"><p lang=\"es\" dir=\"ltr\">&quot;Cacerolazo&quot;<br><br>Porque el sonido de las protestas contra Javier Milei se filtr\u00f3 en la transmisi\u00f3n oficial de la Cadena Nacional.<a href=\"https:\/\/t.co\/NGoDny9bvh\">pic.twitter.com\/NGoDny9bvh<\/a><\/p>&mdash; Resistencia Noticias (@ResistenciaNoti) <a href=\"https:\/\/twitter.com\/ResistenciaNoti\/status\/1896008628878131580?ref_src=twsrc%5Etfw\">March 2, 2025<\/a><\/blockquote><script async src=\"https:\/\/platform.twitter.com\/widgets.js\" charset=\"utf-8\"><\/script>\n<\/div><\/figure>\n","protected":false},"excerpt":{"rendered":"<p>Este s\u00e1bado 1 de marzo de 2025 a las 21:00 horas, el presidente Javier Milei tiene previsto inaugurar el 143\u00ba per\u00edodo de sesiones ordinarias del Congreso Nacional con un discurso que ser\u00e1 transmitido por cadena nacional. En paralelo, diversos sectores de la sociedad han convocado a manifestaciones en forma de cacerolazos y apagones durante el&#8230;<\/p>\n","protected":false},"author":1,"featured_media":2184,"comment_status":"open","ping_status":"open","sticky":false,"template":"","format":"standard","meta":{"_monsterinsights_skip_tracking":false,"_monsterinsights_sitenote_active":false,"_monsterinsights_sitenote_note":"","_monsterinsights_sitenote_category":0,"footnotes":"","jetpack_publicize_message":"","jetpack_publicize_feature_enabled":true,"jetpack_social_post_already_shared":true,"jetpack_social_options":{"image_generator_settings":{"template":"highway","default_image_id":0,"font":"","enabled":false},"version":2}},"categories":[2],"tags":[805,257,45],"class_list":["post-2185","post","type-post","status-publish","format-standard","has-post-thumbnail","hentry","category-politica","tag-cacerolazo","tag-congreso","tag-milei"],"jetpack_publicize_connections":[],"_links":{"self":[{"href":"https:\/\/www.enorsai.com\/noticias\/wp-json\/wp\/v2\/posts\/2185","targetHints":{"allow":["GET"]}}],"collection":[{"href":"https:\/\/www.enorsai.com\/noticias\/wp-json\/wp\/v2\/posts"}],"about":[{"href":"https:\/\/www.enorsai.com\/noticias\/wp-json\/wp\/v2\/types\/post"}],"author":[{"embeddable":true,"href":"https:\/\/www.enorsai.com\/noticias\/wp-json\/wp\/v2\/users\/1"}],"replies":[{"embeddable":true,"href":"https:\/\/www.enorsai.com\/noticias\/wp-json\/wp\/v2\/comments?post=2185"}],"version-history":[{"count":2,"href":"https:\/\/www.enorsai.com\/noticias\/wp-json\/wp\/v2\/posts\/2185\/revisions"}],"predecessor-version":[{"id":2187,"href":"https:\/\/www.enorsai.com\/noticias\/wp-json\/wp\/v2\/posts\/2185\/revisions\/2187"}],"wp:featuredmedia":[{"embeddable":true,"href":"https:\/\/www.enorsai.com\/noticias\/wp-json\/wp\/v2\/media\/2184"}],"wp:attachment":[{"href":"https:\/\/www.enorsai.com\/noticias\/wp-json\/wp\/v2\/media?parent=2185"}],"wp:term":[{"taxonomy":"category","embeddable":true,"href":"https:\/\/www.enorsai.com\/noticias\/wp-json\/wp\/v2\/categories?post=2185"},{"taxonomy":"post_tag","embeddable":true,"href":"https:\/\/www.enorsai.com\/noticias\/wp-json\/wp\/v2\/tags?post=2185"}],"curies":[{"name":"wp","href":"https:\/\/api.w.org\/{rel}","templated":true}]}}