{"id":2177,"date":"2025-03-01T15:49:11","date_gmt":"2025-03-01T18:49:11","guid":{"rendered":"https:\/\/www.enorsai.com\/noticias\/?p=2177"},"modified":"2025-03-01T16:17:15","modified_gmt":"2025-03-01T19:17:15","slug":"emergencia-en-buenos-aires-el-gobierno-de-kicillof-refuerza-la-asistencia-tras-el-devastador-temporal","status":"publish","type":"post","link":"https:\/\/www.enorsai.com\/noticias\/sociedad\/emergencia-en-buenos-aires-el-gobierno-de-kicillof-refuerza-la-asistencia-tras-el-devastador-temporal\/","title":{"rendered":"Emergencia en Buenos Aires: el gobierno de Kicillof refuerza la asistencia tras el devastador temporal"},"content":{"rendered":"\n<p>El Ministerio de Desarrollo de la Comunidad de la Provincia de Buenos Aires, liderado por Andr\u00e9s Larroque, ha intensificado su asistencia en respuesta al reciente temporal que afect\u00f3 a diversas regiones de la provincia. Equipos de la Direcci\u00f3n de Intervenci\u00f3n Social en la Emergencia se desplazaron a los municipios de Olavarr\u00eda y Nueve de Julio para coordinar acciones de ayuda y relevar los da\u00f1os causados por las intensas lluvias y vientos. <br><br>En Olavarr\u00eda, el director de Intervenci\u00f3n Social en la Emergencia, Fernando Mantelli, se reuni\u00f3 con el intendente Maximiliano Wesner. Posteriormente, en Nueve de Julio, Mantelli mantuvo un encuentro con la intendenta Mar\u00eda Jos\u00e9 Gentile. Durante estas visitas, se evaluaron \u00e1reas inundadas, anegamientos y da\u00f1os en techos, destacando la importancia de la colaboraci\u00f3n entre la provincia y los municipios para mitigar los efectos del temporal. <\/p>\n\n\n\n<figure class=\"wp-block-embed is-type-rich is-provider-twitter wp-block-embed-twitter\"><div class=\"wp-block-embed__wrapper\">\n<blockquote class=\"twitter-tweet\" data-width=\"550\" data-dnt=\"true\"><p lang=\"es\" dir=\"ltr\">Asistencia provincial por el temporal.<br><br>Los equipos del Ministerio estuvieron presentes en Olavarr\u00eda y Nueve de Julio para relevar y coordinar la asistencia a las familias bonaerenses damnificadas por el temporal de  lluvia y viento de los \u00faltimos d\u00edas.<br><br>En este momento nos\u2026 <a href=\"https:\/\/t.co\/q2qnxhAK2z\">pic.twitter.com\/q2qnxhAK2z<\/a><\/p>&mdash; Andr\u00e9s Larroque (@larroqueandres) <a href=\"https:\/\/twitter.com\/larroqueandres\/status\/1895882592542458340?ref_src=twsrc%5Etfw\">March 1, 2025<\/a><\/blockquote><script async src=\"https:\/\/platform.twitter.com\/widgets.js\" charset=\"utf-8\"><\/script>\n<\/div><\/figure>\n\n\n\n<p><br><br>Adem\u00e1s, el Ministerio inform\u00f3 que est\u00e1 en contacto con 25 distritos bonaerenses que reportaron da\u00f1os debido a las fuertes lluvias y r\u00e1fagas de viento. Se han enviado materiales como chapas, tirantes, colchones, frazadas, elementos de limpieza y bidones de agua a los municipios afectados. El gobernador Axel Kicillof sigue de cerca la evoluci\u00f3n de la situaci\u00f3n clim\u00e1tica y ha dispuesto los recursos necesarios para asistir a las familias damnificadas. <br><br>Estas acciones reflejan el compromiso del gobierno provincial en brindar asistencia inmediata y efectiva a las comunidades afectadas por fen\u00f3menos clim\u00e1ticos adversos, reforzando la colaboraci\u00f3n con las autoridades locales para garantizar el bienestar de los ciudadanos.<\/p>\n\n\n\n<p><\/p>\n","protected":false},"excerpt":{"rendered":"<p>El Ministerio de Desarrollo de la Comunidad de la Provincia de Buenos Aires, liderado por Andr\u00e9s Larroque, ha intensificado su asistencia en respuesta al reciente temporal que afect\u00f3 a diversas regiones de la provincia. Equipos de la Direcci\u00f3n de Intervenci\u00f3n Social en la Emergencia se desplazaron a los municipios de Olavarr\u00eda y Nueve de Julio&#8230;<\/p>\n","protected":false},"author":1,"featured_media":2178,"comment_status":"open","ping_status":"open","sticky":false,"template":"","format":"standard","meta":{"_monsterinsights_skip_tracking":false,"_monsterinsights_sitenote_active":false,"_monsterinsights_sitenote_note":"","_monsterinsights_sitenote_category":0,"footnotes":"","jetpack_publicize_message":"","jetpack_publicize_feature_enabled":true,"jetpack_social_post_already_shared":true,"jetpack_social_options":{"image_generator_settings":{"template":"highway","default_image_id":0,"font":"","enabled":false},"version":2}},"categories":[4],"tags":[],"class_list":["post-2177","post","type-post","status-publish","format-standard","has-post-thumbnail","hentry","category-sociedad"],"jetpack_publicize_connections":[],"_links":{"self":[{"href":"https:\/\/www.enorsai.com\/noticias\/wp-json\/wp\/v2\/posts\/2177","targetHints":{"allow":["GET"]}}],"collection":[{"href":"https:\/\/www.enorsai.com\/noticias\/wp-json\/wp\/v2\/posts"}],"about":[{"href":"https:\/\/www.enorsai.com\/noticias\/wp-json\/wp\/v2\/types\/post"}],"author":[{"embeddable":true,"href":"https:\/\/www.enorsai.com\/noticias\/wp-json\/wp\/v2\/users\/1"}],"replies":[{"embeddable":true,"href":"https:\/\/www.enorsai.com\/noticias\/wp-json\/wp\/v2\/comments?post=2177"}],"version-history":[{"count":2,"href":"https:\/\/www.enorsai.com\/noticias\/wp-json\/wp\/v2\/posts\/2177\/revisions"}],"predecessor-version":[{"id":2180,"href":"https:\/\/www.enorsai.com\/noticias\/wp-json\/wp\/v2\/posts\/2177\/revisions\/2180"}],"wp:featuredmedia":[{"embeddable":true,"href":"https:\/\/www.enorsai.com\/noticias\/wp-json\/wp\/v2\/media\/2178"}],"wp:attachment":[{"href":"https:\/\/www.enorsai.com\/noticias\/wp-json\/wp\/v2\/media?parent=2177"}],"wp:term":[{"taxonomy":"category","embeddable":true,"href":"https:\/\/www.enorsai.com\/noticias\/wp-json\/wp\/v2\/categories?post=2177"},{"taxonomy":"post_tag","embeddable":true,"href":"https:\/\/www.enorsai.com\/noticias\/wp-json\/wp\/v2\/tags?post=2177"}],"curies":[{"name":"wp","href":"https:\/\/api.w.org\/{rel}","templated":true}]}}