{"id":2174,"date":"2025-03-01T13:28:10","date_gmt":"2025-03-01T16:28:10","guid":{"rendered":"https:\/\/www.enorsai.com\/noticias\/?p=2174"},"modified":"2025-03-01T14:24:54","modified_gmt":"2025-03-01T17:24:54","slug":"despidieron-a-2-mil-trabajadores-de-la-ex-secretaria-de-ninez","status":"publish","type":"post","link":"https:\/\/www.enorsai.com\/noticias\/sociedad\/despidieron-a-2-mil-trabajadores-de-la-ex-secretaria-de-ninez\/","title":{"rendered":"Despidieron a 2 mil trabajadores de la ex Secretar\u00eda de Ni\u00f1ez"},"content":{"rendered":"\n<p>En el marco de las pol\u00edticas de ajuste implementadas por el gobierno de Javier Milei, la ex Secretar\u00eda Nacional de Ni\u00f1ez, Adolescencia y Familia (SENAF), ahora degradada a Subsecretar\u00eda de Pol\u00edticas Familiares, ha sido objeto de una serie de despidos que afectan significativamente su funcionamiento y la atenci\u00f3n a las poblaciones m\u00e1s vulnerables.<br><br>Seg\u00fan denuncias de la Asociaci\u00f3n de Trabajadores del Estado (ATE), la Central de Trabajadores de la Argentina (CTA) y la junta interna de la ex SENAF, se han producido 67 despidos de trabajadores contratados durante 2023 para cubrir bajas en \u00e1reas cr\u00edticas. Estos despidos, sumados a la falta de designaci\u00f3n de autoridades en la subsecretar\u00eda, han generado un \u00abcaos administrativo\u00bb que pone en riesgo la implementaci\u00f3n de pol\u00edticas p\u00fablicas esenciales para la protecci\u00f3n de ni\u00f1os, adolescentes y adultos mayores. <\/p>\n\n\n\n<blockquote class=\"twitter-tweet\"><p lang=\"es\" dir=\"ltr\">Mientras hacen negocios con criptoamigos y designan jueces a dedo, siguen recortando donde m\u00e1s se necesita. Despidieron a 2 mil trabajadores de la ex Secretar\u00eda de Ni\u00f1ez. Es evidente que para Milei los privilegiados no son los ni\u00f1os.<a href=\"https:\/\/t.co\/8ovEqt2Bwu\">https:\/\/t.co\/8ovEqt2Bwu<\/a><\/p>&mdash; Daniel Filmus (@FilmusDaniel) <a href=\"https:\/\/twitter.com\/FilmusDaniel\/status\/1895861513581445229?ref_src=twsrc%5Etfw\">March 1, 2025<\/a><\/blockquote> <script async src=\"https:\/\/platform.twitter.com\/widgets.js\" charset=\"utf-8\"><\/script>\n\n\n\n<p><br><br>Adolfo Dardik, secretario general de la junta interna de la Subsecretar\u00eda, expres\u00f3 su preocupaci\u00f3n por la sobrecarga laboral que enfrentan los trabajadores restantes, especialmente en hogares para adultos mayores, debido a la reducci\u00f3n de personal y la eliminaci\u00f3n de horas extras. Esta situaci\u00f3n compromete la calidad de la asistencia brindada y refleja un desfinanciamiento por parte del Estado nacional, afectando la intervenci\u00f3n territorial desde las pol\u00edticas p\u00fablicas. <br><br>La ausencia de autoridades designadas en la subsecretar\u00eda ha contribuido al desorden administrativo y a la falta de aplicaci\u00f3n de pol\u00edticas para el trabajo cotidiano. Los trabajadores denuncian la falta de comunicaci\u00f3n con las autoridades y manifiestan diferencias ideol\u00f3gicas y metodol\u00f3gicas con la ministra de Capital Humano, Sandra Pettovello, quien recientemente desplaz\u00f3 a la secretaria de Ni\u00f1ez y Familia, Yanina Nano Lembo, tras una pol\u00e9mica por la compra de una cafetera de alto costo. <br><br>Estos despidos en la ex SENAF se enmarcan en un contexto m\u00e1s amplio de ajustes en el sector p\u00fablico y privado. Durante la gesti\u00f3n de Javier Milei, se han registrado 182.000 despidos, afectando tanto a empleados p\u00fablicos como a trabajadores del sector privado. Empresas emblem\u00e1ticas como Changom\u00e1s, Bimbo, PepsiCo, Topper, Danone, Puma, El Noble y Am\u00e9rica TV han llevado a cabo despidos masivos, mientras que multinacionales como HSBC, Xerox, Clorox, Prudential y Nutrien han decidido abandonar el pa\u00eds. <br><br>La situaci\u00f3n en la ex SENAF es especialmente preocupante, ya que el organismo es responsable de dise\u00f1ar y articular pol\u00edticas para la protecci\u00f3n de ni\u00f1os, adolescentes y familias en situaci\u00f3n de vulnerabilidad. Los trabajadores advierten que, de no revertirse los despidos y designarse autoridades competentes, miles de personas quedar\u00e1n desprotegidas en un contexto socioecon\u00f3mico complejo. En sus comunicados, enfatizan que \u00aben el SENAF no sobra nadie\u00bb, destacando la importancia de cada trabajador en la implementaci\u00f3n de pol\u00edticas p\u00fablicas esenciales. <br><br>La comunidad y los gremios contin\u00faan moviliz\u00e1ndose para exigir la reincorporaci\u00f3n de los trabajadores despedidos y la designaci\u00f3n de autoridades que garanticen el funcionamiento adecuado de la subsecretar\u00eda, con el objetivo de asegurar la protecci\u00f3n y asistencia de las poblaciones m\u00e1s vulnerables del pa\u00eds.<\/p>\n\n\n","protected":false},"excerpt":{"rendered":"<p>En el marco de las pol\u00edticas de ajuste implementadas por el gobierno de Javier Milei, la ex Secretar\u00eda Nacional de Ni\u00f1ez, Adolescencia y Familia (SENAF), ahora degradada a Subsecretar\u00eda de Pol\u00edticas Familiares, ha sido objeto de una serie de despidos que afectan significativamente su funcionamiento y la atenci\u00f3n a las poblaciones m\u00e1s vulnerables. Seg\u00fan denuncias&#8230;<\/p>\n","protected":false},"author":1,"featured_media":2175,"comment_status":"open","ping_status":"open","sticky":false,"template":"","format":"standard","meta":{"_monsterinsights_skip_tracking":false,"_monsterinsights_sitenote_active":false,"_monsterinsights_sitenote_note":"","_monsterinsights_sitenote_category":0,"footnotes":"","jetpack_publicize_message":"","jetpack_publicize_feature_enabled":true,"jetpack_social_post_already_shared":true,"jetpack_social_options":{"image_generator_settings":{"template":"highway","default_image_id":0,"font":"","enabled":false},"version":2}},"categories":[4],"tags":[],"class_list":["post-2174","post","type-post","status-publish","format-standard","has-post-thumbnail","hentry","category-sociedad"],"jetpack_publicize_connections":[],"_links":{"self":[{"href":"https:\/\/www.enorsai.com\/noticias\/wp-json\/wp\/v2\/posts\/2174","targetHints":{"allow":["GET"]}}],"collection":[{"href":"https:\/\/www.enorsai.com\/noticias\/wp-json\/wp\/v2\/posts"}],"about":[{"href":"https:\/\/www.enorsai.com\/noticias\/wp-json\/wp\/v2\/types\/post"}],"author":[{"embeddable":true,"href":"https:\/\/www.enorsai.com\/noticias\/wp-json\/wp\/v2\/users\/1"}],"replies":[{"embeddable":true,"href":"https:\/\/www.enorsai.com\/noticias\/wp-json\/wp\/v2\/comments?post=2174"}],"version-history":[{"count":1,"href":"https:\/\/www.enorsai.com\/noticias\/wp-json\/wp\/v2\/posts\/2174\/revisions"}],"predecessor-version":[{"id":2176,"href":"https:\/\/www.enorsai.com\/noticias\/wp-json\/wp\/v2\/posts\/2174\/revisions\/2176"}],"wp:featuredmedia":[{"embeddable":true,"href":"https:\/\/www.enorsai.com\/noticias\/wp-json\/wp\/v2\/media\/2175"}],"wp:attachment":[{"href":"https:\/\/www.enorsai.com\/noticias\/wp-json\/wp\/v2\/media?parent=2174"}],"wp:term":[{"taxonomy":"category","embeddable":true,"href":"https:\/\/www.enorsai.com\/noticias\/wp-json\/wp\/v2\/categories?post=2174"},{"taxonomy":"post_tag","embeddable":true,"href":"https:\/\/www.enorsai.com\/noticias\/wp-json\/wp\/v2\/tags?post=2174"}],"curies":[{"name":"wp","href":"https:\/\/api.w.org\/{rel}","templated":true}]}}