{"id":2157,"date":"2025-03-01T08:56:11","date_gmt":"2025-03-01T11:56:11","guid":{"rendered":"https:\/\/www.enorsai.com\/noticias\/?p=2157"},"modified":"2025-03-01T08:56:11","modified_gmt":"2025-03-01T11:56:11","slug":"el-criptogate-de-milei-la-trama-de-sobornos-y-estafas-que-sacude-su-gobierno","status":"publish","type":"post","link":"https:\/\/www.enorsai.com\/noticias\/politica\/el-criptogate-de-milei-la-trama-de-sobornos-y-estafas-que-sacude-su-gobierno\/","title":{"rendered":"El Criptogate de Milei: la trama de sobornos y estafas que sacude su gobierno"},"content":{"rendered":"\n<p><strong>Una red de empresarios ligados a las criptomonedas denuncia que se les exigieron coimas millonarias para acceder a Javier Milei. En el centro del esc\u00e1ndalo, un asesor presidencial y una estafa con un &#8216;memecoin&#8217;.<\/strong><\/p>\n\n\n\n<p>Javier Milei ha sido un ferviente defensor de las criptomonedas y el \u00abtecnooptimismo\u00bb. Sin embargo, su gobierno ha quedado salpicado por un esc\u00e1ndalo de sobornos y estafas que involucra a figuras clave de su entorno. Empresarios vinculados al mundo de las cripto han denunciado que fueron presionados para pagar hasta 500 mil d\u00f3lares por reuniones con el presidente, mientras que una criptomoneda promovida por Milei termin\u00f3 en un fraude multimillonario. En el centro de la tormenta se encuentran Mauricio Novelli, un operador financiero de estrecha relaci\u00f3n con Milei, y Hayden Davis, el creador del token $Libra, que se desplom\u00f3 luego de haber sido impulsado por el mandatario.<\/p>\n\n\n\n<h2 class=\"wp-block-heading\"><strong>Milei, las cripto y una trama de sobornos<\/strong><\/h2>\n\n\n\n<p>Las primeras alarmas se encendieron cuando Charles Hoskinson, fundador de Cardano, denunci\u00f3 que hab\u00eda recibido pedidos de dinero a cambio de una reuni\u00f3n con el presidente argentino durante el evento Tech Forum en Buenos Aires. Hoskinson revel\u00f3 que Novelli y Davis le ofrecieron un acceso exclusivo a Milei a cambio de una suma considerable de dinero. Su negativa dej\u00f3 en evidencia una pr\u00e1ctica que, seg\u00fan una investigaci\u00f3n de The New York Times, fue habitual en aquel evento.<\/p>\n\n\n\n<p>El diario estadounidense revel\u00f3 que al menos cuatro empresarios cripto fueron presionados para pagar entre 50 mil y 500 mil d\u00f3lares por reuniones con Milei. Seg\u00fan el testimonio de un asistente al Tech Forum, Novelli lleg\u00f3 a ofrecer encuentros con el presidente a cambio de contratos de \u00abconsultor\u00eda\u00bb por medio mill\u00f3n de d\u00f3lares. Pero lo m\u00e1s grave es que las pr\u00e1cticas extorsivas no fueron aisladas: el propio Davis admiti\u00f3 en audios filtrados que \u00abten\u00eda control\u00bb sobre Milei y pod\u00eda negociar \u00abtodo lo relacionado con el presidente\u00bb. En un documento visto por The New York Times, Davis incluso ofreci\u00f3 una reuni\u00f3n con Milei y una asociaci\u00f3n con el gobierno argentino a cambio de 90 millones de d\u00f3lares en criptomonedas en 27 meses.<\/p>\n\n\n\n<div class=\"wp-block-jetpack-related-posts\">\n<h2 class=\"wp-block-heading\"><\/h2>\n<\/div>\n\n\n\n<h2 class=\"wp-block-heading\"><strong>$Libra: de promesa a estafa<\/strong><\/h2>\n\n\n\n<p>El 14 de febrero, Javier Milei promocion\u00f3 $Libra como una herramienta para apoyar a peque\u00f1os emprendedores. En solo minutos, el token pas\u00f3 de valer cero a alcanzar los 4,7 d\u00f3lares, inflando su valor global hasta los 4.500 millones de d\u00f3lares. Pero la burbuja estall\u00f3 cuando las principales billeteras que concentraban la mayor\u00eda de los tokens retiraron 90 millones de d\u00f3lares, desplomando su valor y dejando a miles de inversores en la ruina. Se trataba de una cl\u00e1sica estafa conocida como \u00abrug pull\u00bb: inflar artificialmente un activo para atraer incautos y luego retirar todo el dinero, dejando a los dem\u00e1s con las manos vac\u00edas.<\/p>\n\n\n\n<p>La participaci\u00f3n de Milei en la operaci\u00f3n es, como m\u00ednimo, sospechosa. Su mensaje promocional de $Libra dur\u00f3 cuatro horas en redes sociales antes de ser eliminado. Reci\u00e9n entonces el presidente intent\u00f3 despegarse de la criptomoneda fraudulenta, alegando que \u00abno estaba interiorizado del proyecto\u00bb. Sin embargo, el historial de Milei con las cripto sugiere lo contrario. En 2022, ya hab\u00eda promocionado Vulcano, otra criptomoneda que result\u00f3 ser un fracaso financiero.<\/p>\n\n\n\n<h2 class=\"wp-block-heading\"><strong>Los nexos oscuros del entorno presidencial<\/strong><\/h2>\n\n\n\n<p>La investigaci\u00f3n period\u00edstica tambi\u00e9n apunta a la relaci\u00f3n de Milei con Mauricio Novelli, un trader que fue su profesor en una academia de negocios y que lo acompa\u00f1\u00f3 durante su campa\u00f1a. Novelli ya hab\u00eda estado involucrado en la promoci\u00f3n de criptomonedas fallidas y ahora aparece como el nexo entre el presidente y los empresarios que pagaban por reuniones privadas. En el esc\u00e1ndalo tambi\u00e9n aparece Manuel Terrones Godoy, socio de Novelli y organizador del Tech Forum, quien en enero pasado asegur\u00f3 que la financiaci\u00f3n pol\u00edtica a trav\u00e9s de criptoactivos era el \u00abnuevo modelo de financiamiento de presidentes y dirigentes\u00bb.<\/p>\n\n\n\n<p>El esc\u00e1ndalo ya escal\u00f3 al plano judicial. El fiscal Eduardo Taiano inici\u00f3 una investigaci\u00f3n en Comodoro Py y ya se han presentado m\u00faltiples denuncias contra los responsables de la estafa de $Libra. Mientras tanto, en Estados Unidos tambi\u00e9n se acumulan denuncias de damnificados que podr\u00edan derivar en un proceso penal contra los organizadores de la operaci\u00f3n.<\/p>\n\n\n\n<figure class=\"wp-block-embed is-type-wp-embed is-provider-incrustado wp-block-embed-incrustado\"><div class=\"wp-block-embed__wrapper\">\n<blockquote class=\"wp-embedded-content\" data-secret=\"vVv51K7ynn\"><a href=\"https:\/\/www.enorsai.com\/noticias\/politica\/kicillof-el-narcotrafico-crece-y-milei-es-el-principal-responsable\/\">Kicillof: El narcotr\u00e1fico crece y Milei es el principal responsable<\/a><\/blockquote><iframe loading=\"lazy\" class=\"wp-embedded-content\" sandbox=\"allow-scripts\" security=\"restricted\" style=\"position: absolute; visibility: hidden;\" title=\"\u00abKicillof: El narcotr\u00e1fico crece y Milei es el principal responsable\u00bb \u2014 \" src=\"https:\/\/www.enorsai.com\/noticias\/politica\/kicillof-el-narcotrafico-crece-y-milei-es-el-principal-responsable\/embed\/#?secret=owAvrv0xZR#?secret=vVv51K7ynn\" data-secret=\"vVv51K7ynn\" width=\"600\" height=\"338\" frameborder=\"0\" marginwidth=\"0\" marginheight=\"0\" scrolling=\"no\"><\/iframe>\n<\/div><\/figure>\n\n\n\n<p><\/p>\n\n\n\n<h2 class=\"wp-block-heading\"><strong>Milei, un presidente cercado por la corrupci\u00f3n<\/strong><\/h2>\n\n\n\n<p>A pesar de su discurso de \u00abcambio\u00bb y \u00abanticorrupci\u00f3n\u00bb, el gobierno de Javier Milei est\u00e1 envuelto en una de las tramas de sobornos m\u00e1s escandalosas de la historia reciente. El uso de la influencia presidencial para vender reuniones privadas con empresarios expone una estructura mafiosa enquistada en su gesti\u00f3n.<\/p>\n\n\n\n<p>La estafa de $Libra y las coimas denunciadas por empresarios cripto no son hechos aislados, sino parte de un patr\u00f3n que se repite: promesas vac\u00edas, negociados turbios y un presidente que se desentiende de sus responsabilidades cuando la corrupci\u00f3n sale a la luz. Lo que Milei intent\u00f3 vender como \u00ablibertad financiera\u00bb ha resultado ser una monumental estafa en la que solo ganaron los de siempre: los operadores financieros, los especuladores y su c\u00edrculo m\u00e1s cercano. Mientras tanto, el resto de los argentinos sigue pagando las consecuencias de un gobierno que, en lugar de combatir la corrupci\u00f3n, la institucionaliza.<\/p>\n\n\n\n<p><\/p>\n\n\n","protected":false},"excerpt":{"rendered":"<p>El gobierno de Javier Milei enfrenta una crisis por el juicio de la &#8216;Megacausa Zona V&#8217;, que expone cr\u00edmenes de lesa humanidad de la dictadura. Su silencio y relativizaci\u00f3n de estos hechos evidencian una peligrosa reivindicaci\u00f3n del terrorismo de Estado, mientras organismos de derechos humanos denuncian su pol\u00edtica negacionista.<\/p>\n","protected":false},"author":1,"featured_media":2159,"comment_status":"open","ping_status":"open","sticky":false,"template":"","format":"standard","meta":{"_monsterinsights_skip_tracking":false,"_monsterinsights_sitenote_active":false,"_monsterinsights_sitenote_note":"","_monsterinsights_sitenote_category":0,"footnotes":"","jetpack_publicize_message":"","jetpack_publicize_feature_enabled":true,"jetpack_social_post_already_shared":true,"jetpack_social_options":{"image_generator_settings":{"template":"highway","default_image_id":0,"font":"","enabled":false},"version":2}},"categories":[2],"tags":[69,207,799,98,70,45,801,365,800],"class_list":["post-2157","post","type-post","status-publish","format-standard","has-post-thumbnail","hentry","category-politica","tag-derechos","tag-dictadura","tag-genocidio","tag-impunidad","tag-justicia","tag-milei","tag-negacionismo","tag-represion","tag-terrorismo"],"jetpack_publicize_connections":[],"_links":{"self":[{"href":"https:\/\/www.enorsai.com\/noticias\/wp-json\/wp\/v2\/posts\/2157","targetHints":{"allow":["GET"]}}],"collection":[{"href":"https:\/\/www.enorsai.com\/noticias\/wp-json\/wp\/v2\/posts"}],"about":[{"href":"https:\/\/www.enorsai.com\/noticias\/wp-json\/wp\/v2\/types\/post"}],"author":[{"embeddable":true,"href":"https:\/\/www.enorsai.com\/noticias\/wp-json\/wp\/v2\/users\/1"}],"replies":[{"embeddable":true,"href":"https:\/\/www.enorsai.com\/noticias\/wp-json\/wp\/v2\/comments?post=2157"}],"version-history":[{"count":1,"href":"https:\/\/www.enorsai.com\/noticias\/wp-json\/wp\/v2\/posts\/2157\/revisions"}],"predecessor-version":[{"id":2160,"href":"https:\/\/www.enorsai.com\/noticias\/wp-json\/wp\/v2\/posts\/2157\/revisions\/2160"}],"wp:featuredmedia":[{"embeddable":true,"href":"https:\/\/www.enorsai.com\/noticias\/wp-json\/wp\/v2\/media\/2159"}],"wp:attachment":[{"href":"https:\/\/www.enorsai.com\/noticias\/wp-json\/wp\/v2\/media?parent=2157"}],"wp:term":[{"taxonomy":"category","embeddable":true,"href":"https:\/\/www.enorsai.com\/noticias\/wp-json\/wp\/v2\/categories?post=2157"},{"taxonomy":"post_tag","embeddable":true,"href":"https:\/\/www.enorsai.com\/noticias\/wp-json\/wp\/v2\/tags?post=2157"}],"curies":[{"name":"wp","href":"https:\/\/api.w.org\/{rel}","templated":true}]}}