{"id":2140,"date":"2025-02-28T23:30:00","date_gmt":"2025-03-01T02:30:00","guid":{"rendered":"https:\/\/www.enorsai.com\/noticias\/?p=2140"},"modified":"2025-02-28T23:09:41","modified_gmt":"2025-03-01T02:09:41","slug":"el-hermano-de-trebucq-marcho-por-la-salud-publica-dejando-en-ridiculo-al-pelado-mileista","status":"publish","type":"post","link":"https:\/\/www.enorsai.com\/noticias\/sociedad\/el-hermano-de-trebucq-marcho-por-la-salud-publica-dejando-en-ridiculo-al-pelado-mileista\/","title":{"rendered":"El hermano de Trebucq march\u00f3 por la salud p\u00fablica dejando en rid\u00edculo al pelado mileista"},"content":{"rendered":"\n<p><strong><em>Mat\u00edas Trebucq, hermano del periodista cercano a Javier Milei, se sum\u00f3 a la multitudinaria Marcha Federal por la Salud P\u00fablica junto a Myriam Bregman. Su presencia expone la grieta dentro del oficialismo y el cinismo de quienes desmantelan el sistema sanitario mientras sus propias familias lo defienden.<\/em><\/strong><\/p>\n\n\n\n<p>Mientras el gobierno de Javier Milei avanza con su brutal ajuste sobre la salud p\u00fablica, uno de los voceros medi\u00e1ticos del oficialismo, Esteban Trebucq, queda en una situaci\u00f3n inc\u00f3moda: su propio hermano, Mat\u00edas, se moviliz\u00f3 junto a los gremios y sectores de izquierda en defensa del sistema sanitario. Un hecho que desnuda las contradicciones del discurso libertario y la falta de respaldo social a las pol\u00edticas de Milei.<\/p>\n\n\n\n<p><\/p>\n\n\n\n<p>El colapso de la salud p\u00fablica en Argentina tiene responsables claros: un gobierno que ajusta sin miramientos y que, bajo la excusa de la \u00ablibertad de mercado\u00bb, deja en ruinas el sistema sanitario. Sin embargo, el rechazo social es cada vez m\u00e1s evidente, y la Marcha Federal por la Salud P\u00fablica lo demostr\u00f3 con contundencia. En este contexto, una figura inesperada cobr\u00f3 protagonismo: Mat\u00edas Trebucq, hermano del periodista Esteban Trebucq, uno de los m\u00e1s fervientes defensores medi\u00e1ticos del oficialismo.<\/p>\n\n\n\n<p>La imagen de Mat\u00edas, un m\u00e9dico oriundo de La Plata, marchando junto a la exdiputada Myriam Bregman y los gremios de la salud, gener\u00f3 revuelo en redes sociales y expuso la hipocres\u00eda del mile\u00edsmo. \u00abHoy march\u00e9 con Trebucq en defensa de la salud p\u00fablica\u00bb, escribi\u00f3 Bregman en su cuenta de X, acompa\u00f1ando su publicaci\u00f3n con una foto junto al profesional. La paradoja es ineludible: mientras el gobierno destruye el sistema sanitario, quienes lo defienden en los medios ven a sus propios familiares movilizarse en contra de sus pol\u00edticas.<\/p>\n\n\n\n<div class=\"wp-block-jetpack-related-posts\">\n<h2 class=\"wp-block-heading\"><\/h2>\n<\/div>\n\n\n\n<p><\/p>\n\n\n\n<p>Esteban Trebucq intent\u00f3 relativizar el hecho. En una entrevista con La Naci\u00f3n, el periodista reconoci\u00f3 que su hermano milita con Bregman y que en su familia existen profundas diferencias ideol\u00f3gicas. \u00abMi viejo era liberal, pero mis hermanos no lo son. Mat\u00edas milita con Myriam Bregman\u00bb, admiti\u00f3, aunque sin abandonar su habitual tono provocador. La contradicci\u00f3n es innegable: mientras \u00e9l se encarga de amplificar el relato oficialista, su propio entorno cercano le demuestra que la realidad es otra.<\/p>\n\n\n\n<p>La Marcha Federal por la Salud P\u00fablica fue una respuesta masiva a los recortes presupuestarios que ponen en jaque hospitales, centros de atenci\u00f3n y programas esenciales. Lejos del relato oficial de \u00abachicar el Estado para liberar a la gente\u00bb, los profesionales de la salud denuncian la falta de insumos, el deterioro de los hospitales y el \u00e9xodo de m\u00e9dicos ante la precarizaci\u00f3n laboral. En este escenario, la presencia de Mat\u00edas Trebucq junto a los gremios se vuelve un s\u00edmbolo de la resistencia contra las pol\u00edticas de Milei.<\/p>\n\n\n\n<p>Las contradicciones dentro del oficialismo se multiplican. Mientras Javier Milei proclama la libertad individual como su bandera, su gobierno recorta derechos b\u00e1sicos como el acceso a la salud. Mientras los voceros medi\u00e1ticos del mile\u00edsmo demonizan la lucha gremial, sus propios familiares entienden que sin organizaci\u00f3n y movilizaci\u00f3n no hay futuro para el sistema sanitario.<\/p>\n\n\n\n<p>La actitud de Esteban Trebucq, intentando justificar la postura de su hermano con frases como \u00abest\u00e1 confundido, pero es buen tipo\u00bb, es un reflejo del cinismo con el que el oficialismo y sus voceros intentan minimizar la realidad. No es confusi\u00f3n, es conciencia. La salud p\u00fablica no es un capricho ideol\u00f3gico, sino una necesidad fundamental de millones de argentinos. Mat\u00edas Trebucq lo entendi\u00f3 y sali\u00f3 a la calle a defenderlo. Su hermano prefiere seguir amplificando el discurso de un gobierno que desmantela el pa\u00eds en nombre de la \u00ablibertad\u00bb.<\/p>\n\n\n\n<p>El relato libertario tambalea frente a los hechos. La realidad es que el ajuste en la salud p\u00fablica no tiene justificaci\u00f3n posible, ni siquiera para quienes lo defienden en los medios. Mat\u00edas Trebucq lo demostr\u00f3 con su presencia en la marcha, y su gesto pone en jaque a un gobierno que se niega a escuchar el clamor popular. <\/p>\n\n\n\n<p>Fuente:<\/p>\n\n\n\n<ul class=\"wp-block-list\">\n<li><a href=\"https:\/\/www.infogremiales.com.ar\/el-hermano-del-pelado-trebucq-marcho-con-los-gremios-en-defensa-de-la-salud-publica\/\">https:\/\/www.infogremiales.com.ar\/el-hermano-del-pelado-trebucq-marcho-con-los-gremios-en-defensa-de-la-salud-publica\/<\/a><\/li>\n<\/ul>\n\n\n\n<p><\/p>\n\n\n","protected":false},"excerpt":{"rendered":"<p>Mat\u00edas Trebucq, hermano del periodista ultra mile\u00edsta, march\u00f3 con gremios y Myriam Bregman en defensa de la salud p\u00fablica, evidenciando fracturas ideol\u00f3gicas incluso en su propia familia. Mientras Milei desfinancia hospitales y ataca la salud p\u00fablica, la protesta suma voces inesperadas. <\/p>\n","protected":false},"author":1,"featured_media":2142,"comment_status":"open","ping_status":"open","sticky":false,"template":"","format":"standard","meta":{"_monsterinsights_skip_tracking":false,"_monsterinsights_sitenote_active":false,"_monsterinsights_sitenote_note":"","_monsterinsights_sitenote_category":0,"footnotes":"","jetpack_publicize_message":"\ud83d\udca3 \u00a1Sorpresa en la Marcha Federal por la Salud P\u00fablica! Mat\u00edas Trebucq, hermano del periodista af\u00edn a Milei, se sum\u00f3 a los gremios y a Myriam Bregman en defensa de los hospitales p\u00fablicos. Mientras el gobierno desmantela el sistema de salud, la resistencia crece. \ud83d\udea8\ud83d\udc89","jetpack_publicize_feature_enabled":true,"jetpack_social_post_already_shared":true,"jetpack_social_options":{"image_generator_settings":{"template":"highway","enabled":false},"version":2}},"categories":[4],"tags":[58,791,43,793,794,45,371,795,249,792],"class_list":["post-2140","post","type-post","status-publish","format-standard","has-post-thumbnail","hentry","category-sociedad","tag-ajuste","tag-bregman","tag-crisis","tag-gremios","tag-hospitales","tag-milei","tag-protesta","tag-recortes","tag-salud","tag-trebucq"],"jetpack_publicize_connections":[],"_links":{"self":[{"href":"https:\/\/www.enorsai.com\/noticias\/wp-json\/wp\/v2\/posts\/2140","targetHints":{"allow":["GET"]}}],"collection":[{"href":"https:\/\/www.enorsai.com\/noticias\/wp-json\/wp\/v2\/posts"}],"about":[{"href":"https:\/\/www.enorsai.com\/noticias\/wp-json\/wp\/v2\/types\/post"}],"author":[{"embeddable":true,"href":"https:\/\/www.enorsai.com\/noticias\/wp-json\/wp\/v2\/users\/1"}],"replies":[{"embeddable":true,"href":"https:\/\/www.enorsai.com\/noticias\/wp-json\/wp\/v2\/comments?post=2140"}],"version-history":[{"count":2,"href":"https:\/\/www.enorsai.com\/noticias\/wp-json\/wp\/v2\/posts\/2140\/revisions"}],"predecessor-version":[{"id":2143,"href":"https:\/\/www.enorsai.com\/noticias\/wp-json\/wp\/v2\/posts\/2140\/revisions\/2143"}],"wp:featuredmedia":[{"embeddable":true,"href":"https:\/\/www.enorsai.com\/noticias\/wp-json\/wp\/v2\/media\/2142"}],"wp:attachment":[{"href":"https:\/\/www.enorsai.com\/noticias\/wp-json\/wp\/v2\/media?parent=2140"}],"wp:term":[{"taxonomy":"category","embeddable":true,"href":"https:\/\/www.enorsai.com\/noticias\/wp-json\/wp\/v2\/categories?post=2140"},{"taxonomy":"post_tag","embeddable":true,"href":"https:\/\/www.enorsai.com\/noticias\/wp-json\/wp\/v2\/tags?post=2140"}],"curies":[{"name":"wp","href":"https:\/\/api.w.org\/{rel}","templated":true}]}}