{"id":2117,"date":"2025-02-28T08:05:30","date_gmt":"2025-02-28T11:05:30","guid":{"rendered":"https:\/\/www.enorsai.com\/noticias\/?p=2117"},"modified":"2025-02-28T22:13:12","modified_gmt":"2025-03-01T01:13:12","slug":"se-cree-emperador-milei-pide-la-renuncia-de-kicillof-y-amenaza-intervenir-la-provincia","status":"publish","type":"post","link":"https:\/\/www.enorsai.com\/noticias\/politica\/se-cree-emperador-milei-pide-la-renuncia-de-kicillof-y-amenaza-intervenir-la-provincia\/","title":{"rendered":"Se cree emperador: Milei pide la renuncia de Kicillof y amenaza intervenir la provincia"},"content":{"rendered":"\n<p><strong><em>Javier Milei, l\u00edder aut\u00f3crata de La Libertad Avanza y presidente electo de Argentina, ha intensificado sus cr\u00edticas contra el gobernador de la provincia de Buenos Aires, Axel Kicillof, pidi\u00e9ndole formalmente su renuncia y sugiriendo la intervenci\u00f3n de la provincia debido a la creciente violencia y el mal manejo de la seguridad.<br><\/em><\/strong><br>En una carta dirigida a Kicillof, Milei expres\u00f3 su descontento con las pol\u00edticas del gobernador, especialmente en relaci\u00f3n a su enfoque sobre la criminalidad. Seg\u00fan Milei, Kicillof parece defender a los delincuentes en lugar de luchar contra ellos, citando la influencia de figuras como Eugenio Zaffaroni, defensor de los derechos humanos de los criminales. En contraste, el economista destac\u00f3 la postura de su propio espacio pol\u00edtico, que aboga por la \u00abtolerancia cero\u00bb, tomando como ejemplo a las pol\u00edticas de seguridad de ciudades como Nueva York y Bogot\u00e1 bajo los gobiernos de Rudy Giuliani y Andr\u00e9s Becker.<br><br>Milei tambi\u00e9n se\u00f1al\u00f3 la \u00abincapacidad\u00bb de Kicillof para administrar la provincia y lo acus\u00f3 de ser un fracaso en su gesti\u00f3n. Seg\u00fan el presidente electo, si el gobernador realmente se preocupa por el bienestar de los bonaerenses, deber\u00eda dar un paso al costado para permitir que su administraci\u00f3n intervenga y ponga fin a la violencia que aqueja a la provincia. \u00abNosotros en un a\u00f1o vamos a terminar con la violencia\u00bb, sentenci\u00f3 Milei, asumiendo la responsabilidad de enfrentar los problemas de seguridad en Buenos Aires si Kicillof no renuncia.<br><br>Con este mensaje, Milei no solo cuestiona la eficacia del gobernador en la gesti\u00f3n de la provincia, sino que tambi\u00e9n deja abierta la posibilidad de una intervenci\u00f3n federal, un tema que ya hab\u00eda sido mencionado en varias ocasiones durante la campa\u00f1a presidencial. La carta, cargada de fuertes cr\u00edticas, pone en evidencia la distancia ideol\u00f3gica entre Milei y Kicillof, y deja claro que el futuro presidente no dudar\u00e1 en tomar decisiones dr\u00e1sticas si considera que la situaci\u00f3n lo amerita.<\/p>\n\n\n\n<figure class=\"wp-block-embed is-type-wp-embed is-provider-incrustado wp-block-embed-incrustado\"><div class=\"wp-block-embed__wrapper\">\n<blockquote class=\"wp-embedded-content\" data-secret=\"QcHTxcn5iu\"><a href=\"https:\/\/www.enorsai.com\/noticias\/politica\/diputada-libertaria-borro-las-fotos-con-foster-gillett-luego-de-estafar-a-river-y-velez\/\">Diputada libertaria borr\u00f3 las fotos con Foster Gillett luego de estafar a River y V\u00e9lez<\/a><\/blockquote><iframe loading=\"lazy\" class=\"wp-embedded-content\" sandbox=\"allow-scripts\" security=\"restricted\" style=\"position: absolute; visibility: hidden;\" title=\"\u00abDiputada libertaria borr\u00f3 las fotos con Foster Gillett luego de estafar a River y V\u00e9lez\u00bb \u2014 \" src=\"https:\/\/www.enorsai.com\/noticias\/politica\/diputada-libertaria-borro-las-fotos-con-foster-gillett-luego-de-estafar-a-river-y-velez\/embed\/#?secret=Ou7PHJ2zlo#?secret=QcHTxcn5iu\" data-secret=\"QcHTxcn5iu\" width=\"600\" height=\"338\" frameborder=\"0\" marginwidth=\"0\" marginheight=\"0\" scrolling=\"no\"><\/iframe>\n<\/div><\/figure>\n\n\n\n<p><\/p>\n\n\n\n<p><strong>Defensa de Axel Kicillof frente a los ataques de Javier Milei<\/strong><br><br>La reciente carta de Javier Milei hacia el gobernador Axel Kicillof, en la que exige su renuncia y amenaza con intervenir la provincia de Buenos Aires, revela no solo un fuerte enfrentamiento pol\u00edtico, sino tambi\u00e9n una visi\u00f3n simplificada de los problemas que atraviesa . Sin embargo, es crucial examinar y cuestionar las cr\u00edticas planteadas por Milei, ya que presentan una interpretaci\u00f3n parcial de la realidad y desatienden algunos aspectos fundamentales de la gesti\u00f3n de Kicillof.<br><br>En primer lugar, Milei acusa a Kicillof de tener una \u00abdoctrina prodelincuentes\u00bb, aludiendo a la influencia de Eugenio Zaffaroni en las pol\u00edticas de derechos humanos. Sin embargo, esta visi\u00f3n de Kicillof es reduccionista. El gobernador ha mantenido un enfoque integral hacia la seguridad, no solo en el endurecimiento de las penas, sino tambi\u00e9n en el tratamiento de las causas estructurales de la violencia. La estrategia de Kicillof ha sido m\u00e1s inclusiva, buscando mejorar la educaci\u00f3n, la salud y la generaci\u00f3n de empleo como pilares para la prevenci\u00f3n del delito, un enfoque que, aunque no tan inmediato como el que propone Milei, ha mostrado avances en diversas \u00e1reas.<br><\/p>\n\n\n\n<figure class=\"wp-block-embed is-type-video is-provider-youtube wp-block-embed-youtube wp-embed-aspect-16-9 wp-has-aspect-ratio\"><div class=\"wp-block-embed__wrapper\">\n<iframe loading=\"lazy\" title=\"MILEI le PIDI\u00d3 la RENUNCIA a KICILLOF: QU\u00c9 DIJO en sus REDES SOCIALES\" width=\"640\" height=\"360\" src=\"https:\/\/www.youtube.com\/embed\/qlqp6mBJpdQ?feature=oembed\" frameborder=\"0\" allow=\"accelerometer; autoplay; clipboard-write; encrypted-media; gyroscope; picture-in-picture; web-share\" referrerpolicy=\"strict-origin-when-cross-origin\" allowfullscreen><\/iframe>\n<\/div><\/figure>\n\n\n\n<p><br>En cuanto al tema de la seguridad, Kicillof ha implementado varias medidas, como la incorporaci\u00f3n de miles de nuevos efectivos de seguridad, el fortalecimiento de las fuerzas policiales y la creaci\u00f3n de nuevas estructuras de monitoreo. Si bien la situaci\u00f3n de la seguridad en la provincia es amplificadadesde las empresas informativas que apoyan la gesti\u00f3nde ajuste del presidente.\u00a0 El gobernador ha enfrentado desaf\u00edos hist\u00f3ricos y estructurales heredados de gobiernos anteriores, en especial en la desastrosa gesti\u00f3n de Maria Eugenia Vidal. La violencia no es un fen\u00f3meno que pueda resolverse de la noche a la ma\u00f1ana, y es injusto atribuirle toda la responsabilidad a la gesti\u00f3n actual, cuando muchas de las pol\u00edticas de seguridad federal, sobre las que Milei tiene m\u00e1s influencia, han sido desfinanciadas por el propio ajuste libertario. <\/p>\n\n\n\n<figure class=\"wp-block-embed is-type-wp-embed is-provider-incrustado wp-block-embed-incrustado\"><div class=\"wp-block-embed__wrapper\">\n<blockquote class=\"wp-embedded-content\" data-secret=\"MOjHoYn292\"><a href=\"https:\/\/www.enorsai.com\/noticias\/politica\/operacion-impunidad-un-analisis-critico-sobre-el-juez-federal-propuesto-para-la-corte-y-las-sombras-de-corrupcion-que-rodean-su-trayectoria\/\">Operaci\u00f3n impunidad:\u00a0Un an\u00e1lisis cr\u00edtico sobre el juez federal propuesto para la Corte y las sombras de corrupci\u00f3n que rodean su trayectoria<\/a><\/blockquote><iframe loading=\"lazy\" class=\"wp-embedded-content\" sandbox=\"allow-scripts\" security=\"restricted\" style=\"position: absolute; visibility: hidden;\" title=\"\u00abOperaci\u00f3n impunidad:\u00a0Un an\u00e1lisis cr\u00edtico sobre el juez federal propuesto para la Corte y las sombras de corrupci\u00f3n que rodean su trayectoria\u00bb \u2014 \" src=\"https:\/\/www.enorsai.com\/noticias\/politica\/operacion-impunidad-un-analisis-critico-sobre-el-juez-federal-propuesto-para-la-corte-y-las-sombras-de-corrupcion-que-rodean-su-trayectoria\/embed\/#?secret=W1bWgMx8Ua#?secret=MOjHoYn292\" data-secret=\"MOjHoYn292\" width=\"600\" height=\"338\" frameborder=\"0\" marginwidth=\"0\" marginheight=\"0\" scrolling=\"no\"><\/iframe>\n<\/div><\/figure>\n\n\n\n<p><br><br>El planteo de Milei sobre la renuncia de Kicillof y su sugerencia de intervenci\u00f3n federal tambi\u00e9n carecen de un an\u00e1lisis detallado sobre las competencias y la autonom\u00eda de las provincias en el sistema federal argentino. El presidente electo est\u00e1 pasando por alto que el gobierno provincial tiene el mandato de los bonaerenses y que, adem\u00e1s, cualquier intervenci\u00f3n federal podr\u00eda violar principios fundamentales de la Constituci\u00f3n Nacional. En lugar de ofrecer una salida autoritaria, Milei deber\u00eda considerar alternativas de cooperaci\u00f3n y apoyo a los esfuerzos provinciales en lugar de poner en duda la capacidad de los bonaerenses para resolver sus propios problemas. Una vez m\u00e1s Milei demuestra desconocimiento del rol de su investidura. <br><br>Respecto a la comparaci\u00f3n entre las pol\u00edticas de seguridad de Kicillof y las de figuras como Rudy Giuliani en Nueva York o Andr\u00e9s Becker en Bogot\u00e1, es importante reconocer que las realidades de esos contextos urbanos no son equiparables con la complejidad de la provincia de Buenos Aires, que es una de las regiones m\u00e1s grandes y diversas de Argentina. Si bien las pol\u00edticas de \u00abtolerancia cero\u00bb han sido exitosas en ciertos contextos, no se puede aplicar de forma autom\u00e1tica a todas las realidades sin un an\u00e1lisis profundo de las condiciones locales. <br><br>Finalmente, es importante destacar que, lejos de ser un \u00abfracaso\u00bb, la gesti\u00f3n de Kicillof ha logrado avances importantes en \u00e1reas como la infraestructura, la salud y la educaci\u00f3n, que son fundamentales para el bienestar de los bonaerenses. Kicillof ha trabajado en la renovaci\u00f3n de hospitales, el fortalecimiento de la educaci\u00f3n p\u00fablica y la implementaci\u00f3n de pol\u00edticas para mitigar los efectos econ\u00f3micos de la crisis, como los planes de asistencia social. Adem\u00e1s, la provincia ha tenido un avance en la lucha contra la pandemia de COVID-19, lo que refuerza la idea de que su gobierno tiene un enfoque integral para los desaf\u00edos sociales.<br><br>En resumen, las cr\u00edticas de Javier Milei a Axel Kicillof deben ser vistas con cautela, ya que no reflejan toda la complejidad de la gesti\u00f3n provincial ni los esfuerzos realizados para enfrentar los problemas hist\u00f3ricos de la provincia de Buenos Aires. Si bien los desaf\u00edos en seguridad y violencia son reales, las soluciones no son simples y no deben reducirse a la renuncia de un gobernador ni a intervenciones federales. Kicillof contin\u00faa siendo el gobernador leg\u00edtimamente elegido por los bonaerenses, y su gesti\u00f3n debe ser evaluada de manera m\u00e1s justa y completa.<\/p>\n\n\n\n<p><\/p>\n\n\n\n<p><\/p>\n\n\n","protected":false},"excerpt":{"rendered":"<p>Javier Milei, l\u00edder aut\u00f3crata de La Libertad Avanza y presidente electo de Argentina, ha intensificado sus cr\u00edticas contra el gobernador de la provincia de Buenos Aires, Axel Kicillof, pidi\u00e9ndole formalmente su renuncia y sugiriendo la intervenci\u00f3n de la provincia debido a la creciente violencia y el mal manejo de la seguridad.En una carta dirigida a&#8230;<\/p>\n","protected":false},"author":1,"featured_media":2131,"comment_status":"open","ping_status":"open","sticky":false,"template":"","format":"standard","meta":{"_monsterinsights_skip_tracking":false,"_monsterinsights_sitenote_active":false,"_monsterinsights_sitenote_note":"","_monsterinsights_sitenote_category":0,"footnotes":"","jetpack_publicize_message":"","jetpack_publicize_feature_enabled":true,"jetpack_social_post_already_shared":true,"jetpack_social_options":{"image_generator_settings":{"template":"highway","default_image_id":0,"font":"","enabled":false},"version":2}},"categories":[2],"tags":[],"class_list":["post-2117","post","type-post","status-publish","format-standard","has-post-thumbnail","hentry","category-politica"],"jetpack_publicize_connections":[],"_links":{"self":[{"href":"https:\/\/www.enorsai.com\/noticias\/wp-json\/wp\/v2\/posts\/2117","targetHints":{"allow":["GET"]}}],"collection":[{"href":"https:\/\/www.enorsai.com\/noticias\/wp-json\/wp\/v2\/posts"}],"about":[{"href":"https:\/\/www.enorsai.com\/noticias\/wp-json\/wp\/v2\/types\/post"}],"author":[{"embeddable":true,"href":"https:\/\/www.enorsai.com\/noticias\/wp-json\/wp\/v2\/users\/1"}],"replies":[{"embeddable":true,"href":"https:\/\/www.enorsai.com\/noticias\/wp-json\/wp\/v2\/comments?post=2117"}],"version-history":[{"count":4,"href":"https:\/\/www.enorsai.com\/noticias\/wp-json\/wp\/v2\/posts\/2117\/revisions"}],"predecessor-version":[{"id":2125,"href":"https:\/\/www.enorsai.com\/noticias\/wp-json\/wp\/v2\/posts\/2117\/revisions\/2125"}],"wp:featuredmedia":[{"embeddable":true,"href":"https:\/\/www.enorsai.com\/noticias\/wp-json\/wp\/v2\/media\/2131"}],"wp:attachment":[{"href":"https:\/\/www.enorsai.com\/noticias\/wp-json\/wp\/v2\/media?parent=2117"}],"wp:term":[{"taxonomy":"category","embeddable":true,"href":"https:\/\/www.enorsai.com\/noticias\/wp-json\/wp\/v2\/categories?post=2117"},{"taxonomy":"post_tag","embeddable":true,"href":"https:\/\/www.enorsai.com\/noticias\/wp-json\/wp\/v2\/tags?post=2117"}],"curies":[{"name":"wp","href":"https:\/\/api.w.org\/{rel}","templated":true}]}}