{"id":2111,"date":"2025-02-28T07:08:04","date_gmt":"2025-02-28T10:08:04","guid":{"rendered":"http:\/\/www.enorsai.com\/noticias\/?p=2111"},"modified":"2025-02-28T07:08:04","modified_gmt":"2025-02-28T10:08:04","slug":"muy-peligroso-los-trabajadores-aceptaron-recortes-salariales-para-reincorporar-a-80-despedidos-con-el-aval-del-gremio","status":"publish","type":"post","link":"https:\/\/www.enorsai.com\/noticias\/sociedad\/muy-peligroso-los-trabajadores-aceptaron-recortes-salariales-para-reincorporar-a-80-despedidos-con-el-aval-del-gremio\/","title":{"rendered":"Muy peligroso: Los trabajadores aceptaron recortes salariales para reincorporar a 80 despedidos con el aval del gremio"},"content":{"rendered":"\n<p>Granja Tres Arroyos: Violencia, Concesiones y la Sombra de un Gobierno Ausente<\/p>\n\n\n\n<p><strong><em>En una asamblea marcada por agresiones, los trabajadores aceptan recortes salariales para reincorporar a 80 despedidos, mientras la administraci\u00f3n de Javier Milei permanece indiferente ante la crisis laboral.<\/em><\/strong><\/p>\n\n\n\n<p>La planta de Granja Tres Arroyos en Concepci\u00f3n del Uruguay fue escenario de una asamblea tensa donde, entre insultos y agresiones f\u00edsicas, se aprob\u00f3 una reducci\u00f3n salarial a cambio de la reincorporaci\u00f3n de empleados despedidos. Este conflicto laboral expone la inacci\u00f3n del gobierno de Javier Milei frente a las maniobras empresariales que precarizan las condiciones de trabajo.<\/p>\n\n\n\n<p>La reciente asamblea en la planta de Granja Tres Arroyos, ubicada en Concepci\u00f3n del Uruguay, Entre R\u00edos, se convirti\u00f3 en un campo de batalla donde la violencia verbal y f\u00edsica se entrelaz\u00f3 con decisiones laborales que afectan profundamente a la comunidad trabajadora. En medio de un clima de alta tensi\u00f3n, los empleados se vieron obligados a aceptar una reducci\u00f3n en sus salarios como condici\u00f3n para la reincorporaci\u00f3n de 80 compa\u00f1eros previamente despedidos y la reanudaci\u00f3n de la producci\u00f3n, suspendida indefinidamente por la empresa.<\/p>\n\n\n\n<div class=\"wp-block-cover\"><span aria-hidden=\"true\" class=\"wp-block-cover__background has-background-dim\"><\/span><img loading=\"lazy\" decoding=\"async\" width=\"1024\" height=\"576\" class=\"wp-block-cover__image-background wp-image-2114\" alt=\"\" src=\"https:\/\/www.enorsai.com\/noticias\/wp-content\/uploads\/2025\/02\/image-12.png\" data-object-fit=\"cover\" srcset=\"https:\/\/www.enorsai.com\/noticias\/wp-content\/uploads\/2025\/02\/image-12.png 1024w, https:\/\/www.enorsai.com\/noticias\/wp-content\/uploads\/2025\/02\/image-12-300x169.png 300w, https:\/\/www.enorsai.com\/noticias\/wp-content\/uploads\/2025\/02\/image-12-768x432.png 768w\" sizes=\"auto, (max-width: 1024px) 100vw, 1024px\" \/><div class=\"wp-block-cover__inner-container is-layout-flow wp-block-cover-is-layout-flow\">\n<p class=\"has-text-align-center has-medium-font-size\">Masiva movilizaci\u00f3n en Concepci\u00f3n del Uruguay tras los despidos en Granja Tres Arroyos<\/p>\n<\/div><\/div>\n\n\n\n<p>La asamblea, lejos de ser un espacio de di\u00e1logo constructivo, se transform\u00f3 en un escenario de confrontaci\u00f3n. Insultos, reproches y hasta golpes fueron parte de una jornada donde la desesperaci\u00f3n y la impotencia se hicieron palpables. Los principales blancos de las agresiones fueron el secretario general del Sindicato de Trabajadores de la Industria de la Alimentaci\u00f3n (STIA), Miguel \u00c1ngel Klenner, y el abogado del gremio, Dar\u00edo Gar\u00edn, quienes, tras una hora de enfrentamientos, debieron retirarse escoltados por la polic\u00eda provincial.<\/p>\n\n\n\n<p>La propuesta empresarial, que finalmente fue aprobada por una diferencia de 28 votos, implica la eliminaci\u00f3n de un plus salarial del 9% y la reducci\u00f3n del pago por presentismo del 12% al 10%. Esta decisi\u00f3n, tomada bajo coacci\u00f3n y en un ambiente de intimidaci\u00f3n, refleja la vulnerabilidad de los trabajadores frente a las presiones empresariales y la falta de respaldo efectivo por parte de sus representantes sindicales.<\/p>\n\n\n\n<p>La situaci\u00f3n de Granja Tres Arroyos no es un caso aislado, sino un s\u00edntoma de una crisis m\u00e1s profunda que afecta al sector av\u00edcola argentino. La empresa, considerada la m\u00e1s grande del pa\u00eds en su rubro, con ocho plantas de producci\u00f3n y una faena diaria de aproximadamente 700.000 animales, ha manifestado problemas financieros desde diciembre de 2023. Estos problemas se han visto exacerbados por decisiones gubernamentales, como la limitaci\u00f3n de exportaciones a China impuesta por la administraci\u00f3n de Javier Milei el a\u00f1o pasado, que han restringido mercados clave para la compa\u00f1\u00eda.<\/p>\n\n\n\n<figure class=\"wp-block-embed is-type-wp-embed is-provider-incrustado wp-block-embed-incrustado\"><div class=\"wp-block-embed__wrapper\">\n<blockquote class=\"wp-embedded-content\" data-secret=\"IAywgA3VyV\"><a href=\"https:\/\/www.enorsai.com\/noticias\/economia\/la-mayor-productora-de-pollos-del-pais-enfrenta-700-despidos-y-recortes-salariales\/\">La mayor productora de pollos del pa\u00eds enfrenta 700 despidos y recortes salariales<\/a><\/blockquote><iframe loading=\"lazy\" class=\"wp-embedded-content\" sandbox=\"allow-scripts\" security=\"restricted\" style=\"position: absolute; visibility: hidden;\" title=\"\u00abLa mayor productora de pollos del pa\u00eds enfrenta 700 despidos y recortes salariales\u00bb \u2014 \" src=\"https:\/\/www.enorsai.com\/noticias\/economia\/la-mayor-productora-de-pollos-del-pais-enfrenta-700-despidos-y-recortes-salariales\/embed\/#?secret=hdzbm6p8W5#?secret=IAywgA3VyV\" data-secret=\"IAywgA3VyV\" width=\"600\" height=\"338\" frameborder=\"0\" marginwidth=\"0\" marginheight=\"0\" scrolling=\"no\"><\/iframe>\n<\/div><\/figure>\n\n\n\n<p>La respuesta del gobierno de Milei ante esta crisis ha sido, en el mejor de los casos, negligente. El secretario de Trabajo de la Naci\u00f3n, Julio Cordero, ha sido objeto de cr\u00edticas por parte de los trabajadores, quienes lo acusan de no sancionar a la empresa a pesar de las violaciones a la conciliaci\u00f3n obligatoria, los retrasos en los pagos de quincenas y la imposici\u00f3n de condiciones laborales inconstitucionales. Esta inacci\u00f3n gubernamental no solo deja desprotegidos a los trabajadores, sino que tambi\u00e9n env\u00eda un mensaje de impunidad a las empresas que optan por pr\u00e1cticas coercitivas y explotadoras.<\/p>\n\n\n\n<p>La comunidad de Concepci\u00f3n del Uruguay no ha permanecido indiferente. El pasado domingo, cerca de 6.000 personas se congregaron en la plaza principal para manifestar su repudio a los despidos y expresar su solidaridad con los trabajadores afectados. Esta movilizaci\u00f3n masiva evidencia el impacto social y econ\u00f3mico que el conflicto de Granja Tres Arroyos tiene en la regi\u00f3n y la creciente indignaci\u00f3n frente a la pasividad gubernamental.<\/p>\n\n\n\n<p>La administraci\u00f3n de Javier Milei, que se ha caracterizado por una ret\u00f3rica agresiva y despectiva, parece m\u00e1s enfocada en disciplinar a sus colaboradores que en abordar las problem\u00e1ticas reales que afectan a la clase trabajadora. La humillaci\u00f3n p\u00fablica de funcionarios y la adopci\u00f3n de pol\u00edticas autoritarias han generado un clima de miedo y sumisi\u00f3n, tanto en el \u00e1mbito gubernamental como en el laboral. Esta din\u00e1mica no solo socava la calidad del gobierno, sino que tambi\u00e9n erosiona la confianza de los ciudadanos en las instituciones encargadas de proteger sus derechos.<\/p>\n\n\n\n<figure class=\"wp-block-embed is-type-wp-embed is-provider-incrustado wp-block-embed-incrustado\"><div class=\"wp-block-embed__wrapper\">\n<blockquote class=\"wp-embedded-content\" data-secret=\"cveHJVF1Dk\"><a href=\"https:\/\/www.enorsai.com\/noticias\/economia\/impuestazo-salvaje-el-grito-del-agro-cordobes-contra-el-ajuste-fiscal-de-la-provincia\/\">\u00abImpuestazo salvaje\u00bb: El grito del agro cordob\u00e9s contra el ajuste fiscal de la provincia<\/a><\/blockquote><iframe loading=\"lazy\" class=\"wp-embedded-content\" sandbox=\"allow-scripts\" security=\"restricted\" style=\"position: absolute; visibility: hidden;\" title=\"\u00ab\u00abImpuestazo salvaje\u00bb: El grito del agro cordob\u00e9s contra el ajuste fiscal de la provincia\u00bb \u2014 \" src=\"https:\/\/www.enorsai.com\/noticias\/economia\/impuestazo-salvaje-el-grito-del-agro-cordobes-contra-el-ajuste-fiscal-de-la-provincia\/embed\/#?secret=BdcC1Hsjvx#?secret=cveHJVF1Dk\" data-secret=\"cveHJVF1Dk\" width=\"600\" height=\"338\" frameborder=\"0\" marginwidth=\"0\" marginheight=\"0\" scrolling=\"no\"><\/iframe>\n<\/div><\/figure>\n\n\n\n<p>El conflicto en Granja Tres Arroyos a\u00fan est\u00e1 lejos de resolverse. La aceptaci\u00f3n de recortes salariales bajo coerci\u00f3n y en un ambiente de violencia no puede considerarse una soluci\u00f3n justa ni sostenible. Es imperativo que el gobierno tome cartas en el asunto, sancione a las empresas que violan los derechos laborales y garantice condiciones de trabajo dignas para todos los argentinos. La inacci\u00f3n y la indiferencia solo profundizar\u00e1n la crisis, debilitando a\u00fan m\u00e1s el tejido social y econ\u00f3mico del pa\u00eds.<\/p>\n\n\n\n<p>En definitiva, la situaci\u00f3n en Granja Tres Arroyos es un reflejo de las pol\u00edticas libertarias que, lejos de proteger a los trabajadores, parecen favorecer a las empresas a costa de los derechos laborales. La comunidad exige respuestas y acciones concretas por parte de sus l\u00edderes, quienes hasta ahora han optado por mirar hacia otro lado mientras la precarizaci\u00f3n laboral y la injusticia se apoderan del escenario nacional.<\/p>\n\n\n\n<p>Fuente:<\/p>\n\n\n\n<ul class=\"wp-block-list\">\n<li><a href=\"https:\/\/gestionsindical.com\/granja-tres-arroyos-pinas-insultos-rebaja-salarial-aprobada-sindicato\/\">https:\/\/gestionsindical.com\/granja-tres-arroyos-pinas-insultos-rebaja-salarial-aprobada-sindicato\/<\/a><\/li>\n<\/ul>\n\n\n\n<p><\/p>\n\n\n","protected":false},"excerpt":{"rendered":"<p>En una asamblea ca\u00f3tica con insultos y golpes, los trabajadores de Granja Tres Arroyos aceptaron rebajas salariales a cambio de reincorporar a 80 despedidos. La maniobra empresarial expone la precarizaci\u00f3n laboral y la complicidad del gobierno de Javier Milei, que mira para otro lado mientras avanza el ajuste sobre los trabajadores.<\/p>\n","protected":false},"author":1,"featured_media":2112,"comment_status":"open","ping_status":"open","sticky":false,"template":"","format":"standard","meta":{"_monsterinsights_skip_tracking":false,"_monsterinsights_sitenote_active":false,"_monsterinsights_sitenote_note":"","_monsterinsights_sitenote_category":0,"footnotes":"","jetpack_publicize_message":"\ud83d\udce2 \u00a1Caos y ajuste en Granja Tres Arroyos! En una asamblea con insultos y golpes, los trabajadores aceptaron rebajas salariales para reincorporar a 80 despedidos. La empresa impone condiciones mientras el gobierno de Milei se lava las manos. \u00bfHasta cu\u00e1ndo la precarizaci\u00f3n? \ud83d\udea8","jetpack_publicize_feature_enabled":true,"jetpack_social_post_already_shared":false,"jetpack_social_options":{"image_generator_settings":{"template":"highway","enabled":false},"version":2}},"categories":[4],"tags":[58,773,772,43,193,45,59,263,771,292],"class_list":["post-2111","post","type-post","status-publish","format-standard","has-post-thumbnail","hentry","category-sociedad","tag-ajuste","tag-avicola","tag-conflicto","tag-crisis","tag-despidos","tag-milei","tag-precarizacion","tag-salarios","tag-sindicalismo","tag-trabajadores"],"jetpack_publicize_connections":[],"_links":{"self":[{"href":"https:\/\/www.enorsai.com\/noticias\/wp-json\/wp\/v2\/posts\/2111","targetHints":{"allow":["GET"]}}],"collection":[{"href":"https:\/\/www.enorsai.com\/noticias\/wp-json\/wp\/v2\/posts"}],"about":[{"href":"https:\/\/www.enorsai.com\/noticias\/wp-json\/wp\/v2\/types\/post"}],"author":[{"embeddable":true,"href":"https:\/\/www.enorsai.com\/noticias\/wp-json\/wp\/v2\/users\/1"}],"replies":[{"embeddable":true,"href":"https:\/\/www.enorsai.com\/noticias\/wp-json\/wp\/v2\/comments?post=2111"}],"version-history":[{"count":1,"href":"https:\/\/www.enorsai.com\/noticias\/wp-json\/wp\/v2\/posts\/2111\/revisions"}],"predecessor-version":[{"id":2115,"href":"https:\/\/www.enorsai.com\/noticias\/wp-json\/wp\/v2\/posts\/2111\/revisions\/2115"}],"wp:featuredmedia":[{"embeddable":true,"href":"https:\/\/www.enorsai.com\/noticias\/wp-json\/wp\/v2\/media\/2112"}],"wp:attachment":[{"href":"https:\/\/www.enorsai.com\/noticias\/wp-json\/wp\/v2\/media?parent=2111"}],"wp:term":[{"taxonomy":"category","embeddable":true,"href":"https:\/\/www.enorsai.com\/noticias\/wp-json\/wp\/v2\/categories?post=2111"},{"taxonomy":"post_tag","embeddable":true,"href":"https:\/\/www.enorsai.com\/noticias\/wp-json\/wp\/v2\/tags?post=2111"}],"curies":[{"name":"wp","href":"https:\/\/api.w.org\/{rel}","templated":true}]}}