{"id":2104,"date":"2025-02-28T06:48:50","date_gmt":"2025-02-28T09:48:50","guid":{"rendered":"http:\/\/www.enorsai.com\/noticias\/?p=2104"},"modified":"2025-02-28T06:48:50","modified_gmt":"2025-02-28T09:48:50","slug":"operacion-impunidad-un-analisis-critico-sobre-el-juez-federal-propuesto-para-la-corte-y-las-sombras-de-corrupcion-que-rodean-su-trayectoria","status":"publish","type":"post","link":"https:\/\/www.enorsai.com\/noticias\/politica\/operacion-impunidad-un-analisis-critico-sobre-el-juez-federal-propuesto-para-la-corte-y-las-sombras-de-corrupcion-que-rodean-su-trayectoria\/","title":{"rendered":"Operaci\u00f3n impunidad:\u00a0Un an\u00e1lisis cr\u00edtico sobre el juez federal propuesto para la Corte y las sombras de corrupci\u00f3n que rodean su trayectoria"},"content":{"rendered":"\n<p>Ariel Lijo, juez federal con m\u00e1s de 20 a\u00f1os en el poder judicial, fue propuesto por el gobierno de Javier Milei para integrar la Corte Suprema de Justicia. Sin embargo, su nombramiento no est\u00e1 exento de controversias. Denuncias disciplinarias, acusaciones de corrupci\u00f3n y un desempe\u00f1o cuestionable en la investigaci\u00f3n de casos emblem\u00e1ticos ponen en duda su idoneidad para ocupar uno de los cargos m\u00e1s importantes del pa\u00eds.<\/p>\n\n\n\n<p>Seg\u00fan un informe realizado por la Asociaci\u00f3n Civil por la Igualdad y la Justicia (ACIJ) la apuesta de de Javier Milei por Ariel Lijo como candidato para ocupar una de las vacantes en la Corte Suprema de Justicia de la Naci\u00f3n, no est\u00e1 libre de pol\u00e9mica. Lijo, actual juez en lo Criminal y Correccional Federal, lleva m\u00e1s de dos d\u00e9cadas en el poder judicial, pero su trayectoria est\u00e1 marcada por denuncias, demoras injustificadas en causas clave y un historial que genera dudas sobre su independencia e idoneidad.<\/p>\n\n\n\n<p><strong>Un juez con un pasado controvertido<\/strong><br>Ariel Lijo naci\u00f3 en 1968 y se gradu\u00f3 como abogado en la Universidad de Buenos Aires en 1993. Desde 2004, es titular del Juzgado Federal en lo Criminal y Correccional N\u00b0 4, con competencia en delitos complejos como corrupci\u00f3n, narcotr\u00e1fico y trata de personas. Sin embargo, su carrera no ha estado exenta de esc\u00e1ndalos. Seg\u00fan un informe de la Asociaci\u00f3n Civil por la Igualdad y la Justicia (ACIJ), Lijo ha recibido 32 denuncias disciplinarias a lo largo de su carrera, lo que lo convierte en uno de los jueces m\u00e1s cuestionados de Comodoro Py.<\/p>\n\n\n\n<p>Entre las acusaciones m\u00e1s graves se encuentran irregularidades en el manejo de causas de corrupci\u00f3n, demoras injustificadas y presuntas omisiones en la investigaci\u00f3n de casos emblem\u00e1ticos. Por ejemplo, en la causa Siemens, se denunci\u00f3 que Lijo ten\u00eda v\u00ednculos de amistad con el exministro del Interior Carlos Corach y su hijo, lo que habr\u00eda influido en su actuaci\u00f3n. A pesar de estas acusaciones, ninguna de las denuncias ha resultado en una sanci\u00f3n, lo que refleja un patr\u00f3n de impunidad dentro del Consejo de la Magistratura.<\/p>\n\n\n\n<figure class=\"wp-block-embed is-type-wp-embed is-provider-incrustado wp-block-embed-incrustado\"><div class=\"wp-block-embed__wrapper\">\n<blockquote class=\"wp-embedded-content\" data-secret=\"5UW5wNgANZ\"><a href=\"https:\/\/www.enorsai.com\/noticias\/politica\/el-celular-de-karina-milei-guarda-los-secretos-de-la-estafa-cripto-y-su-contenido-podria-precipitar-la-caida-del-gobierno\/\">El celular de Karina Milei guarda los secretos de la estafa cripto y su contenido podr\u00eda precipitar la ca\u00edda del gobierno<\/a><\/blockquote><iframe loading=\"lazy\" class=\"wp-embedded-content\" sandbox=\"allow-scripts\" security=\"restricted\" style=\"position: absolute; visibility: hidden;\" title=\"\u00abEl celular de Karina Milei guarda los secretos de la estafa cripto y su contenido podr\u00eda precipitar la ca\u00edda del gobierno\u00bb \u2014 \" src=\"https:\/\/www.enorsai.com\/noticias\/politica\/el-celular-de-karina-milei-guarda-los-secretos-de-la-estafa-cripto-y-su-contenido-podria-precipitar-la-caida-del-gobierno\/embed\/#?secret=0mML7vTonw#?secret=5UW5wNgANZ\" data-secret=\"5UW5wNgANZ\" width=\"600\" height=\"338\" frameborder=\"0\" marginwidth=\"0\" marginheight=\"0\" scrolling=\"no\"><\/iframe>\n<\/div><\/figure>\n\n\n\n<p><\/p>\n\n\n\n<p><strong>Denuncias penales y conflictos de inter\u00e9s<\/strong><br>En 2018, Lijo fue denunciado penalmente por la diputada Elisa Carri\u00f3 por asociaci\u00f3n il\u00edcita, lavado de activos y soborno. La causa, que investigaba un supuesto enriquecimiento il\u00edcito del juez, fue cerrada sin mayores consecuencias, pero dej\u00f3 un manto de sospecha sobre su integridad. Adem\u00e1s, se cuestion\u00f3 la actuaci\u00f3n del juez Juli\u00e1n Ercolini y el fiscal Franco Picardi, quienes estuvieron a cargo de la investigaci\u00f3n y decidieron no apelar el cierre del caso.<\/p>\n\n\n\n<p>Otro aspecto preocupante es la situaci\u00f3n patrimonial de Lijo. Seg\u00fan sus declaraciones juradas, el juez posee bienes inmuebles valuados en m\u00e1s de 10 millones de pesos, adem\u00e1s de ahorros en efectivo y cuentas bancarias. Sin embargo, se han se\u00f1alado inconsistencias en sus declaraciones, como la omisi\u00f3n de un haras valuado en 2 millones de d\u00f3lares, que habr\u00eda sido adquirido a nombre de su hermano Alfredo Lijo. Estas irregularidades han alimentado las dudas sobre la transparencia de su gesti\u00f3n.<\/p>\n\n\n\n<figure class=\"wp-block-embed is-type-wp-embed is-provider-incrustado wp-block-embed-incrustado\"><div class=\"wp-block-embed__wrapper\">\n<blockquote class=\"wp-embedded-content\" data-secret=\"T4zpqNHcK7\"><a href=\"https:\/\/www.enorsai.com\/noticias\/politica\/un-pedido-clave-secuestrar-los-telefonos-del-presidente-su-hermana-y-su-vocero\/\">Un pedido clave: Secuestrar los tel\u00e9fonos del Presidente, su hermana y su vocero<\/a><\/blockquote><iframe loading=\"lazy\" class=\"wp-embedded-content\" sandbox=\"allow-scripts\" security=\"restricted\" style=\"position: absolute; visibility: hidden;\" title=\"\u00abUn pedido clave: Secuestrar los tel\u00e9fonos del Presidente, su hermana y su vocero\u00bb \u2014 \" src=\"https:\/\/www.enorsai.com\/noticias\/politica\/un-pedido-clave-secuestrar-los-telefonos-del-presidente-su-hermana-y-su-vocero\/embed\/#?secret=PBDfMWQlhs#?secret=T4zpqNHcK7\" data-secret=\"T4zpqNHcK7\" width=\"600\" height=\"338\" frameborder=\"0\" marginwidth=\"0\" marginheight=\"0\" scrolling=\"no\"><\/iframe>\n<\/div><\/figure>\n\n\n\n<p><\/p>\n\n\n\n<p><strong>Un desempe\u00f1o cuestionable en la lucha contra la corrupci\u00f3n<\/strong><br>Uno de los aspectos m\u00e1s criticados de la carrera de Lijo es su desempe\u00f1o en la investigaci\u00f3n de casos de corrupci\u00f3n. Seg\u00fan el Observatorio de Causas de Corrupci\u00f3n del Centro de Informaci\u00f3n Judicial (CIJ), de las 89 causas que ha tenido a su cargo, solo 14 han sido elevadas a juicio oral, lo que representa un 15,7% del total. Este porcentaje es uno de los m\u00e1s bajos entre los jueces federales, lo que evidencia una falta de efectividad en su gesti\u00f3n.<\/p>\n\n\n\n<p>Adem\u00e1s, muchas de estas causas han permanecido en etapa de instrucci\u00f3n durante m\u00e1s de una d\u00e9cada. Por ejemplo, la causa por el vaciamiento de YPF, iniciada en 2006, sigue abierta sin que se haya procesado a ninguno de los principales implicados. Lo mismo ocurre con el caso Siemens, que investiga presuntos sobornos a funcionarios p\u00fablicos durante la d\u00e9cada de 1990. Estas demoras injustificadas han sido se\u00f1aladas como un obst\u00e1culo para la rendici\u00f3n de cuentas y la lucha contra la impunidad.<\/p>\n\n\n\n<figure class=\"wp-block-embed is-type-wp-embed is-provider-incrustado wp-block-embed-incrustado\"><div class=\"wp-block-embed__wrapper\">\n<blockquote class=\"wp-embedded-content\" data-secret=\"al9ZcnsSgO\"><a href=\"https:\/\/www.enorsai.com\/noticias\/politica\/aseguran-que-milei-interviene-en-la-corte-suprema-por-miedo-de-ir-preso\/\">Aseguran que Milei interviene en la Corte Suprema por miedo a ir preso<\/a><\/blockquote><iframe loading=\"lazy\" class=\"wp-embedded-content\" sandbox=\"allow-scripts\" security=\"restricted\" style=\"position: absolute; visibility: hidden;\" title=\"\u00abAseguran que Milei interviene en la Corte Suprema por miedo a ir preso\u00bb \u2014 \" src=\"https:\/\/www.enorsai.com\/noticias\/politica\/aseguran-que-milei-interviene-en-la-corte-suprema-por-miedo-de-ir-preso\/embed\/#?secret=LsjulSttzZ#?secret=al9ZcnsSgO\" data-secret=\"al9ZcnsSgO\" width=\"600\" height=\"338\" frameborder=\"0\" marginwidth=\"0\" marginheight=\"0\" scrolling=\"no\"><\/iframe>\n<\/div><\/figure>\n\n\n\n<p><\/p>\n\n\n\n<p><strong>\u00bfUn candidato id\u00f3neo para la Corte Suprema?<\/strong><br>La Corte Suprema de Justicia es el m\u00e1ximo \u00f3rgano del poder judicial y tiene la responsabilidad de garantizar el cumplimiento de la Constituci\u00f3n y proteger los derechos de todos los ciudadanos. Por ello, es fundamental que sus integrantes sean personas id\u00f3neas, independientes y comprometidas con los valores democr\u00e1ticos.<\/p>\n\n\n\n<p>En el caso de Ariel Lijo, las dudas sobre su idoneidad son m\u00faltiples. Su historial de denuncias disciplinarias, las acusaciones de corrupci\u00f3n y su desempe\u00f1o cuestionable en la investigaci\u00f3n de casos emblem\u00e1ticos lo convierten en un candidato poco adecuado para ocupar un cargo de tanta relevancia. Adem\u00e1s, su nombramiento por parte del gobierno de Milei plantea serias dudas sobre la independencia del poder judicial y la voluntad de garantizar una justicia imparcial y transparente.<\/p>\n\n\n\n<figure class=\"wp-block-embed is-type-wp-embed is-provider-incrustado wp-block-embed-incrustado\"><div class=\"wp-block-embed__wrapper\">\n<blockquote class=\"wp-embedded-content\" data-secret=\"8HfTPqAVV4\"><a href=\"https:\/\/www.enorsai.com\/noticias\/sociedad\/mar-del-plata-cierra-aquarium-dejando-a-200-trabajadores-a-la-deriva\/\">Mar del Plata: Cierra Aquarium dejando a 200 trabajadores a la deriva<\/a><\/blockquote><iframe loading=\"lazy\" class=\"wp-embedded-content\" sandbox=\"allow-scripts\" security=\"restricted\" style=\"position: absolute; visibility: hidden;\" title=\"\u00abMar del Plata: Cierra Aquarium dejando a 200 trabajadores a la deriva\u00bb \u2014 \" src=\"https:\/\/www.enorsai.com\/noticias\/sociedad\/mar-del-plata-cierra-aquarium-dejando-a-200-trabajadores-a-la-deriva\/embed\/#?secret=NzfEicpkRG#?secret=8HfTPqAVV4\" data-secret=\"8HfTPqAVV4\" width=\"600\" height=\"338\" frameborder=\"0\" marginwidth=\"0\" marginheight=\"0\" scrolling=\"no\"><\/iframe>\n<\/div><\/figure>\n\n\n\n<p><\/p>\n\n\n\n<p>La designaci\u00f3n de Ariel Lijo para la Corte Suprema no solo es una decisi\u00f3n pol\u00e9mica, sino tambi\u00e9n un riesgo para la credibilidad del poder judicial. En un contexto en el que la ciudadan\u00eda exige transparencia y rendici\u00f3n de cuentas, la elecci\u00f3n de un juez con un historial tan cuestionable env\u00eda un mensaje preocupante. Es fundamental que el Senado, encargado de aprobar su pliego, realice un an\u00e1lisis exhaustivo de su trayectoria y escuche las voces de la sociedad civil antes de tomar una decisi\u00f3n que podr\u00eda tener consecuencias profundas para la justicia argentina.<\/p>\n\n\n\n<p>La Corte Suprema merece integrantes que inspiren confianza y respeto, no candidatos envueltos en sombras y controversias. Ariel Lijo, con su historial de denuncias y su desempe\u00f1o cuestionable, no parece ser la elecci\u00f3n correcta.<\/p>\n\n\n\n<p><strong>El Informe Completo<\/strong><\/p>\n\n\n\n<div class=\"wp-block-pdf-viewer-block-standard\" style=\"text-align:left\"><div class=\"uploaded-pdf\"><a href=\"https:\/\/www.enorsai.com\/noticias\/wp-content\/uploads\/2025\/02\/Perfil-Ariel-Lijo-1.pdf\" data-width=\"\" data-height=\"\"><\/a><\/div><\/div>\n\n\n\n<p>Fuente:<\/p>\n\n\n\n<ul class=\"wp-block-list\">\n<li><a href=\"https:\/\/acij.org.ar\/ariel-lijo-te-contamos-con-datos-quien-es-el-juez-que-propone-el-gobierno-para-integrar-la-corte-suprema\/\">https:\/\/acij.org.ar\/ariel-lijo-te-contamos-con-datos-quien-es-el-juez-que-propone-el-gobierno-para-integrar-la-corte-suprema\/<\/a><\/li>\n<\/ul>\n\n\n\n<p><\/p>\n\n\n","protected":false},"excerpt":{"rendered":"<p>Ariel Lijo, propuesto por Milei para la Corte Suprema, acumula 32 denuncias disciplinarias y acusaciones de corrupci\u00f3n. Su gesti\u00f3n en casos emblem\u00e1ticos, como Siemens y YPF, muestra demoras y falta de transparencia. Su nombramiento cuestiona la independencia judicial y la voluntad de garantizar una justicia imparcial.<\/p>\n","protected":false},"author":12,"featured_media":2109,"comment_status":"open","ping_status":"open","sticky":false,"template":"","format":"standard","meta":{"_monsterinsights_skip_tracking":false,"_monsterinsights_sitenote_active":false,"_monsterinsights_sitenote_note":"","_monsterinsights_sitenote_category":0,"footnotes":"","jetpack_publicize_message":"\u26a0\ufe0f \u00bfQui\u00e9n es Ariel Lijo? El juez propuesto por Milei para la Corte Suprema tiene 32 denuncias disciplinarias, acusaciones de corrupci\u00f3n y un historial de demoras en casos clave como Siemens y YPF. \ud83d\udd75\ufe0f\u200d\u2642\ufe0f Su nombramiento pone en duda la independencia judicial. \u00bfEs este el perfil que queremos para el ","jetpack_publicize_feature_enabled":true,"jetpack_social_post_already_shared":false,"jetpack_social_options":{"image_generator_settings":{"template":"highway","enabled":false},"version":2}},"categories":[2],"tags":[75,646,768,27,98,770,70,645,45,769],"class_list":["post-2104","post","type-post","status-publish","format-standard","has-post-thumbnail","hentry","category-politica","tag-corrupcion","tag-cortesuprema","tag-denuncias","tag-gobierno","tag-impunidad","tag-judicial","tag-justicia","tag-lijo","tag-milei","tag-transparencia"],"jetpack_publicize_connections":[],"_links":{"self":[{"href":"https:\/\/www.enorsai.com\/noticias\/wp-json\/wp\/v2\/posts\/2104","targetHints":{"allow":["GET"]}}],"collection":[{"href":"https:\/\/www.enorsai.com\/noticias\/wp-json\/wp\/v2\/posts"}],"about":[{"href":"https:\/\/www.enorsai.com\/noticias\/wp-json\/wp\/v2\/types\/post"}],"author":[{"embeddable":true,"href":"https:\/\/www.enorsai.com\/noticias\/wp-json\/wp\/v2\/users\/12"}],"replies":[{"embeddable":true,"href":"https:\/\/www.enorsai.com\/noticias\/wp-json\/wp\/v2\/comments?post=2104"}],"version-history":[{"count":3,"href":"https:\/\/www.enorsai.com\/noticias\/wp-json\/wp\/v2\/posts\/2104\/revisions"}],"predecessor-version":[{"id":2110,"href":"https:\/\/www.enorsai.com\/noticias\/wp-json\/wp\/v2\/posts\/2104\/revisions\/2110"}],"wp:featuredmedia":[{"embeddable":true,"href":"https:\/\/www.enorsai.com\/noticias\/wp-json\/wp\/v2\/media\/2109"}],"wp:attachment":[{"href":"https:\/\/www.enorsai.com\/noticias\/wp-json\/wp\/v2\/media?parent=2104"}],"wp:term":[{"taxonomy":"category","embeddable":true,"href":"https:\/\/www.enorsai.com\/noticias\/wp-json\/wp\/v2\/categories?post=2104"},{"taxonomy":"post_tag","embeddable":true,"href":"https:\/\/www.enorsai.com\/noticias\/wp-json\/wp\/v2\/tags?post=2104"}],"curies":[{"name":"wp","href":"https:\/\/api.w.org\/{rel}","templated":true}]}}