{"id":2073,"date":"2025-02-27T10:50:14","date_gmt":"2025-02-27T13:50:14","guid":{"rendered":"https:\/\/www.enorsai.com\/noticias\/?p=2073"},"modified":"2025-02-28T22:41:58","modified_gmt":"2025-03-01T01:41:58","slug":"el-informe-cepa-que-milei-no-quiere-que-leas-12-638-empresas-y-242-896-trabajadores-menos","status":"publish","type":"post","link":"https:\/\/www.enorsai.com\/noticias\/economia\/el-informe-cepa-que-milei-no-quiere-que-leas-12-638-empresas-y-242-896-trabajadores-menos\/","title":{"rendered":"El informe CEPA que Milei no quiere que leas: 12.638 empresas y 242.896 trabajadores menos"},"content":{"rendered":"\n<p>Informe del CEPA<\/p>\n\n\n\n<p><strong><em>La gesti\u00f3n de Javier Milei cierra su primer a\u00f1o con una ca\u00edda alarmante en empleadores y trabajadores registrados, evidenciando un retroceso hist\u00f3rico en el mercado laboral argentino. Un an\u00e1lisis exhaustivo del Centro de Econom\u00eda Pol\u00edtica Argentina (CEPA) sobre los datos oficiales revela que, entre noviembre de 2023 y noviembre de 2024, se perdieron 12.638 empresas y 242.896 puestos de trabajo. Sectores clave como la construcci\u00f3n, el transporte y la administraci\u00f3n p\u00fablica lideran la debacle, mientras las peque\u00f1as y medianas empresas son las m\u00e1s afectadas. \u00bfEs este el costo del ajuste prometido?<\/em><\/strong><\/p>\n\n\n\n<hr class=\"wp-block-separator has-alpha-channel-opacity\"\/>\n\n\n\n<p>El primer a\u00f1o de gobierno de Javier Milei ha dejado una huella profunda en el tejido laboral y empresarial de Argentina. Los datos publicados por la Superintendencia de Riesgos del Trabajo (SRT) hasta noviembre de 2024 no dejan lugar a dudas: el pa\u00eds enfrenta una crisis sin precedentes en su mercado laboral. Con una p\u00e9rdida de 12.638 empleadores y 242.896 trabajadores registrados, el balance es desolador. Pero m\u00e1s all\u00e1 de las cifras fr\u00edas, lo que subyace es un modelo econ\u00f3mico que, lejos de dinamizar la econom\u00eda, ha acelerado la desindustrializaci\u00f3n y el desempleo.<\/p>\n\n\n\n<h3 class=\"wp-block-heading\"><strong>El derrumbe de las empresas: \u00bfajuste o desmantelamiento?<\/strong><\/h3>\n\n\n\n<p>Entre noviembre de 2023 y noviembre de 2024, el n\u00famero de empleadores que declararon trabajadores cay\u00f3 de 512.357 a 499.719, un descenso del 2,5%. Aunque el gobierno intent\u00f3 vender una leve recuperaci\u00f3n en el bimestre agosto-septiembre, con un aumento de 941 empleadores, esta tendencia se revirti\u00f3 abruptamente en octubre y noviembre, con una p\u00e9rdida neta de 707 empresas en solo dos meses. Este retroceso no es casual: es el resultado de pol\u00edticas econ\u00f3micas que han priorizado el ajuste fiscal y la reducci\u00f3n del gasto p\u00fablico, sin considerar el impacto en el sector privado.<\/p>\n\n\n\n<p>El sector m\u00e1s golpeado en t\u00e9rminos absolutos fue el de transporte y almacenamiento, con 2.564 empleadores menos. Le siguen el comercio mayorista y minorista, con 2.262 empresas cerradas, y la construcci\u00f3n, con 1.515 empleadores desaparecidos. En t\u00e9rminos relativos, la construcci\u00f3n lidera la debacle, con una ca\u00edda del 7% en el n\u00famero de empleadores. Estos n\u00fameros no solo reflejan la contracci\u00f3n de la actividad econ\u00f3mica, sino tambi\u00e9n la falta de pol\u00edticas espec\u00edficas para sostener a los sectores m\u00e1s vulnerables.<\/p>\n\n\n\n<p><\/p>\n\n\n\n<h3 class=\"wp-block-heading\"><strong>El empleo en picada: \u00bfqui\u00e9nes son los m\u00e1s afectados?<\/strong><\/h3>\n\n\n\n<p>La p\u00e9rdida de 242.896 puestos de trabajo registrados en unidades productivas es, quiz\u00e1s, el dato m\u00e1s alarmante. Esto representa una ca\u00edda del 2,46% en el empleo formal, un retroceso que no se ve\u00eda en d\u00e9cadas. El sector p\u00fablico, hist\u00f3ricamente un amortiguador en tiempos de crisis, fue el m\u00e1s afectado, con una reducci\u00f3n de 99.612 trabajadores en administraci\u00f3n p\u00fablica, defensa y seguridad social. La construcci\u00f3n, por su parte, perdi\u00f3 78.506 puestos, seguida por el transporte y almacenamiento, con 55.321 despidos.<\/p>\n\n\n\n<p>En t\u00e9rminos relativos, la construcci\u00f3n vuelve a ser el sector m\u00e1s golpeado, con una ca\u00edda del 16,4% en su fuerza laboral. Esto no solo refleja la paralizaci\u00f3n de obras p\u00fablicas y privadas, sino tambi\u00e9n la falta de cr\u00e9dito y la incertidumbre que ha caracterizado al primer a\u00f1o de gesti\u00f3n de Milei. El transporte y almacenamiento, con una reducci\u00f3n del 10,3%, y los servicios personales, con un 4,4%, completan el triste podio de los sectores m\u00e1s afectados.<\/p>\n\n\n\n<figure class=\"wp-block-embed is-type-wp-embed is-provider-incrustado wp-block-embed-incrustado\"><div class=\"wp-block-embed__wrapper\">\n<blockquote class=\"wp-embedded-content\" data-secret=\"MKV3BGmemW\"><a href=\"https:\/\/www.enorsai.com\/noticias\/economia\/indignante-el-empresario-que-pide-bajar-salarios-a-los-trabajadores-mientras-su-sector-gana-en-dolares\/\">Indignante: El empresario que pide bajar salarios a los trabajadores mientras su sector gana en d\u00f3lares<\/a><\/blockquote><iframe loading=\"lazy\" class=\"wp-embedded-content\" sandbox=\"allow-scripts\" security=\"restricted\" style=\"position: absolute; visibility: hidden;\" title=\"\u00abIndignante: El empresario que pide bajar salarios a los trabajadores mientras su sector gana en d\u00f3lares\u00bb \u2014 \" src=\"https:\/\/www.enorsai.com\/noticias\/economia\/indignante-el-empresario-que-pide-bajar-salarios-a-los-trabajadores-mientras-su-sector-gana-en-dolares\/embed\/#?secret=iMwsBg92bW#?secret=MKV3BGmemW\" data-secret=\"MKV3BGmemW\" width=\"600\" height=\"338\" frameborder=\"0\" marginwidth=\"0\" marginheight=\"0\" scrolling=\"no\"><\/iframe>\n<\/div><\/figure>\n\n\n\n<p><\/p>\n\n\n\n<h3 class=\"wp-block-heading\"><strong>Las pymes, las grandes perdedoras<\/strong><\/h3>\n\n\n\n<p>Uno de los aspectos m\u00e1s preocupantes del informe es el impacto desproporcionado en las peque\u00f1as y medianas empresas (pymes). El 99,6% de las empresas que cerraron (12.591) ten\u00edan hasta 500 trabajadores. Estas empresas, que son el coraz\u00f3n de la econom\u00eda argentina, han sido las principales v\u00edctimas de un modelo que parece dise\u00f1ado para beneficiar a los grandes conglomerados. Mientras las pymes luchan por sobrevivir, las empresas de m\u00e1s de 500 trabajadores representaron solo el 0,4% de las p\u00e9rdidas (47 casos).<\/p>\n\n\n\n<p>Sin embargo, cuando se analiza la ca\u00edda del empleo por tama\u00f1o de empresa, el panorama es a\u00fan m\u00e1s desalentador. El 72,3% de los puestos de trabajo perdidos (175.685) corresponden a empresas de m\u00e1s de 500 empleados. Esto sugiere que, aunque las grandes empresas han resistido mejor en t\u00e9rminos de cierres, han sido las m\u00e1s agresivas en reducir su dotaci\u00f3n de personal. En contraste, las empresas m\u00e1s peque\u00f1as, aunque menos propensas a despedir, han sido las m\u00e1s vulnerables a la quiebra.<\/p>\n\n\n\n<figure class=\"wp-block-embed is-type-wp-embed is-provider-incrustado wp-block-embed-incrustado\"><div class=\"wp-block-embed__wrapper\">\n<blockquote class=\"wp-embedded-content\" data-secret=\"qLTdjvxUhf\"><a href=\"https:\/\/www.enorsai.com\/noticias\/economia\/ni-para-comer-tremendo-derrumbe-de-la-compra-de-alimentos-en-supermercados\/\">Ni para comer: tremendo derrumbe de la compra de alimentos en supermercados<\/a><\/blockquote><iframe loading=\"lazy\" class=\"wp-embedded-content\" sandbox=\"allow-scripts\" security=\"restricted\" style=\"position: absolute; visibility: hidden;\" title=\"\u00abNi para comer: tremendo derrumbe de la compra de alimentos en supermercados\u00bb \u2014 \" src=\"https:\/\/www.enorsai.com\/noticias\/economia\/ni-para-comer-tremendo-derrumbe-de-la-compra-de-alimentos-en-supermercados\/embed\/#?secret=NylAb1UXzP#?secret=qLTdjvxUhf\" data-secret=\"qLTdjvxUhf\" width=\"600\" height=\"338\" frameborder=\"0\" marginwidth=\"0\" marginheight=\"0\" scrolling=\"no\"><\/iframe>\n<\/div><\/figure>\n\n\n\n<p><\/p>\n\n\n\n<h3 class=\"wp-block-heading\"><strong>Un modelo que no suma, resta<\/strong><\/h3>\n\n\n\n<p>Las conclusiones del informe son contundentes: el primer a\u00f1o de gesti\u00f3n de Javier Milei ha sido un desastre para el mercado laboral argentino. La p\u00e9rdida de empleadores y trabajadores registrados no solo refleja una contracci\u00f3n econ\u00f3mica, sino tambi\u00e9n la ausencia de pol\u00edticas efectivas para estimular la creaci\u00f3n de empleo y sostener a las empresas en crisis. El ajuste fiscal, lejos de ser una soluci\u00f3n, ha exacerbado los problemas estructurales de la econom\u00eda, profundizando la desigualdad y la precarizaci\u00f3n.<\/p>\n\n\n\n<p>El gobierno insiste en que estas medidas son necesarias para sanear la econom\u00eda, pero los datos muestran que el costo social es insostenible. La construcci\u00f3n, el transporte y las pymes, pilares fundamentales de la econom\u00eda real, est\u00e1n en terapia intensiva. Mientras tanto, el sector financiero y las grandes corporaciones parecen ser los \u00fanicos beneficiarios de un modelo que, en lugar de generar crecimiento, est\u00e1 destruyendo el tejido productivo del pa\u00eds.<\/p>\n\n\n\n<p><\/p>\n\n\n\n<h3 class=\"wp-block-heading\"><strong>\u00bfHacia d\u00f3nde vamos?<\/strong><\/h3>\n\n\n\n<p>El informe de la SRT es una advertencia clara: si no se revierten las pol\u00edticas actuales, el futuro laboral de Argentina ser\u00e1 a\u00fan m\u00e1s sombr\u00edo. La p\u00e9rdida de empleo y empresas no es solo un n\u00famero en un informe; son familias que pierden su sustento, emprendedores que ven desaparecer sus sue\u00f1os y un pa\u00eds que se desangra. El gobierno de Milei tiene la responsabilidad de corregir el rumbo antes de que sea demasiado tarde. De lo contrario, el ajuste no ser\u00e1 solo econ\u00f3mico, sino tambi\u00e9n social y humano. Y ese es un costo que Argentina no puede permitirse pagar.<\/p>\n\n\n\n<hr class=\"wp-block-separator has-alpha-channel-opacity\"\/>\n\n\n\n<p>Este an\u00e1lisis no solo expone las cifras, sino que cuestiona el modelo econ\u00f3mico implementado por el gobierno de Milei, invitando a la reflexi\u00f3n sobre sus consecuencias a largo plazo. \u00bfEs este el camino que queremos seguir? La respuesta, m\u00e1s que en los n\u00fameros, est\u00e1 en las calles.<\/p>\n\n\n\n\n\n<p><\/p>\n\n\n\n<p><\/p>\n","protected":false},"excerpt":{"rendered":"<p>Informe del CEPA:<br \/>\n\ud83d\udcc9 El primer a\u00f1o de Milei en el gobierno dej\u00f3 un saldo devastador:<br \/>\n\ud83d\udd38 12.638 empresas cerradas.<br \/>\n\ud83d\udd38 242.896 puestos de trabajo perdidos.<br \/>\n\ud83d\udd38 Construcci\u00f3n y transporte, los sectores m\u00e1s golpeados.<br \/>\n\ud83d\udd38 Las pymes, las grandes perdedoras.<\/p>\n","protected":false},"author":9,"featured_media":2081,"comment_status":"open","ping_status":"open","sticky":false,"template":"","format":"standard","meta":{"_monsterinsights_skip_tracking":false,"_monsterinsights_sitenote_active":false,"_monsterinsights_sitenote_note":"","_monsterinsights_sitenote_category":0,"footnotes":"","jetpack_publicize_message":"","jetpack_publicize_feature_enabled":true,"jetpack_social_post_already_shared":true,"jetpack_social_options":{"image_generator_settings":{"template":"highway","default_image_id":0,"font":"","enabled":false},"version":2}},"categories":[3],"tags":[58,43,32,223,45],"class_list":["post-2073","post","type-post","status-publish","format-standard","has-post-thumbnail","hentry","category-economia","tag-ajuste","tag-crisis","tag-empleo","tag-empresas","tag-milei"],"jetpack_publicize_connections":[],"_links":{"self":[{"href":"https:\/\/www.enorsai.com\/noticias\/wp-json\/wp\/v2\/posts\/2073","targetHints":{"allow":["GET"]}}],"collection":[{"href":"https:\/\/www.enorsai.com\/noticias\/wp-json\/wp\/v2\/posts"}],"about":[{"href":"https:\/\/www.enorsai.com\/noticias\/wp-json\/wp\/v2\/types\/post"}],"author":[{"embeddable":true,"href":"https:\/\/www.enorsai.com\/noticias\/wp-json\/wp\/v2\/users\/9"}],"replies":[{"embeddable":true,"href":"https:\/\/www.enorsai.com\/noticias\/wp-json\/wp\/v2\/comments?post=2073"}],"version-history":[{"count":4,"href":"https:\/\/www.enorsai.com\/noticias\/wp-json\/wp\/v2\/posts\/2073\/revisions"}],"predecessor-version":[{"id":2135,"href":"https:\/\/www.enorsai.com\/noticias\/wp-json\/wp\/v2\/posts\/2073\/revisions\/2135"}],"wp:featuredmedia":[{"embeddable":true,"href":"https:\/\/www.enorsai.com\/noticias\/wp-json\/wp\/v2\/media\/2081"}],"wp:attachment":[{"href":"https:\/\/www.enorsai.com\/noticias\/wp-json\/wp\/v2\/media?parent=2073"}],"wp:term":[{"taxonomy":"category","embeddable":true,"href":"https:\/\/www.enorsai.com\/noticias\/wp-json\/wp\/v2\/categories?post=2073"},{"taxonomy":"post_tag","embeddable":true,"href":"https:\/\/www.enorsai.com\/noticias\/wp-json\/wp\/v2\/tags?post=2073"}],"curies":[{"name":"wp","href":"https:\/\/api.w.org\/{rel}","templated":true}]}}