{"id":2032,"date":"2025-02-26T08:02:28","date_gmt":"2025-02-26T11:02:28","guid":{"rendered":"https:\/\/www.enorsai.com\/noticias\/?p=2032"},"modified":"2025-02-26T08:53:16","modified_gmt":"2025-02-26T11:53:16","slug":"cometierra-y-la-verdad-que-incomoda-el-ataque-de-milei-a-la-literatura-que-denuncia-la-violencia-de-genero","status":"publish","type":"post","link":"https:\/\/www.enorsai.com\/noticias\/cultura\/cometierra-y-la-verdad-que-incomoda-el-ataque-de-milei-a-la-literatura-que-denuncia-la-violencia-de-genero\/","title":{"rendered":"Cometierra y la verdad que incomoda: El ataque de Milei a la literatura que denuncia la violencia de g\u00e9nero"},"content":{"rendered":"\n<p>La novela \u00abCometierra\u00bb de Dolores Reyes ha emergido como una obra literaria de gran relevancia en el panorama cultural argentino. Desde su publicaci\u00f3n en 2019, ha sido valorada por su enfoque sensible y profundo sobre temas como la violencia de g\u00e9nero y los femicidios, problem\u00e1ticas que lamentablemente persisten en nuestra sociedad.<\/p>\n\n\n\n<p>La protagonista, una joven con la capacidad de visualizar el destino de personas desaparecidas al consumir tierra, ofrece una perspectiva \u00fanica y conmovedora sobre la realidad de muchas mujeres en contextos de vulnerabilidad. La narrativa de Reyes no solo destaca por su originalidad, sino tambi\u00e9n por su capacidad para generar empat\u00eda y reflexi\u00f3n en el lector.<\/p>\n\n\n\n<figure class=\"wp-block-embed is-type-wp-embed is-provider-incrustado wp-block-embed-incrustado\"><div class=\"wp-block-embed__wrapper\">\n<blockquote class=\"wp-embedded-content\" data-secret=\"zg7xD0cN34\"><a href=\"https:\/\/www.enorsai.com\/noticias\/cultura\/alfredo-seoane-presenta-piano-negro-piano-blanco-un-concierto-circular-de-piano-violin-y-contrabajo\/\">Alfredo Seoane presenta \u00abPiano Negro \/ Piano Blanco\u00bb: un concierto circular de piano, viol\u00edn y contrabajo<\/a><\/blockquote><iframe loading=\"lazy\" class=\"wp-embedded-content\" sandbox=\"allow-scripts\" security=\"restricted\" style=\"position: absolute; visibility: hidden;\" title=\"\u00abAlfredo Seoane presenta \u00abPiano Negro \/ Piano Blanco\u00bb: un concierto circular de piano, viol\u00edn y contrabajo\u00bb \u2014 \" src=\"https:\/\/www.enorsai.com\/noticias\/cultura\/alfredo-seoane-presenta-piano-negro-piano-blanco-un-concierto-circular-de-piano-violin-y-contrabajo\/embed\/#?secret=DgJYYqMhoT#?secret=zg7xD0cN34\" data-secret=\"zg7xD0cN34\" width=\"600\" height=\"338\" frameborder=\"0\" marginwidth=\"0\" marginheight=\"0\" scrolling=\"no\"><\/iframe>\n<\/div><\/figure>\n\n\n\n<p><\/p>\n\n\n\n<p>Es preocupante que, en el marco del actual gobierno encabezado por Javier Milei, se hayan tomado medidas para retirar \u00abCometierra\u00bb de los programas educativos, argumentando que su contenido es inapropiado para los estudiantes. Esta decisi\u00f3n no solo limita la libertad de expresi\u00f3n art\u00edstica, sino que tambi\u00e9n priva a los j\u00f3venes de una herramienta educativa valiosa para comprender y debatir sobre realidades que afectan a nuestra sociedad.<\/p>\n\n\n\n<p>La literatura ha sido hist\u00f3ricamente un medio para confrontar y cuestionar las injusticias sociales. Intentar silenciar obras como \u00abCometierra\u00bb equivale a negar la existencia de las problem\u00e1ticas que aborda. En lugar de censurar, es fundamental promover espacios de di\u00e1logo donde estas tem\u00e1ticas puedan ser discutidas abierta y constructivamente.<\/p>\n\n\n\n<figure class=\"wp-block-embed is-type-wp-embed is-provider-incrustado wp-block-embed-incrustado\"><div class=\"wp-block-embed__wrapper\">\n<blockquote class=\"wp-embedded-content\" data-secret=\"9LSGR9y1ss\"><a href=\"https:\/\/www.enorsai.com\/noticias\/cultura\/agarrate-catalina-reafirma-su-compromiso-con-la-memoria-verdad-y-justicia\/\">Agarrate Catalina reafirma su compromiso con la Memoria, Verdad y Justicia<\/a><\/blockquote><iframe loading=\"lazy\" class=\"wp-embedded-content\" sandbox=\"allow-scripts\" security=\"restricted\" style=\"position: absolute; visibility: hidden;\" title=\"\u00abAgarrate Catalina reafirma su compromiso con la Memoria, Verdad y Justicia\u00bb \u2014 \" src=\"https:\/\/www.enorsai.com\/noticias\/cultura\/agarrate-catalina-reafirma-su-compromiso-con-la-memoria-verdad-y-justicia\/embed\/#?secret=y0TO72Vc62#?secret=9LSGR9y1ss\" data-secret=\"9LSGR9y1ss\" width=\"600\" height=\"338\" frameborder=\"0\" marginwidth=\"0\" marginheight=\"0\" scrolling=\"no\"><\/iframe>\n<\/div><\/figure>\n\n\n\n<p><\/p>\n\n\n\n<p>Adem\u00e1s, la autora ha denunciado recibir amenazas e insultos tras la controversia generada por la exclusi\u00f3n de su obra del programa educativo \u00abIdentidades Bonaerenses\u00bb. Este tipo de reacciones no solo atentan contra la integridad de la escritora, sino que tambi\u00e9n env\u00edan un mensaje intimidatorio a otros creadores que buscan abordar temas sensibles en sus trabajos.<\/p>\n\n\n\n<p>Es imperativo que, como sociedad, defendamos la libertad art\u00edstica y el derecho a la educaci\u00f3n inclusiva y cr\u00edtica. \u00abCometierra\u00bb no es solo una novela; es una herramienta para visibilizar y combatir la violencia de g\u00e9nero. Su censura representa un retroceso en los avances logrados en materia de derechos humanos y equidad de g\u00e9nero en Argentina.<\/p>\n\n\n\n<p>En definitiva, en lugar de prohibir obras que nos confrontan con realidades inc\u00f3modas, deber\u00edamos fomentar su lectura y discusi\u00f3n, especialmente en \u00e1mbitos educativos. Solo as\u00ed podremos aspirar a una sociedad m\u00e1s justa, consciente y comprometida con la erradicaci\u00f3n de la violencia en todas sus formas.<\/p>\n\n\n\n<p><\/p>\n\n\n","protected":false},"excerpt":{"rendered":"<p>La novela \u00abCometierra\u00bb de Dolores Reyes ha emergido como una obra literaria de gran relevancia en el panorama cultural argentino. Desde su publicaci\u00f3n en 2019, ha sido valorada por su enfoque sensible y profundo sobre temas como la violencia de g\u00e9nero y los femicidios, problem\u00e1ticas que lamentablemente persisten en nuestra sociedad. La protagonista, una joven&#8230;<\/p>\n","protected":false},"author":12,"featured_media":2041,"comment_status":"open","ping_status":"open","sticky":false,"template":"","format":"standard","meta":{"_monsterinsights_skip_tracking":false,"_monsterinsights_sitenote_active":false,"_monsterinsights_sitenote_note":"","_monsterinsights_sitenote_category":0,"footnotes":"","jetpack_publicize_message":"","jetpack_publicize_feature_enabled":true,"jetpack_social_post_already_shared":true,"jetpack_social_options":{"image_generator_settings":{"template":"highway","default_image_id":0,"font":"","enabled":false},"version":2}},"categories":[5],"tags":[755,663,754],"class_list":["post-2032","post","type-post","status-publish","format-standard","has-post-thumbnail","hentry","category-cultura","tag-cometierra","tag-cultura","tag-libros"],"jetpack_publicize_connections":[],"_links":{"self":[{"href":"https:\/\/www.enorsai.com\/noticias\/wp-json\/wp\/v2\/posts\/2032","targetHints":{"allow":["GET"]}}],"collection":[{"href":"https:\/\/www.enorsai.com\/noticias\/wp-json\/wp\/v2\/posts"}],"about":[{"href":"https:\/\/www.enorsai.com\/noticias\/wp-json\/wp\/v2\/types\/post"}],"author":[{"embeddable":true,"href":"https:\/\/www.enorsai.com\/noticias\/wp-json\/wp\/v2\/users\/12"}],"replies":[{"embeddable":true,"href":"https:\/\/www.enorsai.com\/noticias\/wp-json\/wp\/v2\/comments?post=2032"}],"version-history":[{"count":1,"href":"https:\/\/www.enorsai.com\/noticias\/wp-json\/wp\/v2\/posts\/2032\/revisions"}],"predecessor-version":[{"id":2042,"href":"https:\/\/www.enorsai.com\/noticias\/wp-json\/wp\/v2\/posts\/2032\/revisions\/2042"}],"wp:featuredmedia":[{"embeddable":true,"href":"https:\/\/www.enorsai.com\/noticias\/wp-json\/wp\/v2\/media\/2041"}],"wp:attachment":[{"href":"https:\/\/www.enorsai.com\/noticias\/wp-json\/wp\/v2\/media?parent=2032"}],"wp:term":[{"taxonomy":"category","embeddable":true,"href":"https:\/\/www.enorsai.com\/noticias\/wp-json\/wp\/v2\/categories?post=2032"},{"taxonomy":"post_tag","embeddable":true,"href":"https:\/\/www.enorsai.com\/noticias\/wp-json\/wp\/v2\/tags?post=2032"}],"curies":[{"name":"wp","href":"https:\/\/api.w.org\/{rel}","templated":true}]}}