{"id":2020,"date":"2025-02-26T06:58:03","date_gmt":"2025-02-26T09:58:03","guid":{"rendered":"https:\/\/www.enorsai.com\/noticias\/?p=2020"},"modified":"2025-02-26T06:58:03","modified_gmt":"2025-02-26T09:58:03","slug":"extralimitacion-del-poder-ejecutivo-y-falta-de-transparencia-milei-designa-jueces-de-la-corte-suprema-sin-el-aval-del-senado","status":"publish","type":"post","link":"https:\/\/www.enorsai.com\/noticias\/politica\/extralimitacion-del-poder-ejecutivo-y-falta-de-transparencia-milei-designa-jueces-de-la-corte-suprema-sin-el-aval-del-senado\/","title":{"rendered":"Extralimitaci\u00f3n del poder ejecutivo y falta de transparencia: Milei designa jueces de la Corte Suprema sin el aval del Senado"},"content":{"rendered":"\n<p><strong><em>El presidente Milei ha decidido eludir el Congreso para nombrar a dos nuevos jueces de la Corte Suprema, una maniobra que ha desatado un intenso debate sobre la independencia judicial y los l\u00edmites del poder presidencial. Mientras el oficialismo defiende la medida como necesaria, organizaciones internacionales y la oposici\u00f3n la tildan de autoritaria.<\/em><\/strong><\/p>\n\n\n\n<p>En una jugada que ha sacudido el tablero pol\u00edtico y judicial argentino, el presidente Javier Milei ha designado por decreto a Ariel Lijo y Manuel Garc\u00eda-Mansilla como jueces de la Corte Suprema de Justicia. La decisi\u00f3n, tomada sin la aprobaci\u00f3n del Senado, donde el oficialismo carece de mayor\u00eda, ha generado un terremoto institucional. Los nombramientos, que estar\u00e1n vigentes hasta el 30 de noviembre, han sido celebrados por algunos como una medida necesaria para agilizar la justicia, pero criticados por otros como un peligroso precedente que socava la independencia judicial y la divisi\u00f3n de poderes.<\/p>\n\n\n\n<p>La designaci\u00f3n de Lijo y Garc\u00eda-Mansilla no es un tema menor. La Corte Suprema es el m\u00e1ximo tribunal del pa\u00eds y sus decisiones tienen un impacto directo en la vida de millones de argentinos. Por ello, el proceso de selecci\u00f3n de sus miembros suele ser riguroso y transparente, con la participaci\u00f3n activa del Senado, que debe dar su aval. Sin embargo, Milei ha decidido saltarse este paso, argumentando que la urgencia de la situaci\u00f3n lo justifica.<\/p>\n\n\n\n<figure class=\"wp-block-embed is-type-wp-embed is-provider-incrustado wp-block-embed-incrustado\"><div class=\"wp-block-embed__wrapper\">\n<blockquote class=\"wp-embedded-content\" data-secret=\"K8rdyJO7u6\"><a href=\"https:\/\/www.enorsai.com\/noticias\/economia\/crisis-el-gobierno-de-milei-celebra-el-aumento-de-viajeros-al-exterior-pero-expertos-advierten-sobre-el-impacto-en-las-reservas-del-bcra\/\">Crisis: El Gobierno de Milei celebra el aumento de viajeros al exterior pero expertos advierten sobre el impacto en las reservas del BCRA<\/a><\/blockquote><iframe loading=\"lazy\" class=\"wp-embedded-content\" sandbox=\"allow-scripts\" security=\"restricted\" style=\"position: absolute; visibility: hidden;\" title=\"\u00abCrisis: El Gobierno de Milei celebra el aumento de viajeros al exterior pero expertos advierten sobre el impacto en las reservas del BCRA\u00bb \u2014 \" src=\"https:\/\/www.enorsai.com\/noticias\/economia\/crisis-el-gobierno-de-milei-celebra-el-aumento-de-viajeros-al-exterior-pero-expertos-advierten-sobre-el-impacto-en-las-reservas-del-bcra\/embed\/#?secret=9eFlX0CoZT#?secret=K8rdyJO7u6\" data-secret=\"K8rdyJO7u6\" width=\"600\" height=\"338\" frameborder=\"0\" marginwidth=\"0\" marginheight=\"0\" scrolling=\"no\"><\/iframe>\n<\/div><\/figure>\n\n\n\n<p><\/p>\n\n\n\n<p>Pero, \u00bfrealmente estamos ante una medida de emergencia o es una maniobra pol\u00edtica para consolidar el control del poder judicial? Las cr\u00edticas no se han hecho esperar. Organizaciones internacionales como Human Rights Watch han cuestionado la idoneidad de Ariel Lijo, quien ha sido se\u00f1alado en el pasado por presuntas violaciones \u00e9ticas y falta de transparencia en su gesti\u00f3n como juez federal. \u00abLa designaci\u00f3n de Lijo es preocupante\u00bb, se\u00f1al\u00f3 un portavoz de la organizaci\u00f3n. \u00abSu historial plantea serias dudas sobre su capacidad para impartir justicia de manera imparcial\u00bb.<\/p>\n\n\n\n<p>Por su parte, Manuel Garc\u00eda-Mansilla, aunque menos pol\u00e9mico, tampoco ha escapado al escrutinio. Abogado especializado en derecho administrativo, su cercan\u00eda con el poder ejecutivo ha levantado sospechas sobre su independencia. \u00abEs dif\u00edcil creer que estos nombramientos no respondan a un intento de controlar la Corte Suprema\u00bb, afirm\u00f3 un senador opositor en declaraciones a&nbsp;<em>P\u00e1gina\/12<\/em>. \u00abEstamos ante un claro abuso de poder\u00bb.<\/p>\n\n\n\n<p>El Gobierno, por su parte, ha defendido la medida con u\u00f1as y dientes. En una conferencia de prensa, el ministro de Justicia, Mariano C\u00faneo Libarona, argument\u00f3 que los nombramientos eran necesarios para \u00abgarantizar el funcionamiento de la justicia en un contexto de crisis institucional\u00bb. Sin embargo, esta justificaci\u00f3n ha sido recibida con escepticismo por parte de expertos y analistas pol\u00edticos.<\/p>\n\n\n\n<figure class=\"wp-block-embed is-type-wp-embed is-provider-incrustado wp-block-embed-incrustado\"><div class=\"wp-block-embed__wrapper\">\n<blockquote class=\"wp-embedded-content\" data-secret=\"Rs75QCqvvy\"><a href=\"https:\/\/www.enorsai.com\/noticias\/economia\/la-mentira-de-milei-sus-politicas-economicas-no-sacaron-a-10-millones-de-la-pobreza\/\">La mentira de Milei: sus pol\u00edticas econ\u00f3micas no sacaron a 10 millones de la pobreza<\/a><\/blockquote><iframe loading=\"lazy\" class=\"wp-embedded-content\" sandbox=\"allow-scripts\" security=\"restricted\" style=\"position: absolute; visibility: hidden;\" title=\"\u00abLa mentira de Milei: sus pol\u00edticas econ\u00f3micas no sacaron a 10 millones de la pobreza\u00bb \u2014 \" src=\"https:\/\/www.enorsai.com\/noticias\/economia\/la-mentira-de-milei-sus-politicas-economicas-no-sacaron-a-10-millones-de-la-pobreza\/embed\/#?secret=BDdD12kLJX#?secret=Rs75QCqvvy\" data-secret=\"Rs75QCqvvy\" width=\"600\" height=\"338\" frameborder=\"0\" marginwidth=\"0\" marginheight=\"0\" scrolling=\"no\"><\/iframe>\n<\/div><\/figure>\n\n\n\n<p><\/p>\n\n\n\n<p>\u00abLo que estamos viendo es un intento de Milei de consolidar su poder en todos los frentes\u00bb, explica la polit\u00f3loga Mar\u00eda Esperanza Casullo en una columna publicada en&nbsp;<em>Clar\u00edn<\/em>. \u00abAl eludir al Senado, no solo est\u00e1 debilitando el sistema de controles y balances, sino que tambi\u00e9n est\u00e1 enviando un mensaje claro: las reglas no aplican para \u00e9l\u00bb.<\/p>\n\n\n\n<p>Las redes sociales han sido un term\u00f3metro de este debate. Mientras algunos usuarios celebran la decisi\u00f3n como una muestra de \u00abdecisi\u00f3n y firmeza\u00bb, otros la critican como un ataque a la democracia. En Twitter, el hashtag #CorteSinSenado se ha vuelto tendencia, con miles de usuarios compartiendo opiniones divididas. \u00abEs incre\u00edble que en pleno siglo XXI sigamos viendo este tipo de maniobras autoritarias\u00bb, escribi\u00f3 un usuario. Por su parte, otro respondi\u00f3: \u00abEl Senado est\u00e1 bloqueado por la oposici\u00f3n. Si no act\u00faa el presidente, \u00bfqui\u00e9n lo hace?\u00bb.<\/p>\n\n\n\n<p>Pero m\u00e1s all\u00e1 de las opiniones en redes, lo cierto es que esta decisi\u00f3n tiene implicaciones profundas para el sistema democr\u00e1tico argentino. La Corte Suprema es un pilar fundamental del Estado de derecho, y su independencia es crucial para garantizar el equilibrio de poderes. Al designar a sus miembros por decreto, Milei no solo est\u00e1 eludiendo un proceso democr\u00e1tico, sino que tambi\u00e9n est\u00e1 sentando un precedente peligroso.<\/p>\n\n\n\n<figure class=\"wp-block-embed is-type-wp-embed is-provider-incrustado wp-block-embed-incrustado\"><div class=\"wp-block-embed__wrapper\">\n<blockquote class=\"wp-embedded-content\" data-secret=\"sEmr4nyydB\"><a href=\"https:\/\/www.enorsai.com\/noticias\/economia\/crisis-financiera-el-sp-merval-se-desploma-y-el-riesgo-pais-alcanza-su-maximo-anual\/\">Crisis financiera: el S&amp;P Merval se desploma y el riesgo pa\u00eds alcanza su m\u00e1ximo anual<\/a><\/blockquote><iframe loading=\"lazy\" class=\"wp-embedded-content\" sandbox=\"allow-scripts\" security=\"restricted\" style=\"position: absolute; visibility: hidden;\" title=\"\u00abCrisis financiera: el S&amp;P Merval se desploma y el riesgo pa\u00eds alcanza su m\u00e1ximo anual\u00bb \u2014 \" src=\"https:\/\/www.enorsai.com\/noticias\/economia\/crisis-financiera-el-sp-merval-se-desploma-y-el-riesgo-pais-alcanza-su-maximo-anual\/embed\/#?secret=Gb5p6yfyX7#?secret=sEmr4nyydB\" data-secret=\"sEmr4nyydB\" width=\"600\" height=\"338\" frameborder=\"0\" marginwidth=\"0\" marginheight=\"0\" scrolling=\"no\"><\/iframe>\n<\/div><\/figure>\n\n\n\n<p><\/p>\n\n\n\n<p>\u00abEsto no es solo una cuesti\u00f3n de legalidad, sino de legitimidad\u00bb, advierte el constitucionalista Roberto Gargarella en una entrevista con&nbsp;<em>La Naci\u00f3n<\/em>. \u00abLa Corte Suprema debe ser un \u00f3rgano independiente y respetado. Si sus miembros son percibidos como designados a dedo por el poder ejecutivo, su autoridad se ver\u00e1 seriamente comprometida\u00bb.<\/p>\n\n\n\n<p>Adem\u00e1s, la designaci\u00f3n de Lijo y Garc\u00eda-Mansilla plantea serias dudas sobre el futuro de la justicia argentina. Ambos jueces tendr\u00e1n un papel clave en la resoluci\u00f3n de casos de alto impacto, desde conflictos entre el Gobierno y las provincias hasta demandas contra pol\u00edticas p\u00fablicas. Si su independencia es cuestionada, las decisiones de la Corte podr\u00edan perder credibilidad, lo que tendr\u00eda consecuencias graves para la estabilidad institucional del pa\u00eds.<\/p>\n\n\n\n<p>Pero quiz\u00e1s lo m\u00e1s preocupante es el mensaje que esta decisi\u00f3n env\u00eda a la ciudadan\u00eda. En un contexto de creciente desconfianza hacia las instituciones, la designaci\u00f3n de jueces por decreto no hace m\u00e1s que alimentar la percepci\u00f3n de que el sistema est\u00e1 manipulado en favor de los poderosos. \u00abEsto es un golpe a la democracia\u00bb, afirm\u00f3 un manifestante en una protesta frente al Congreso. \u00abNo podemos permitir que el presidente haga lo que quiera sin rendir cuentas\u00bb.<\/p>\n\n\n\n<figure class=\"wp-block-embed is-type-wp-embed is-provider-incrustado wp-block-embed-incrustado\"><div class=\"wp-block-embed__wrapper\">\n<blockquote class=\"wp-embedded-content\" data-secret=\"C6bD4yPRZX\"><a href=\"https:\/\/www.enorsai.com\/noticias\/economia\/contundente-para-forbes-y-the-economist-se-trata-del-robo-cripto-mas-grande-de-la-historia\/\">Contundente: Para Forbes y The Economist se trata del \u00abrobo cripto m\u00e1s grande de la historia\u00bb<\/a><\/blockquote><iframe loading=\"lazy\" class=\"wp-embedded-content\" sandbox=\"allow-scripts\" security=\"restricted\" style=\"position: absolute; visibility: hidden;\" title=\"\u00abContundente: Para Forbes y The Economist se trata del \u00abrobo cripto m\u00e1s grande de la historia\u00bb\u00bb \u2014 \" src=\"https:\/\/www.enorsai.com\/noticias\/economia\/contundente-para-forbes-y-the-economist-se-trata-del-robo-cripto-mas-grande-de-la-historia\/embed\/#?secret=tdD9Rv7c6o#?secret=C6bD4yPRZX\" data-secret=\"C6bD4yPRZX\" width=\"600\" height=\"338\" frameborder=\"0\" marginwidth=\"0\" marginheight=\"0\" scrolling=\"no\"><\/iframe>\n<\/div><\/figure>\n\n\n\n<p><\/p>\n\n\n\n<p>En definitiva, los nombramientos de Ariel Lijo y Manuel Garc\u00eda-Mansilla como jueces de la Corte Suprema por decreto son un tema que va m\u00e1s all\u00e1 de la coyuntura pol\u00edtica. Son un reflejo de las tensiones y contradicciones de un sistema democr\u00e1tico que lucha por mantenerse a flote en medio de la crisis. Mientras el Gobierno celebra esta decisi\u00f3n como una victoria, la oposici\u00f3n y las organizaciones de derechos humanos advierten sobre los riesgos de concentrar demasiado poder en manos del ejecutivo.<\/p>\n\n\n\n<p>El tiempo dir\u00e1 si esta maniobra fortalece o debilita la democracia argentina. Por ahora, lo \u00fanico claro es que el debate sobre la independencia judicial y los l\u00edmites del poder presidencial est\u00e1 m\u00e1s vigente que nunca. Y en un pa\u00eds con una historia tan convulsa como la de Argentina, eso es algo que no se puede tomar a la ligera.<\/p>\n\n\n\n<p><\/p>\n\n\n","protected":false},"excerpt":{"rendered":"<p>El presidente Milei ha decidido eludir el Congreso para nombrar a dos nuevos jueces de la Corte Suprema, una maniobra que ha desatado un intenso debate sobre la independencia judicial y los l\u00edmites del poder presidencial. Mientras el oficialismo defiende la medida como necesaria, organizaciones internacionales y la oposici\u00f3n la tildan de autoritaria. En una&#8230;<\/p>\n","protected":false},"author":9,"featured_media":2021,"comment_status":"open","ping_status":"open","sticky":false,"template":"","format":"standard","meta":{"_monsterinsights_skip_tracking":false,"_monsterinsights_sitenote_active":false,"_monsterinsights_sitenote_note":"","_monsterinsights_sitenote_category":0,"footnotes":"","jetpack_publicize_message":"","jetpack_publicize_feature_enabled":true,"jetpack_social_post_already_shared":true,"jetpack_social_options":{"image_generator_settings":{"template":"highway","default_image_id":0,"font":"","enabled":false},"version":2}},"categories":[2],"tags":[745,45,647],"class_list":["post-2020","post","type-post","status-publish","format-standard","has-post-thumbnail","hentry","category-politica","tag-corte-suprema","tag-milei","tag-senado"],"jetpack_publicize_connections":[],"_links":{"self":[{"href":"https:\/\/www.enorsai.com\/noticias\/wp-json\/wp\/v2\/posts\/2020","targetHints":{"allow":["GET"]}}],"collection":[{"href":"https:\/\/www.enorsai.com\/noticias\/wp-json\/wp\/v2\/posts"}],"about":[{"href":"https:\/\/www.enorsai.com\/noticias\/wp-json\/wp\/v2\/types\/post"}],"author":[{"embeddable":true,"href":"https:\/\/www.enorsai.com\/noticias\/wp-json\/wp\/v2\/users\/9"}],"replies":[{"embeddable":true,"href":"https:\/\/www.enorsai.com\/noticias\/wp-json\/wp\/v2\/comments?post=2020"}],"version-history":[{"count":1,"href":"https:\/\/www.enorsai.com\/noticias\/wp-json\/wp\/v2\/posts\/2020\/revisions"}],"predecessor-version":[{"id":2022,"href":"https:\/\/www.enorsai.com\/noticias\/wp-json\/wp\/v2\/posts\/2020\/revisions\/2022"}],"wp:featuredmedia":[{"embeddable":true,"href":"https:\/\/www.enorsai.com\/noticias\/wp-json\/wp\/v2\/media\/2021"}],"wp:attachment":[{"href":"https:\/\/www.enorsai.com\/noticias\/wp-json\/wp\/v2\/media?parent=2020"}],"wp:term":[{"taxonomy":"category","embeddable":true,"href":"https:\/\/www.enorsai.com\/noticias\/wp-json\/wp\/v2\/categories?post=2020"},{"taxonomy":"post_tag","embeddable":true,"href":"https:\/\/www.enorsai.com\/noticias\/wp-json\/wp\/v2\/tags?post=2020"}],"curies":[{"name":"wp","href":"https:\/\/api.w.org\/{rel}","templated":true}]}}