{"id":2006,"date":"2025-02-25T18:20:02","date_gmt":"2025-02-25T21:20:02","guid":{"rendered":"https:\/\/www.enorsai.com\/noticias\/?p=2006"},"modified":"2025-02-25T18:26:26","modified_gmt":"2025-02-25T21:26:26","slug":"milei-avanza-sobre-la-corte-la-designacion-polemica-de-lijo-y-garcia-mansilla-por-decreto","status":"publish","type":"post","link":"https:\/\/www.enorsai.com\/noticias\/politica\/milei-avanza-sobre-la-corte-la-designacion-polemica-de-lijo-y-garcia-mansilla-por-decreto\/","title":{"rendered":"Milei avanza sobre la Corte: La designaci\u00f3n pol\u00e9mica de Lijo y Garc\u00eda-Mansilla por decreto"},"content":{"rendered":"\n<p>El presidente Javier Milei ha designado por decreto a Ariel Lijo y Manuel Garc\u00eda-Mansilla como nuevos miembros de la Corte Suprema de Justicia, una decisi\u00f3n que ha generado controversia y cr\u00edticas desde diversos sectores.<br><br><strong>Ariel Lijo: cuestionamientos por desempe\u00f1o y antecedentes<\/strong><br><br>Ariel Lijo, actual juez federal en Comodoro Py, ha sido objeto de m\u00faltiples cr\u00edticas por su desempe\u00f1o en causas de corrupci\u00f3n y su historial en el Consejo de la Magistratura. El Instituto de Estudios Comparados en Ciencias Penales y Sociales (INECIP) lo considera el juez con peor desempe\u00f1o en Comodoro Py, se\u00f1alando irregularidades y demoras en causas de alta relevancia. Adem\u00e1s, diversas instituciones judiciales, como el Colegio de la Ciudad de Buenos Aires y la Academia Nacional de Derecho y Ciencias Sociales de Buenos Aires, han expresado su oposici\u00f3n a su designaci\u00f3n, argumentando que no cumple con los requisitos de idoneidad y aptitud para el cargo.<br><br><strong>Manuel Garc\u00eda-Mansilla: perfil acad\u00e9mico y v\u00ednculos empresariales<\/strong><br><br>Manuel Garc\u00eda-Mansilla, abogado especializado en Derecho Constitucional y docente en la Universidad Austral, ha sido propuesto para reemplazar al juez Juan Carlos Maqueda, quien se jubila en diciembre. Su perfil acad\u00e9mico y su vinculaci\u00f3n con el mundo empresarial han sido destacados, pero tambi\u00e9n han suscitado interrogantes sobre su imparcialidad y la posible influencia de intereses corporativos en sus decisiones judiciales. <br><br><strong>Reacciones y preocupaciones<\/strong><br><br>La designaci\u00f3n de Lijo y Garc\u00eda-Mansilla ha generado preocupaci\u00f3n entre sectores que defienden la independencia judicial y la idoneidad de los magistrados. La C\u00e1mara de Diputados de la Provincia de Santa Fe, por ejemplo, expres\u00f3 su en\u00e9rgico repudio a la postulaci\u00f3n de Lijo, acus\u00e1ndolo de irregularidades en su desempe\u00f1o como juez federal. <br><br>Adem\u00e1s, la propuesta de estos candidatos por parte del presidente Milei, sin la intervenci\u00f3n del Senado, ha sido vista como una concentraci\u00f3n de poder y un debilitamiento de los controles institucionales, lo que podr\u00eda afectar la independencia y la legitimidad de la Corte Suprema.<br><br><br><br>La designaci\u00f3n de Ariel Lijo y Manuel Garc\u00eda-Mansilla por decreto presidencial plantea serias interrogantes sobre la idoneidad y la independencia de los nuevos miembros de la Corte Suprema. La falta de consenso y las cr\u00edticas recibidas sugieren la necesidad de un proceso m\u00e1s transparente y participativo en la selecci\u00f3n de los magistrados, que garantice la confianza p\u00fablica en el m\u00e1ximo tribunal del pa\u00eds.<\/p>\n","protected":false},"excerpt":{"rendered":"<p>El presidente Javier Milei ha designado por decreto a Ariel Lijo y Manuel Garc\u00eda-Mansilla como nuevos miembros de la Corte Suprema de Justicia, una decisi\u00f3n que ha generado controversia y cr\u00edticas desde diversos sectores. Ariel Lijo: cuestionamientos por desempe\u00f1o y antecedentes Ariel Lijo, actual juez federal en Comodoro Py, ha sido objeto de m\u00faltiples cr\u00edticas&#8230;<\/p>\n","protected":false},"author":1,"featured_media":2010,"comment_status":"open","ping_status":"open","sticky":false,"template":"","format":"standard","meta":{"_monsterinsights_skip_tracking":false,"_monsterinsights_sitenote_active":false,"_monsterinsights_sitenote_note":"","_monsterinsights_sitenote_category":0,"footnotes":"","jetpack_publicize_message":"","jetpack_publicize_feature_enabled":true,"jetpack_social_post_already_shared":true,"jetpack_social_options":{"image_generator_settings":{"template":"highway","default_image_id":0,"font":"","enabled":false},"version":2}},"categories":[2],"tags":[745,70,746],"class_list":["post-2006","post","type-post","status-publish","format-standard","has-post-thumbnail","hentry","category-politica","tag-corte-suprema","tag-justicia","tag-miles"],"jetpack_publicize_connections":[],"_links":{"self":[{"href":"https:\/\/www.enorsai.com\/noticias\/wp-json\/wp\/v2\/posts\/2006","targetHints":{"allow":["GET"]}}],"collection":[{"href":"https:\/\/www.enorsai.com\/noticias\/wp-json\/wp\/v2\/posts"}],"about":[{"href":"https:\/\/www.enorsai.com\/noticias\/wp-json\/wp\/v2\/types\/post"}],"author":[{"embeddable":true,"href":"https:\/\/www.enorsai.com\/noticias\/wp-json\/wp\/v2\/users\/1"}],"replies":[{"embeddable":true,"href":"https:\/\/www.enorsai.com\/noticias\/wp-json\/wp\/v2\/comments?post=2006"}],"version-history":[{"count":1,"href":"https:\/\/www.enorsai.com\/noticias\/wp-json\/wp\/v2\/posts\/2006\/revisions"}],"predecessor-version":[{"id":2009,"href":"https:\/\/www.enorsai.com\/noticias\/wp-json\/wp\/v2\/posts\/2006\/revisions\/2009"}],"wp:featuredmedia":[{"embeddable":true,"href":"https:\/\/www.enorsai.com\/noticias\/wp-json\/wp\/v2\/media\/2010"}],"wp:attachment":[{"href":"https:\/\/www.enorsai.com\/noticias\/wp-json\/wp\/v2\/media?parent=2006"}],"wp:term":[{"taxonomy":"category","embeddable":true,"href":"https:\/\/www.enorsai.com\/noticias\/wp-json\/wp\/v2\/categories?post=2006"},{"taxonomy":"post_tag","embeddable":true,"href":"https:\/\/www.enorsai.com\/noticias\/wp-json\/wp\/v2\/tags?post=2006"}],"curies":[{"name":"wp","href":"https:\/\/api.w.org\/{rel}","templated":true}]}}