{"id":2005,"date":"2025-02-25T18:10:29","date_gmt":"2025-02-25T21:10:29","guid":{"rendered":"http:\/\/www.enorsai.com\/noticias\/?p=2005"},"modified":"2025-02-25T20:24:50","modified_gmt":"2025-02-25T23:24:50","slug":"la-mentira-de-milei-sus-politicas-economicas-no-sacaron-a-10-millones-de-la-pobreza","status":"publish","type":"post","link":"https:\/\/www.enorsai.com\/noticias\/economia\/la-mentira-de-milei-sus-politicas-economicas-no-sacaron-a-10-millones-de-la-pobreza\/","title":{"rendered":"La mentira de Milei: sus pol\u00edticas econ\u00f3micas no sacaron a 10 millones de la pobreza"},"content":{"rendered":"\n<p>El presidente Javier Milei afirm\u00f3 que sus pol\u00edticas econ\u00f3micas han sacado a 10 millones de argentinos de la pobreza. Sin embargo, esta declaraci\u00f3n es enga\u00f1osa y carece de fundamento. Seg\u00fan Chequeado, para llegar a esa cifra, Milei parti\u00f3 de una simulaci\u00f3n de datos de enero de 2024 que luego fue corregida a la baja, y la compar\u00f3 con una proyecci\u00f3n para el segundo semestre de 2024. <br><br>En realidad, las pol\u00edticas implementadas por el gobierno de Milei han tenido un impacto negativo en la pobreza y la indigencia en Argentina. Seg\u00fan El Pa\u00eds, en el primer semestre de 2024, la tasa de pobreza se dispar\u00f3 once puntos y alcanz\u00f3 el 52,9%, la cifra m\u00e1s alta desde 2004. <br><br>Adem\u00e1s, El Economista informa que la indigencia o pobreza extrema alcanz\u00f3 casi a uno de cada cinco argentinos en el mismo per\u00edodo. <br><br>Por lo tanto, la afirmaci\u00f3n de Milei de haber sacado a 10 millones de argentinos de la pobreza es infundada y no refleja la realidad de la situaci\u00f3n social y econ\u00f3mica del pa\u00eds.<\/p>\n\n\n\n<p>Fuentes:<\/p>\n\n\n\n<ul class=\"wp-block-list\">\n<li><a href=\"https:\/\/milei.ufm.edu\/es\/2024\/pobreza-en-argentina\/?utm_source=chatgpt.com\">https:\/\/milei.ufm.edu\/es\/2024\/pobreza-en-argentina\/<\/a><\/li>\n\n\n\n<li><a href=\"https:\/\/elpais.com\/argentina\/2024-09-26\/mas-de-cinco-millones-de-personas-caen-en-la-pobreza-desde-que-milei-es-presidente.html?utm_source=chatgpt.com\">https:\/\/elpais.com\/argentina\/2024-09-26\/mas-de-cinco-millones-de-personas-caen-en-la-pobreza-desde-que-milei-es-presidente.html<\/a><\/li>\n\n\n\n<li><a href=\"https:\/\/chequeado.com\/ultimas-noticias\/javier-milei-sacamos-de-la-pobreza-a-10-millones-de-argentinos\/?utm_source=chatgpt.com\">https:\/\/chequeado.com\/ultimas-noticias\/javier-milei-sacamos-de-la-pobreza-a-10-millones-de-argentinos\/<\/a><\/li>\n\n\n\n<li><a href=\"https:\/\/www.theguardian.com\/world\/2024\/dec\/18\/argentina-javier-milei-chainsaw-measures?utm_source=chatgpt.com\">https:\/\/www.theguardian.com\/world\/2024\/dec\/18\/argentina-javier-milei-chainsaw-measures<\/a><\/li>\n\n\n\n<li><a href=\"https:\/\/www.theguardian.com\/world\/2024\/dec\/18\/argentina-javier-milei-chainsaw-measures?utm_source=chatgpt.com\">https:\/\/www.theguardian.com\/world\/2024\/dec\/18\/argentina-javier-milei-chainsaw-measures<\/a><\/li>\n<\/ul>\n","protected":false},"excerpt":{"rendered":"<p>El presidente Javier Milei afirm\u00f3 que sus pol\u00edticas econ\u00f3micas han sacado a 10 millones de argentinos de la pobreza. Sin embargo, esta declaraci\u00f3n es enga\u00f1osa y carece de fundamento. Seg\u00fan Chequeado, para llegar a esa cifra, Milei parti\u00f3 de una simulaci\u00f3n de datos de enero de 2024 que luego fue corregida a la baja, y&#8230;<\/p>\n","protected":false},"author":1,"featured_media":2011,"comment_status":"open","ping_status":"open","sticky":false,"template":"","format":"standard","meta":{"_monsterinsights_skip_tracking":false,"_monsterinsights_sitenote_active":false,"_monsterinsights_sitenote_note":"","_monsterinsights_sitenote_category":0,"footnotes":"","jetpack_publicize_message":"","jetpack_publicize_feature_enabled":true,"jetpack_social_post_already_shared":true,"jetpack_social_options":{"image_generator_settings":{"template":"highway","default_image_id":0,"font":"","enabled":false},"version":2}},"categories":[3],"tags":[58,15,45],"class_list":["post-2005","post","type-post","status-publish","format-standard","has-post-thumbnail","hentry","category-economia","tag-ajuste","tag-economia","tag-milei"],"jetpack_publicize_connections":[],"_links":{"self":[{"href":"https:\/\/www.enorsai.com\/noticias\/wp-json\/wp\/v2\/posts\/2005","targetHints":{"allow":["GET"]}}],"collection":[{"href":"https:\/\/www.enorsai.com\/noticias\/wp-json\/wp\/v2\/posts"}],"about":[{"href":"https:\/\/www.enorsai.com\/noticias\/wp-json\/wp\/v2\/types\/post"}],"author":[{"embeddable":true,"href":"https:\/\/www.enorsai.com\/noticias\/wp-json\/wp\/v2\/users\/1"}],"replies":[{"embeddable":true,"href":"https:\/\/www.enorsai.com\/noticias\/wp-json\/wp\/v2\/comments?post=2005"}],"version-history":[{"count":1,"href":"https:\/\/www.enorsai.com\/noticias\/wp-json\/wp\/v2\/posts\/2005\/revisions"}],"predecessor-version":[{"id":2012,"href":"https:\/\/www.enorsai.com\/noticias\/wp-json\/wp\/v2\/posts\/2005\/revisions\/2012"}],"wp:featuredmedia":[{"embeddable":true,"href":"https:\/\/www.enorsai.com\/noticias\/wp-json\/wp\/v2\/media\/2011"}],"wp:attachment":[{"href":"https:\/\/www.enorsai.com\/noticias\/wp-json\/wp\/v2\/media?parent=2005"}],"wp:term":[{"taxonomy":"category","embeddable":true,"href":"https:\/\/www.enorsai.com\/noticias\/wp-json\/wp\/v2\/categories?post=2005"},{"taxonomy":"post_tag","embeddable":true,"href":"https:\/\/www.enorsai.com\/noticias\/wp-json\/wp\/v2\/tags?post=2005"}],"curies":[{"name":"wp","href":"https:\/\/api.w.org\/{rel}","templated":true}]}}