{"id":1977,"date":"2025-02-25T08:14:26","date_gmt":"2025-02-25T11:14:26","guid":{"rendered":"https:\/\/www.enorsai.com\/noticias\/?p=1977"},"modified":"2025-02-25T09:18:23","modified_gmt":"2025-02-25T12:18:23","slug":"milei-vs-clarin-la-batalla-inesperada-por-el-control-de-las-telecomunicaciones","status":"publish","type":"post","link":"https:\/\/www.enorsai.com\/noticias\/politica\/milei-vs-clarin-la-batalla-inesperada-por-el-control-de-las-telecomunicaciones\/","title":{"rendered":"Milei vs. Clar\u00edn: la batalla inesperada por el control de las telecomunicaciones"},"content":{"rendered":"\n<p>De aliado a enemigo<\/p>\n\n\n\n<p>El presidente, Javier Milei, genero un nuevo frente de conflicto al amenazar con bloquear la venta de la filial argentina de Telef\u00f3nica al Grupo Clar\u00edn, argumentando preocupaciones antimonopolio. Esta operaci\u00f3n, valorada en aproximadamente 1.245 millones de d\u00f3lares, otorgar\u00eda al Grupo Clar\u00edn un control cercano al 70% del mercado de telecomunicaciones en el pa\u00eds.<br><br>La Casa Rosada emiti\u00f3 un comunicado indicando que se instruir\u00e1 al Ente Nacional de Comunicaciones (Enacom) y a la Comisi\u00f3n Nacional de Defensa de la Competencia (CNDC) para evaluar si esta transacci\u00f3n podr\u00eda derivar en una posici\u00f3n dominante que afecte la libre competencia y la elecci\u00f3n de los consumidores. El gobierno enfatiz\u00f3 que tomar\u00e1 todas las medidas necesarias para evitar la formaci\u00f3n de un monopolio en el sector.<br><br>Este movimiento de Milei representa un giro respecto a sus declaraciones previas. En un discurso reciente en la sede del Banco Interamericano de Desarrollo (BID) en Washington D.C., el presidente afirm\u00f3 que \u00ablos monopolios no son malos, salvo que sean armados por el Estado\u00bb, citando al economista Murray Rothbard como inspiraci\u00f3n. Sin embargo, la posible concentraci\u00f3n del mercado en manos del Grupo Clar\u00edn parece haber motivado una reevaluaci\u00f3n de su postura.<br><br>La relaci\u00f3n entre el gobierno de Milei y el Grupo Clar\u00edn ha sido tensa, especialmente tras la cobertura medi\u00e1tica cr\u00edtica hacia la administraci\u00f3n actual. Algunos analistas sugieren que la oposici\u00f3n a la venta podr\u00eda estar influenciada por estas fricciones, adem\u00e1s de las preocupaciones leg\u00edtimas sobre la competencia en el mercado de telecomunicaciones.<br><br>Mientras tanto, Telef\u00f3nica ha estado reduciendo su presencia en Am\u00e9rica Latina como parte de una estrategia para enfocarse en mercados clave y reducir su deuda. La venta de su unidad en Argentina se enmarca dentro de este plan de desinversi\u00f3n en la regi\u00f3n.<br><br>La decisi\u00f3n final sobre la aprobaci\u00f3n o bloqueo de la transacci\u00f3n depender\u00e1 de las evaluaciones t\u00e9cnicas y legales que realicen los organismos reguladores competentes en las pr\u00f3ximas semanas.<\/p>\n\n\n\n<p>Fuentes:<\/p>\n\n\n\n<ul class=\"wp-block-list\">\n<li><a href=\"https:\/\/elpais.com\/argentina\/2025-02-25\/milei-amenaza-con-aplicar-la-ley-antimonopolio-a-la-venta-de-la-filial-argentina-de-telefonica-al-grupo-clarin.html\">https:\/\/elpais.com\/argentina\/2025-02-25\/milei-amenaza-con-aplicar-la-ley-antimonopolio-a-la-venta-de-la-filial-argentina-de-telefonica-al-grupo-clarin.html<\/a><\/li>\n\n\n\n<li><a href=\"https:\/\/www.huffingtonpost.es\/economia\/milei-amenaza-torpedear-venta-telefonica-argentina-grupo-clarin.html\">https:\/\/www.huffingtonpost.es\/economia\/milei-amenaza-torpedear-venta-telefonica-argentina-grupo-clarin.html<\/a><\/li>\n\n\n\n<li><a href=\"https:\/\/www.reuters.com\/markets\/deals\/spains-telefonica-sells-unit-argentina-1245-bln-2025-02-24\/\">https:\/\/www.reuters.com\/markets\/deals\/spains-telefonica-sells-unit-argentina-1245-bln-2025-02-24\/<\/a><\/li>\n<\/ul>\n","protected":false},"excerpt":{"rendered":"<p>De aliado a enemigo El presidente, Javier Milei, genero un nuevo frente de conflicto al amenazar con bloquear la venta de la filial argentina de Telef\u00f3nica al Grupo Clar\u00edn, argumentando preocupaciones antimonopolio. Esta operaci\u00f3n, valorada en aproximadamente 1.245 millones de d\u00f3lares, otorgar\u00eda al Grupo Clar\u00edn un control cercano al 70% del mercado de telecomunicaciones en&#8230;<\/p>\n","protected":false},"author":1,"featured_media":1982,"comment_status":"open","ping_status":"open","sticky":false,"template":"","format":"standard","meta":{"_monsterinsights_skip_tracking":false,"_monsterinsights_sitenote_active":false,"_monsterinsights_sitenote_note":"","_monsterinsights_sitenote_category":0,"footnotes":"","jetpack_publicize_message":"","jetpack_publicize_feature_enabled":true,"jetpack_social_post_already_shared":true,"jetpack_social_options":{"image_generator_settings":{"template":"highway","default_image_id":0,"font":"","enabled":false},"version":2}},"categories":[2],"tags":[742,45,517],"class_list":["post-1977","post","type-post","status-publish","format-standard","has-post-thumbnail","hentry","category-politica","tag-clarin","tag-milei","tag-telecom"],"jetpack_publicize_connections":[],"_links":{"self":[{"href":"https:\/\/www.enorsai.com\/noticias\/wp-json\/wp\/v2\/posts\/1977","targetHints":{"allow":["GET"]}}],"collection":[{"href":"https:\/\/www.enorsai.com\/noticias\/wp-json\/wp\/v2\/posts"}],"about":[{"href":"https:\/\/www.enorsai.com\/noticias\/wp-json\/wp\/v2\/types\/post"}],"author":[{"embeddable":true,"href":"https:\/\/www.enorsai.com\/noticias\/wp-json\/wp\/v2\/users\/1"}],"replies":[{"embeddable":true,"href":"https:\/\/www.enorsai.com\/noticias\/wp-json\/wp\/v2\/comments?post=1977"}],"version-history":[{"count":1,"href":"https:\/\/www.enorsai.com\/noticias\/wp-json\/wp\/v2\/posts\/1977\/revisions"}],"predecessor-version":[{"id":1983,"href":"https:\/\/www.enorsai.com\/noticias\/wp-json\/wp\/v2\/posts\/1977\/revisions\/1983"}],"wp:featuredmedia":[{"embeddable":true,"href":"https:\/\/www.enorsai.com\/noticias\/wp-json\/wp\/v2\/media\/1982"}],"wp:attachment":[{"href":"https:\/\/www.enorsai.com\/noticias\/wp-json\/wp\/v2\/media?parent=1977"}],"wp:term":[{"taxonomy":"category","embeddable":true,"href":"https:\/\/www.enorsai.com\/noticias\/wp-json\/wp\/v2\/categories?post=1977"},{"taxonomy":"post_tag","embeddable":true,"href":"https:\/\/www.enorsai.com\/noticias\/wp-json\/wp\/v2\/tags?post=1977"}],"curies":[{"name":"wp","href":"https:\/\/api.w.org\/{rel}","templated":true}]}}