{"id":1949,"date":"2025-02-24T15:21:52","date_gmt":"2025-02-24T18:21:52","guid":{"rendered":"http:\/\/www.enorsai.com\/noticias\/?p=1949"},"modified":"2025-02-24T22:57:54","modified_gmt":"2025-02-25T01:57:54","slug":"todo-mal-aparecio-un-video-que-incrimina-a-milei-y-clarin-comenzo-a-soltarle-la-mano","status":"publish","type":"post","link":"https:\/\/www.enorsai.com\/noticias\/politica\/todo-mal-aparecio-un-video-que-incrimina-a-milei-y-clarin-comenzo-a-soltarle-la-mano\/","title":{"rendered":"Todo mal: Apareci\u00f3 un video que incrimina a Milei y Clar\u00edn comenz\u00f3 a soltarle la mano"},"content":{"rendered":"\n<p>El editorial de Roberto Navarro, en <em>El Destape<\/em>, puso en el centro de la escena un esc\u00e1ndalo que golpea con fuerza al gobierno de Javier Milei y que amenaza con dinamitar las alianzas pol\u00edticas y econ\u00f3micas que sostienen su gesti\u00f3n. La crisis no solo expone las debilidades estructurales del libertario, sino que tambi\u00e9n pone en evidencia la operaci\u00f3n medi\u00e1tica que hasta ahora lo ha protegido.<\/p>\n\n\n\n<p>Navarro destac\u00f3 que la reciente controversia que involucra a Milei ha debilitado su posici\u00f3n tanto en el \u00e1mbito pol\u00edtico como en el financiero. Mientras que algunos medios tratan de minimizar el impacto del esc\u00e1ndalo, la realidad econ\u00f3mica es otra: la estabilidad del d\u00f3lar no es consecuencia de una econom\u00eda s\u00f3lida, sino de un sacrificio financiero extremo. \u201cMilei est\u00e1 sosteniendo el d\u00f3lar como en la antesala de cualquier crisis argentina: con un costo alt\u00edsimo, hipotecando el futuro inmediato\u201d, advirti\u00f3 el periodista.<\/p>\n\n\n\n<figure class=\"wp-block-embed is-type-video is-provider-youtube wp-block-embed-youtube wp-embed-aspect-16-9 wp-has-aspect-ratio\"><div class=\"wp-block-embed__wrapper\">\n<iframe loading=\"lazy\" title=\"EL VIDEO SECRETO DE MILEI Y EL ATAQUE DE CLAR\u00cdN A VIALE | Editorial de Roberto Navarro\" width=\"640\" height=\"360\" src=\"https:\/\/www.youtube.com\/embed\/rP_lgpmVXBA?feature=oembed\" frameborder=\"0\" allow=\"accelerometer; autoplay; clipboard-write; encrypted-media; gyroscope; picture-in-picture; web-share\" referrerpolicy=\"strict-origin-when-cross-origin\" allowfullscreen><\/iframe>\n<\/div><\/figure>\n\n\n\n<p>Uno de los puntos m\u00e1s significativos del editorial fue el an\u00e1lisis sobre c\u00f3mo ciertos sectores del establishment est\u00e1n empezando a distanciarse de Milei. Navarro indic\u00f3 que los medios tradicionales, que hasta hace poco lo blindaban, ahora comienzan a filtrar cr\u00edticas y revelaciones que lo dejan expuesto. La pregunta es: \u00bfse trata de un simple desgaste o de una se\u00f1al de que el poder real ya no conf\u00eda en \u00e9l?<\/p>\n\n\n\n<p>El editorial pone sobre la mesa un hecho ineludible: la lealtad de los grandes grupos de comunicaci\u00f3n no es con Milei, sino con sus propios intereses. Si el libertario deja de ser funcional, lo abandonar\u00e1n sin titubear. \u201cCuando Clar\u00edn te empieza a pegar, sab\u00e9s que algo se rompi\u00f3\u201d, sentenci\u00f3 Navarro, en referencia a c\u00f3mo el grupo medi\u00e1tico ha comenzado a marcar distancia con el presidente y su c\u00edrculo m\u00e1s cercano.<\/p>\n\n\n\n<p>Un aspecto clave del editorial fue la denuncia sobre la manipulaci\u00f3n informativa orquestada por periodistas afines a Milei. Navarro se\u00f1al\u00f3 con nombres y apellidos a aquellos comunicadores que han servido de escudo medi\u00e1tico para el gobierno y que, ante la crisis, est\u00e1n viendo c\u00f3mo su credibilidad se desmorona.<\/p>\n\n\n\n<figure class=\"wp-block-embed is-type-wp-embed is-provider-incrustado wp-block-embed-incrustado\"><div class=\"wp-block-embed__wrapper\">\n<blockquote class=\"wp-embedded-content\" data-secret=\"WhtF3JHMDm\"><a href=\"https:\/\/www.enorsai.com\/noticias\/economia\/puede-alguna-empresa-invertir-en-un-pais-cuyo-presidente-esta-acusado-de-estafa\/\">\u00bfPuede alguna empresa invertir en un pa\u00eds cuyo presidente est\u00e1 acusado de estafa?<\/a><\/blockquote><iframe loading=\"lazy\" class=\"wp-embedded-content\" sandbox=\"allow-scripts\" security=\"restricted\" style=\"position: absolute; visibility: hidden;\" title=\"\u00ab\u00bfPuede alguna empresa invertir en un pa\u00eds cuyo presidente est\u00e1 acusado de estafa?\u00bb \u2014 \" src=\"https:\/\/www.enorsai.com\/noticias\/economia\/puede-alguna-empresa-invertir-en-un-pais-cuyo-presidente-esta-acusado-de-estafa\/embed\/#?secret=YWQajv3uzs#?secret=WhtF3JHMDm\" data-secret=\"WhtF3JHMDm\" width=\"600\" height=\"338\" frameborder=\"0\" marginwidth=\"0\" marginheight=\"0\" scrolling=\"no\"><\/iframe>\n<\/div><\/figure>\n\n\n\n<p>La aparente fractura dentro del poder medi\u00e1tico deja entrever un futuro incierto para el libertario. Mientras las revelaciones contin\u00faan emergiendo, la reacci\u00f3n del gobierno se ha limitado a negar y atacar a los cr\u00edticos, una estrategia que solo acelera su desgaste. \u201cLa operaci\u00f3n ya no es sostenible, y cuando el blindaje cae, la realidad golpea sin piedad\u201d, remarc\u00f3 Navarro.<\/p>\n\n\n\n<p>Milei enfrenta su momento m\u00e1s delicado. Con un gobierno cada vez m\u00e1s acorralado por los esc\u00e1ndalos y una econom\u00eda en la cuerda floja, el horizonte pol\u00edtico se torna incierto. La pregunta no es si este esc\u00e1ndalo lo afectar\u00e1, sino cu\u00e1nto tardar\u00e1 en desatar una crisis m\u00e1s profunda.<\/p>\n\n\n\n<p>Navarro cerr\u00f3 su editorial con una advertencia: \u201cLos mismos que lo llevaron al poder est\u00e1n buscando la salida de emergencia. Y cuando el poder real te suelta la mano, no hay relato que te salve\u201d. La pregunta que queda flotando es si Milei lograr\u00e1 sostenerse en medio de este terremoto o si estamos asistiendo al principio del fin de su fugaz experimento libertario.<\/p>\n","protected":false},"excerpt":{"rendered":"<p>El editorial de Roberto Navarro, en El Destape, puso en el centro de la escena un esc\u00e1ndalo que golpea con fuerza al gobierno de Javier Milei y que amenaza con dinamitar las alianzas pol\u00edticas y econ\u00f3micas que sostienen su gesti\u00f3n. La crisis no solo expone las debilidades estructurales del libertario, sino que tambi\u00e9n pone en&#8230;<\/p>\n","protected":false},"author":1,"featured_media":1951,"comment_status":"open","ping_status":"open","sticky":false,"template":"","format":"standard","meta":{"_monsterinsights_skip_tracking":false,"_monsterinsights_sitenote_active":false,"_monsterinsights_sitenote_note":"","_monsterinsights_sitenote_category":0,"footnotes":"","jetpack_publicize_message":"El editorial de Roberto Navarro, en El Destape, puso en el centro de la escena un esc\u00e1ndalo que golpea con fuerza al gobierno de Javier Milei y que amenaza con dinamitar las alianzas pol\u00edticas y econ\u00f3micas que sostienen su gesti\u00f3n. La crisis no solo expone las debilidades estructurales del libertari","jetpack_publicize_feature_enabled":true,"jetpack_social_post_already_shared":false,"jetpack_social_options":{"image_generator_settings":{"template":"highway","enabled":false},"version":2}},"categories":[2],"tags":[717,15,630,740],"class_list":["post-1949","post","type-post","status-publish","format-standard","has-post-thumbnail","hentry","category-politica","tag-crisis-politica","tag-economia","tag-escandalo","tag-medios-de-comunicacion"],"jetpack_publicize_connections":[],"_links":{"self":[{"href":"https:\/\/www.enorsai.com\/noticias\/wp-json\/wp\/v2\/posts\/1949","targetHints":{"allow":["GET"]}}],"collection":[{"href":"https:\/\/www.enorsai.com\/noticias\/wp-json\/wp\/v2\/posts"}],"about":[{"href":"https:\/\/www.enorsai.com\/noticias\/wp-json\/wp\/v2\/types\/post"}],"author":[{"embeddable":true,"href":"https:\/\/www.enorsai.com\/noticias\/wp-json\/wp\/v2\/users\/1"}],"replies":[{"embeddable":true,"href":"https:\/\/www.enorsai.com\/noticias\/wp-json\/wp\/v2\/comments?post=1949"}],"version-history":[{"count":2,"href":"https:\/\/www.enorsai.com\/noticias\/wp-json\/wp\/v2\/posts\/1949\/revisions"}],"predecessor-version":[{"id":1952,"href":"https:\/\/www.enorsai.com\/noticias\/wp-json\/wp\/v2\/posts\/1949\/revisions\/1952"}],"wp:featuredmedia":[{"embeddable":true,"href":"https:\/\/www.enorsai.com\/noticias\/wp-json\/wp\/v2\/media\/1951"}],"wp:attachment":[{"href":"https:\/\/www.enorsai.com\/noticias\/wp-json\/wp\/v2\/media?parent=1949"}],"wp:term":[{"taxonomy":"category","embeddable":true,"href":"https:\/\/www.enorsai.com\/noticias\/wp-json\/wp\/v2\/categories?post=1949"},{"taxonomy":"post_tag","embeddable":true,"href":"https:\/\/www.enorsai.com\/noticias\/wp-json\/wp\/v2\/tags?post=1949"}],"curies":[{"name":"wp","href":"https:\/\/api.w.org\/{rel}","templated":true}]}}