{"id":1942,"date":"2025-04-02T03:00:19","date_gmt":"2025-04-02T06:00:19","guid":{"rendered":"https:\/\/www.enorsai.com\/noticias\/?p=1942"},"modified":"2025-04-02T08:57:18","modified_gmt":"2025-04-02T11:57:18","slug":"milei-y-los-f-16-la-verdad-detras-de-la-compra","status":"publish","type":"post","link":"https:\/\/www.enorsai.com\/noticias\/politica\/milei-y-los-f-16-la-verdad-detras-de-la-compra\/","title":{"rendered":"Milei y los F-16: la verdad detr\u00e1s de la compra"},"content":{"rendered":"\n<p>(Por Tavo Cibreiro) Con la presencia de Javier Milei y bajo un manto de propaganda oficialista, se presentar\u00e1n hoy en Tandil los cazas F-16 adquiridos a Dinamarca. Sin embargo, la realidad es que el gobierno actual busca apropiarse de un logro que no le pertenece. Aunque el presidente intente atribuirse la compra como una gesta propia y un s\u00edmbolo del \u00abregreso de Argentina al mundo\u00bb, los hechos demuestran que todo el proceso de adquisici\u00f3n fue llevado a cabo durante la gesti\u00f3n de Alberto Fern\u00e1ndez.<\/p>\n\n\n\n<p><strong>La verdad detr\u00e1s de la compra<\/strong><\/p>\n\n\n\n<p>El trabajo para sumar los F-16 a la Fuerza A\u00e9rea Argentina comenz\u00f3 mucho antes de que Milei asumiera el poder. Durante la administraci\u00f3n Fern\u00e1ndez se realizaron los viajes para seleccionar las aeronaves, se negoci\u00f3 el precio y, lo m\u00e1s importante, se obtuvo la autorizaci\u00f3n del Congreso de los Estados Unidos, un requisito indispensable para la transacci\u00f3n. Sin esta aprobaci\u00f3n, ning\u00fan pa\u00eds puede vender armamento estadounidense, incluso si es de segunda mano.<\/p>\n\n\n\n<figure class=\"wp-block-embed is-type-wp-embed is-provider-incrustado wp-block-embed-incrustado\"><div class=\"wp-block-embed__wrapper\">\n<blockquote class=\"wp-embedded-content\" data-secret=\"9bOEX5D8jL\"><a href=\"https:\/\/www.enorsai.com\/noticias\/politica\/petri-y-su-cupula-militar-libertaria-un-antro-de-corrupcion-sin-precedentes-en-democracia\/\">Petri y su c\u00fapula militar libertaria: Un antro de corrupci\u00f3n sin precedentes en democracia<\/a><\/blockquote><iframe loading=\"lazy\" class=\"wp-embedded-content\" sandbox=\"allow-scripts\" security=\"restricted\" style=\"position: absolute; visibility: hidden;\" title=\"\u00abPetri y su c\u00fapula militar libertaria: Un antro de corrupci\u00f3n sin precedentes en democracia\u00bb \u2014 \" src=\"https:\/\/www.enorsai.com\/noticias\/politica\/petri-y-su-cupula-militar-libertaria-un-antro-de-corrupcion-sin-precedentes-en-democracia\/embed\/#?secret=k5AiVLpy4O#?secret=9bOEX5D8jL\" data-secret=\"9bOEX5D8jL\" width=\"600\" height=\"338\" frameborder=\"0\" marginwidth=\"0\" marginheight=\"0\" scrolling=\"no\"><\/iframe>\n<\/div><\/figure>\n\n\n\n<p>El visto bueno de Washington lleg\u00f3 en octubre de 2023, semanas antes de las elecciones presidenciales en Argentina. Ante este contexto, y para evitar la firma de un contrato en medio de un proceso electoral, todas las partes involucradas decidieron posponer la concreci\u00f3n del acuerdo hasta despu\u00e9s de los comicios.<\/p>\n\n\n\n<p><strong>M\u00e1s all\u00e1 del relato: \u00bfqu\u00e9 significan los F-16 para Argentina?<\/strong><\/p>\n\n\n\n<p>M\u00e1s all\u00e1 del intento de Milei de vender esta compra como un hito de su administraci\u00f3n, lo cierto es que la llegada de los F-16 representa un salto de calidad en la capacidad de defensa del pa\u00eds. Estas aeronaves, lejos de ser \u00abchatarra\u00bb, significan una mejora cuantitativa y cualitativa para la Fuerza A\u00e9rea Argentina, brind\u00e1ndole mayor capacidad operativa y, sobre todo, un poder de disuasi\u00f3n renovado.<\/p>\n\n\n\n<figure class=\"wp-block-embed is-type-wp-embed is-provider-incrustado wp-block-embed-incrustado\"><div class=\"wp-block-embed__wrapper\">\n<blockquote class=\"wp-embedded-content\" data-secret=\"uGsaRVoaav\"><a href=\"https:\/\/www.enorsai.com\/noticias\/sociedad\/recorte-y-olvido-el-gobierno-de-milei-le-da-la-espalda-a-los-veteranos-de-malvinas\/\">Recorte y olvido: el gobierno de Milei le da la espalda a los veteranos de Malvinas<\/a><\/blockquote><iframe loading=\"lazy\" class=\"wp-embedded-content\" sandbox=\"allow-scripts\" security=\"restricted\" style=\"position: absolute; visibility: hidden;\" title=\"\u00abRecorte y olvido: el gobierno de Milei le da la espalda a los veteranos de Malvinas\u00bb \u2014 \" src=\"https:\/\/www.enorsai.com\/noticias\/sociedad\/recorte-y-olvido-el-gobierno-de-milei-le-da-la-espalda-a-los-veteranos-de-malvinas\/embed\/#?secret=HJyt5opMVL#?secret=uGsaRVoaav\" data-secret=\"uGsaRVoaav\" width=\"600\" height=\"338\" frameborder=\"0\" marginwidth=\"0\" marginheight=\"0\" scrolling=\"no\"><\/iframe>\n<\/div><\/figure>\n\n\n\n<p>El arribo de la flota completa se dar\u00e1 de manera progresiva, con la mayor parte de los aviones llegando reci\u00e9n en diciembre de este a\u00f1o. La implementaci\u00f3n total llevar\u00e1 varios a\u00f1os, pero no hay dudas de que los F-16 cambiar\u00e1n el escenario t\u00e9cnico y estrat\u00e9gico de la defensa nacional.<\/p>\n\n\n\n<p>Mientras tanto, el gobierno de Milei contin\u00faa con su estrategia de apropiarse de gestiones ajenas y venderlas como propias, en un relato donde la historia y los hechos parecen ser secundarios frente a la necesidad de alimentar su discurso de \u00abrefundaci\u00f3n\u00bb del pa\u00eds.<\/p>\n","protected":false},"excerpt":{"rendered":"<p>(Por Tavo Cibreiro) Con la presencia de Javier Milei y bajo un manto de propaganda oficialista, se presentar\u00e1n hoy en Tandil los cazas F-16 adquiridos a Dinamarca. Sin embargo, la realidad es que el gobierno actual busca apropiarse de un logro que no le pertenece. Aunque el presidente intente atribuirse la compra como una gesta&#8230;<\/p>\n","protected":false},"author":5,"featured_media":1943,"comment_status":"open","ping_status":"open","sticky":false,"template":"","format":"standard","meta":{"_monsterinsights_skip_tracking":false,"_monsterinsights_sitenote_active":false,"_monsterinsights_sitenote_note":"","_monsterinsights_sitenote_category":0,"footnotes":"","jetpack_publicize_message":"","jetpack_publicize_feature_enabled":true,"jetpack_social_post_already_shared":true,"jetpack_social_options":{"image_generator_settings":{"template":"highway","default_image_id":0,"font":"","enabled":false},"version":2}},"categories":[2,4],"tags":[738,739,736,737,106],"class_list":["post-1942","post","type-post","status-publish","format-standard","has-post-thumbnail","hentry","category-politica","category-sociedad","tag-compra-de-aviones-militares","tag-defensa-nacional","tag-f-16-argentina","tag-fuerza-aerea-argentina","tag-javier-milei"],"jetpack_publicize_connections":[],"_links":{"self":[{"href":"https:\/\/www.enorsai.com\/noticias\/wp-json\/wp\/v2\/posts\/1942","targetHints":{"allow":["GET"]}}],"collection":[{"href":"https:\/\/www.enorsai.com\/noticias\/wp-json\/wp\/v2\/posts"}],"about":[{"href":"https:\/\/www.enorsai.com\/noticias\/wp-json\/wp\/v2\/types\/post"}],"author":[{"embeddable":true,"href":"https:\/\/www.enorsai.com\/noticias\/wp-json\/wp\/v2\/users\/5"}],"replies":[{"embeddable":true,"href":"https:\/\/www.enorsai.com\/noticias\/wp-json\/wp\/v2\/comments?post=1942"}],"version-history":[{"count":1,"href":"https:\/\/www.enorsai.com\/noticias\/wp-json\/wp\/v2\/posts\/1942\/revisions"}],"predecessor-version":[{"id":1944,"href":"https:\/\/www.enorsai.com\/noticias\/wp-json\/wp\/v2\/posts\/1942\/revisions\/1944"}],"wp:featuredmedia":[{"embeddable":true,"href":"https:\/\/www.enorsai.com\/noticias\/wp-json\/wp\/v2\/media\/1943"}],"wp:attachment":[{"href":"https:\/\/www.enorsai.com\/noticias\/wp-json\/wp\/v2\/media?parent=1942"}],"wp:term":[{"taxonomy":"category","embeddable":true,"href":"https:\/\/www.enorsai.com\/noticias\/wp-json\/wp\/v2\/categories?post=1942"},{"taxonomy":"post_tag","embeddable":true,"href":"https:\/\/www.enorsai.com\/noticias\/wp-json\/wp\/v2\/tags?post=1942"}],"curies":[{"name":"wp","href":"https:\/\/api.w.org\/{rel}","templated":true}]}}