{"id":1937,"date":"2025-04-02T06:00:26","date_gmt":"2025-04-02T09:00:26","guid":{"rendered":"https:\/\/www.enorsai.com\/noticias\/?p=1937"},"modified":"2025-04-02T08:54:59","modified_gmt":"2025-04-02T11:54:59","slug":"recorte-y-olvido-el-gobierno-de-milei-le-da-la-espalda-a-los-veteranos-de-malvinas","status":"publish","type":"post","link":"https:\/\/www.enorsai.com\/noticias\/sociedad\/recorte-y-olvido-el-gobierno-de-milei-le-da-la-espalda-a-los-veteranos-de-malvinas\/","title":{"rendered":"Recorte y olvido: el gobierno de Milei le da la espalda a los veteranos de Malvinas"},"content":{"rendered":"\n<p>Ernesto Alonso, secretario del Centro de Excombatientes Islas Malvinas de La Plata (CECIM), denunci\u00f3 en una entrevista con Radio 10 el brutal abandono del Estado hacia los veteranos de guerra. La motosierra del ajuste impulsada por el gobierno de Javier Milei no distingue honores ni sacrificios: los excombatientes, quienes dejaron su juventud en el campo de batalla, hoy ven sus derechos pisoteados con recortes en medicamentos y prestaciones m\u00e9dicas esenciales. La reciente muerte de un compa\u00f1ero, Pedro Roberto Bevans, evidencia la crudeza de esta realidad.<\/p>\n\n\n\n<p>El PAMI, la mayor obra social de Argentina y Latinoam\u00e9rica, ha reducido dr\u00e1sticamente la entrega de medicamentos, eliminando programas cruciales y sumiendo a los veteranos en una situaci\u00f3n de extrema vulnerabilidad. \u00abEl a\u00f1o pasado iniciamos un recurso de amparo contra estos recortes, pero la justicia lenta no es justicia\u00bb, sostuvo Alonso, apuntando directamente contra el Juzgado Federal N\u00b04 de La Plata, que a\u00fan no ha resuelto la cuesti\u00f3n de fondo. Mientras tanto, los excombatientes siguen muriendo en la indiferencia.<\/p>\n\n\n\n<h3 class=\"wp-block-heading\"><strong>El exterminio silencioso de los h\u00e9roes de Malvinas<\/strong><\/h3>\n\n\n\n<p>El drama de los veteranos no es nuevo, pero se ha profundizado con la actual gesti\u00f3n. \u00abTenemos la misma cantidad de muertos en suicidios que en combate\u00bb, advirti\u00f3 Alonso, se\u00f1alando la alarmante cantidad de exsoldados que terminan quit\u00e1ndose la vida ante la falta de asistencia estatal. El Programa Nacional de Atenci\u00f3n a Veteranos de Guerra, creado en 2005 y consolidado a lo largo de los a\u00f1os, hoy est\u00e1 siendo desmantelado sin miramientos.<\/p>\n\n\n\n<figure class=\"wp-block-embed is-type-wp-embed is-provider-incrustado wp-block-embed-incrustado\"><div class=\"wp-block-embed__wrapper\">\n<blockquote class=\"wp-embedded-content\" data-secret=\"wH01BxyU7N\"><a href=\"https:\/\/www.enorsai.com\/noticias\/politica\/estafa-y-saqueo-el-capitalismo-nunca-fue-bienestar-solo-riqueza-para-unos-pocos\/\">Estafa y saqueo: el capitalismo nunca fue bienestar, solo riqueza para unos pocos<\/a><\/blockquote><iframe loading=\"lazy\" class=\"wp-embedded-content\" sandbox=\"allow-scripts\" security=\"restricted\" style=\"position: absolute; visibility: hidden;\" title=\"\u00abEstafa y saqueo: el capitalismo nunca fue bienestar, solo riqueza para unos pocos\u00bb \u2014 \" src=\"https:\/\/www.enorsai.com\/noticias\/politica\/estafa-y-saqueo-el-capitalismo-nunca-fue-bienestar-solo-riqueza-para-unos-pocos\/embed\/#?secret=0YInkVc2iX#?secret=wH01BxyU7N\" data-secret=\"wH01BxyU7N\" width=\"600\" height=\"338\" frameborder=\"0\" marginwidth=\"0\" marginheight=\"0\" scrolling=\"no\"><\/iframe>\n<\/div><\/figure>\n\n\n\n<p>Los medicamentos que antes eran cubiertos en su totalidad ahora son inaccesibles. En algunos casos, los beneficiarios deben elegir solo cuatro f\u00e1rmacos con cobertura total, mientras que el resto debe ser costeado de sus propios bolsillos. \u00abTenemos boletas de compa\u00f1eros con gastos de hasta 200 mil pesos en remedios. Nos obligan a decidir entre la salud y el hambre\u00bb, denuncia Alonso.<\/p>\n\n\n\n<p>El ajuste no solo afecta a los veteranos, sino a toda la poblaci\u00f3n jubilada y pensionada. Con el cierre de agencias de PAMI y ANSES en el interior del pa\u00eds, muchos deben recorrer hasta 45 kil\u00f3metros para hacer un tr\u00e1mite. Adem\u00e1s, el despido de trabajadores capacitados ha deteriorado a\u00fan m\u00e1s la atenci\u00f3n. \u00abNos est\u00e1n mintiendo en la cara. El PAMI gasta m\u00e1s en medicamentos porque ahora paga precios de lista en lugar de negociar con la industria farmac\u00e9utica\u00bb, explic\u00f3 Alonso, sugiriendo un negocio turbio detr\u00e1s de estas pol\u00edticas.<\/p>\n\n\n\n<h3 class=\"wp-block-heading\"><strong>De h\u00e9roes a estafados: un gobierno sin honor<\/strong><\/h3>\n\n\n\n<p>El relato oficial intenta disfrazar la situaci\u00f3n con discursos vac\u00edos, pero los n\u00fameros y las historias reales los desmienten. \u00abEste gobierno es un gobierno de estafadores, est\u00e1n provocando un genocidio silencioso\u00bb, dispar\u00f3 Alonso, en una declaraci\u00f3n contundente contra la gesti\u00f3n de Milei. La desprotecci\u00f3n de los excombatientes es parte de una estrategia m\u00e1s amplia de desguace del Estado y ajuste despiadado.<\/p>\n\n\n\n<figure class=\"wp-block-embed is-type-wp-embed is-provider-incrustado wp-block-embed-incrustado\"><div class=\"wp-block-embed__wrapper\">\n<blockquote class=\"wp-embedded-content\" data-secret=\"85CpwSqZb3\"><a href=\"https:\/\/www.enorsai.com\/noticias\/sociedad\/la-estafa-cripto-que-involucra-a-milei-van-a-llegar-causas-de-alemania-londres-y-hong-kong\/\">La estafa cripto que involucra a Milei: \u00abVan a llegar causas de Alemania, Londres y Hong Kong\u00bb<\/a><\/blockquote><iframe loading=\"lazy\" class=\"wp-embedded-content\" sandbox=\"allow-scripts\" security=\"restricted\" style=\"position: absolute; visibility: hidden;\" title=\"\u00abLa estafa cripto que involucra a Milei: \u00abVan a llegar causas de Alemania, Londres y Hong Kong\u00bb\u00bb \u2014 \" src=\"https:\/\/www.enorsai.com\/noticias\/sociedad\/la-estafa-cripto-que-involucra-a-milei-van-a-llegar-causas-de-alemania-londres-y-hong-kong\/embed\/#?secret=brjaLuE3hC#?secret=85CpwSqZb3\" data-secret=\"85CpwSqZb3\" width=\"600\" height=\"338\" frameborder=\"0\" marginwidth=\"0\" marginheight=\"0\" scrolling=\"no\"><\/iframe>\n<\/div><\/figure>\n\n\n\n<p>El director ejecutivo de PAMI, doctor Marcelo Leguizamo, ha sido se\u00f1alado como principal responsable de este abandono. \u00abQueremos saber qu\u00e9 est\u00e1n haciendo con las partidas presupuestarias destinadas a los veteranos. Pedimos informaci\u00f3n p\u00fablica y nos pidieron pr\u00f3rroga. Es un esc\u00e1ndalo\u00bb, denunci\u00f3 el representante del CECIM.<\/p>\n\n\n\n<figure class=\"wp-block-image size-full\"><img loading=\"lazy\" decoding=\"async\" width=\"980\" height=\"653\" src=\"https:\/\/www.enorsai.com\/noticias\/wp-content\/uploads\/2025\/02\/Ernesto-Alonso-ex-combatiente.jpg\" alt=\"\" class=\"wp-image-1939\" srcset=\"https:\/\/www.enorsai.com\/noticias\/wp-content\/uploads\/2025\/02\/Ernesto-Alonso-ex-combatiente.jpg 980w, https:\/\/www.enorsai.com\/noticias\/wp-content\/uploads\/2025\/02\/Ernesto-Alonso-ex-combatiente-300x200.jpg 300w, https:\/\/www.enorsai.com\/noticias\/wp-content\/uploads\/2025\/02\/Ernesto-Alonso-ex-combatiente-768x512.jpg 768w\" sizes=\"auto, (max-width: 980px) 100vw, 980px\" \/><figcaption class=\"wp-element-caption\">Malvinas veteran Ernesto Alonso pose after an interview with AFP in La Plata, Buenos Aires, Argentina on March 15, 2022 ahead of the 40 anniversary of the Malvinas war to be held on April 2.<\/figcaption><\/figure>\n\n\n\n<p>El gobierno que se jacta de defender la \u00ablibertad\u00bb y el \u00abm\u00e9rito\u00bb es el mismo que hoy deja en el olvido a quienes dieron su vida por la patria. La justicia, por ahora, sigue mirando para otro lado. La motosierra sigue avanzando, pero el reclamo de los veteranos de Malvinas no se apaga: la batalla por la dignidad contin\u00faa.<\/p>\n\n\n\n<p><em>Por Redacci\u00f3n | Fuente: Radio 10 &#8211; Ma\u00f1ana Sylvestre<\/em><\/p>\n\n\n\n<hr class=\"wp-block-separator has-alpha-channel-opacity\"\/>\n","protected":false},"excerpt":{"rendered":"<p>Malvinas: la otra batalla contra el abandono y la desidia<\/p>\n","protected":false},"author":4,"featured_media":1938,"comment_status":"open","ping_status":"open","sticky":false,"template":"","format":"standard","meta":{"_monsterinsights_skip_tracking":false,"_monsterinsights_sitenote_active":false,"_monsterinsights_sitenote_note":"","_monsterinsights_sitenote_category":0,"footnotes":"","jetpack_publicize_message":"","jetpack_publicize_feature_enabled":true,"jetpack_social_post_already_shared":true,"jetpack_social_options":{"image_generator_settings":{"template":"highway","default_image_id":0,"font":"","enabled":false},"version":2}},"categories":[4],"tags":[731,78,729,732,733,106,734,735,730],"class_list":["post-1937","post","type-post","status-publish","format-standard","has-post-thumbnail","hentry","category-sociedad","tag-ajuste-en-salud","tag-derechos-humanos","tag-excombatientes-de-malvinas","tag-heroesdemalvinas","tag-islasmalvinasargentinas","tag-javier-milei","tag-malvinasmilei","tag-mileimalvinas","tag-recortes-en-pami"],"jetpack_publicize_connections":[],"_links":{"self":[{"href":"https:\/\/www.enorsai.com\/noticias\/wp-json\/wp\/v2\/posts\/1937","targetHints":{"allow":["GET"]}}],"collection":[{"href":"https:\/\/www.enorsai.com\/noticias\/wp-json\/wp\/v2\/posts"}],"about":[{"href":"https:\/\/www.enorsai.com\/noticias\/wp-json\/wp\/v2\/types\/post"}],"author":[{"embeddable":true,"href":"https:\/\/www.enorsai.com\/noticias\/wp-json\/wp\/v2\/users\/4"}],"replies":[{"embeddable":true,"href":"https:\/\/www.enorsai.com\/noticias\/wp-json\/wp\/v2\/comments?post=1937"}],"version-history":[{"count":1,"href":"https:\/\/www.enorsai.com\/noticias\/wp-json\/wp\/v2\/posts\/1937\/revisions"}],"predecessor-version":[{"id":1940,"href":"https:\/\/www.enorsai.com\/noticias\/wp-json\/wp\/v2\/posts\/1937\/revisions\/1940"}],"wp:featuredmedia":[{"embeddable":true,"href":"https:\/\/www.enorsai.com\/noticias\/wp-json\/wp\/v2\/media\/1938"}],"wp:attachment":[{"href":"https:\/\/www.enorsai.com\/noticias\/wp-json\/wp\/v2\/media?parent=1937"}],"wp:term":[{"taxonomy":"category","embeddable":true,"href":"https:\/\/www.enorsai.com\/noticias\/wp-json\/wp\/v2\/categories?post=1937"},{"taxonomy":"post_tag","embeddable":true,"href":"https:\/\/www.enorsai.com\/noticias\/wp-json\/wp\/v2\/tags?post=1937"}],"curies":[{"name":"wp","href":"https:\/\/api.w.org\/{rel}","templated":true}]}}