{"id":1927,"date":"2025-02-24T08:21:01","date_gmt":"2025-02-24T11:21:01","guid":{"rendered":"https:\/\/www.enorsai.com\/noticias\/?p=1927"},"modified":"2025-02-24T08:21:01","modified_gmt":"2025-02-24T11:21:01","slug":"gabriel-katopodis-hablo-del-inicio-de-derecho-al-futuro","status":"publish","type":"post","link":"https:\/\/www.enorsai.com\/noticias\/politica\/gabriel-katopodis-hablo-del-inicio-de-derecho-al-futuro\/","title":{"rendered":"Gabriel Katopodis habl\u00f3 del inicio de \u00abDerecho al Futuro\u00bb"},"content":{"rendered":"\n<p>Gabriel Katopodis, Ministro de Infraestructura y Servicios P\u00fablicos de la Provincia de Buenos Aires, dialog\u00f3 con Rub\u00e9n Su\u00e1rez sobre el lanzamiento del movimiento \u00abDerecho al Futuro\u00bb impulsado por el gobernador Axel Kicillof, el contexto pol\u00edtico actual y el impacto del gobierno de Javier Milei en la provincia y el pa\u00eds.<\/p>\n\n\n\n<h3 class=\"wp-block-heading\"><strong>El inicio de \u00abDerecho al Futuro\u00bb<\/strong><\/h3>\n\n\n\n<p>Consultado sobre los objetivos de este nuevo movimiento, Katopodis destac\u00f3 que \u00abel gobernador est\u00e1 convocando a bonaerenses y argentinos que ven con claridad que el proyecto de Milei no es el que necesitamos\u00bb. Seg\u00fan el ministro, es necesario \u00abconstruir una alternativa mejor, organizarnos y sumar a aquellos que a\u00fan no se han sentido representados\u00bb.<\/p>\n\n\n\n<p>El movimiento tiene un fuerte componente territorial, ya que, seg\u00fan Katopodis, \u00abdebe construirse desde abajo hacia arriba, convocando a votantes que no eligieron a Milei o que lo hicieron pero hoy se sienten defraudados\u00bb. Adem\u00e1s, subray\u00f3 que \u00abno alcanza con lo que juntamos en 2023; en 2025 tenemos que sumar mucho m\u00e1s\u00bb.<\/p>\n\n\n\n<figure class=\"wp-block-gallery has-nested-images columns-default is-cropped wp-block-gallery-1 is-layout-flex wp-block-gallery-is-layout-flex\">\n<figure class=\"wp-block-image size-large\"><img loading=\"lazy\" decoding=\"async\" width=\"640\" height=\"360\" data-id=\"1873\" src=\"https:\/\/www.enorsai.com\/noticias\/wp-content\/uploads\/2025\/02\/kicillof-hayfuturo1.png\" alt=\"\" class=\"wp-image-1873\" srcset=\"https:\/\/www.enorsai.com\/noticias\/wp-content\/uploads\/2025\/02\/kicillof-hayfuturo1.png 640w, https:\/\/www.enorsai.com\/noticias\/wp-content\/uploads\/2025\/02\/kicillof-hayfuturo1-300x169.png 300w\" sizes=\"auto, (max-width: 640px) 100vw, 640px\" \/><\/figure>\n<\/figure>\n\n\n\n<h3 class=\"wp-block-heading\"><strong>El impacto del gobierno de Milei y la oposici\u00f3n en Buenos Aires<\/strong><\/h3>\n\n\n\n<p>El ministro asegur\u00f3 que \u00abla provincia de Buenos Aires y el gobernador Kicillof han sido atacados ferozmente por el gobierno de Milei\u00bb. Seg\u00fan \u00e9l, el objetivo del oficialismo es \u00abquebrar al peronismo de la provincia para debilitar el pa\u00eds\u00bb. En este sentido, consider\u00f3 que \u00abDerecho al Futuro\u00bb es una expresi\u00f3n de apoyo al gobernador y una estrategia clave para fortalecer la oposici\u00f3n.<\/p>\n\n\n\n<p>En cuanto a las cr\u00edticas que sugieren que este movimiento podr\u00eda dividir al peronismo, Katopodis rechaz\u00f3 esa idea: \u00abHay un sector muy importante de la sociedad que ve en Axel Kicillof una referencia clara. Lo que buscamos es organizar ese apoyo para ampliar y fortalecer la oposici\u00f3n frente a Milei\u00bb.<\/p>\n\n\n\n<h3 class=\"wp-block-heading\"><strong>La crisis econ\u00f3mica y el desencanto con Milei<\/strong><\/h3>\n\n\n\n<p>Katopodis tambi\u00e9n se refiri\u00f3 al esc\u00e1ndalo del \u00abCriptoGate\u00bb y c\u00f3mo ha impactado en el gobierno de Milei: \u00abEn los \u00faltimos d\u00edas, todos hemos estado atentos a la estafa con la que el presidente qued\u00f3 involucrado, pero hay una estafa peor: la de los argentinos que deben juntar monedas para pagar la luz, los que perdieron el trabajo, los que no llegan a fin de mes\u00bb.<\/p>\n\n\n\n<figure class=\"wp-block-embed is-type-wp-embed is-provider-incrustado wp-block-embed-incrustado\"><div class=\"wp-block-embed__wrapper\">\n<blockquote class=\"wp-embedded-content\" data-secret=\"RPdYF6mRZp\"><a href=\"https:\/\/www.enorsai.com\/noticias\/sociedad\/el-oscuro-record-de-bullrich-en-su-gestion-hubo-en-las-carceles-federales-40-muertes-durante-2024\/\">El oscuro r\u00e9cord de Bullrich: En su gesti\u00f3n hubo en las c\u00e1rceles federales 40 muertes durante 2024<\/a><\/blockquote><iframe loading=\"lazy\" class=\"wp-embedded-content\" sandbox=\"allow-scripts\" security=\"restricted\" style=\"position: absolute; visibility: hidden;\" title=\"\u00abEl oscuro r\u00e9cord de Bullrich: En su gesti\u00f3n hubo en las c\u00e1rceles federales 40 muertes durante 2024\u00bb \u2014 \" src=\"https:\/\/www.enorsai.com\/noticias\/sociedad\/el-oscuro-record-de-bullrich-en-su-gestion-hubo-en-las-carceles-federales-40-muertes-durante-2024\/embed\/#?secret=moYPA9HPNL#?secret=RPdYF6mRZp\" data-secret=\"RPdYF6mRZp\" width=\"600\" height=\"338\" frameborder=\"0\" marginwidth=\"0\" marginheight=\"0\" scrolling=\"no\"><\/iframe>\n<\/div><\/figure>\n\n\n\n<p>El ministro destac\u00f3 que \u00abla realidad es que muchos que votaron a Milei pensando que estar\u00edan mejor hoy tienen problemas que antes no ten\u00edan\u00bb. Asegur\u00f3 que \u00abel consumo viene cayendo en picada y la actividad industrial est\u00e1 en crisis\u00bb.<\/p>\n\n\n\n<h3 class=\"wp-block-heading\"><strong>El testimonio de los trabajadores<\/strong><\/h3>\n\n\n\n<p>Katopodis record\u00f3 que, durante la campa\u00f1a electoral, convers\u00f3 con numerosos trabajadores industriales y que muchos de ellos ten\u00edan expectativas de cambio: \u00abQuer\u00edan expresar su bronca. Pero hoy, esos mismos trabajadores se sienten defraudados. Ven que el presidente decidi\u00f3 que haya ganadores y perdedores, y ellos est\u00e1n del lado de los perdedores\u00bb.<\/p>\n\n\n\n<p>Para el ministro, es clave que la oposici\u00f3n pueda canalizar este desencanto y ofrecer una alternativa viable de cara a las pr\u00f3ximas elecciones. \u00abPas\u00f3 un a\u00f1o, ya podemos ver los resultados de lo que significa el pa\u00eds que Milei tiene en la cabeza, y las consecuencias est\u00e1n a la vista\u00bb, concluy\u00f3. <\/p>\n\n\n\n<p><strong>Entrevista a Gabriel Katopodis en Radio Con Vos &#8211; Animales Pol\u00edticos<\/strong> <\/p>\n\n\n\n<figure class=\"wp-block-embed is-type-wp-embed is-provider-incrustado wp-block-embed-incrustado\"><div class=\"wp-block-embed__wrapper\">\n<blockquote class=\"wp-embedded-content\" data-secret=\"daybxJHAdY\"><a href=\"https:\/\/www.enorsai.com\/noticias\/politica\/kicillof-arma-su-espacio-en-el-peronismo-y-desafia-a-milei-con-un-frente-de-unidad\/\">Kicillof arma su espacio en el peronismo y desaf\u00eda a Milei con un frente de unidad<\/a><\/blockquote><iframe loading=\"lazy\" class=\"wp-embedded-content\" sandbox=\"allow-scripts\" security=\"restricted\" style=\"position: absolute; visibility: hidden;\" title=\"\u00abKicillof arma su espacio en el peronismo y desaf\u00eda a Milei con un frente de unidad\u00bb \u2014 \" src=\"https:\/\/www.enorsai.com\/noticias\/politica\/kicillof-arma-su-espacio-en-el-peronismo-y-desafia-a-milei-con-un-frente-de-unidad\/embed\/#?secret=KEw2nsa09k#?secret=daybxJHAdY\" data-secret=\"daybxJHAdY\" width=\"600\" height=\"338\" frameborder=\"0\" marginwidth=\"0\" marginheight=\"0\" scrolling=\"no\"><\/iframe>\n<\/div><\/figure>\n","protected":false},"excerpt":{"rendered":"<p>Gabriel Katopodis, Ministro de Infraestructura y Servicios P\u00fablicos de la Provincia de Buenos Aires, dialog\u00f3 con Rub\u00e9n Su\u00e1rez sobre el lanzamiento del movimiento \u00abDerecho al Futuro\u00bb impulsado por el gobernador Axel Kicillof, el contexto pol\u00edtico actual y el impacto del gobierno de Javier Milei en la provincia y el pa\u00eds. El inicio de \u00abDerecho al&#8230;<\/p>\n","protected":false},"author":4,"featured_media":1928,"comment_status":"open","ping_status":"open","sticky":false,"template":"","format":"standard","meta":{"_monsterinsights_skip_tracking":false,"_monsterinsights_sitenote_active":false,"_monsterinsights_sitenote_note":"","_monsterinsights_sitenote_category":0,"footnotes":"","jetpack_publicize_message":"","jetpack_publicize_feature_enabled":true,"jetpack_social_post_already_shared":true,"jetpack_social_options":{"image_generator_settings":{"template":"highway","default_image_id":0,"font":"","enabled":false},"version":2}},"categories":[2],"tags":[93,238,726,362,285],"class_list":["post-1927","post","type-post","status-publish","format-standard","has-post-thumbnail","hentry","category-politica","tag-argentina","tag-axel-kicillof","tag-derecho-al-futuro","tag-gabriel-katopodis","tag-provincia-de-buenos-aires"],"jetpack_publicize_connections":[],"_links":{"self":[{"href":"https:\/\/www.enorsai.com\/noticias\/wp-json\/wp\/v2\/posts\/1927","targetHints":{"allow":["GET"]}}],"collection":[{"href":"https:\/\/www.enorsai.com\/noticias\/wp-json\/wp\/v2\/posts"}],"about":[{"href":"https:\/\/www.enorsai.com\/noticias\/wp-json\/wp\/v2\/types\/post"}],"author":[{"embeddable":true,"href":"https:\/\/www.enorsai.com\/noticias\/wp-json\/wp\/v2\/users\/4"}],"replies":[{"embeddable":true,"href":"https:\/\/www.enorsai.com\/noticias\/wp-json\/wp\/v2\/comments?post=1927"}],"version-history":[{"count":1,"href":"https:\/\/www.enorsai.com\/noticias\/wp-json\/wp\/v2\/posts\/1927\/revisions"}],"predecessor-version":[{"id":1929,"href":"https:\/\/www.enorsai.com\/noticias\/wp-json\/wp\/v2\/posts\/1927\/revisions\/1929"}],"wp:featuredmedia":[{"embeddable":true,"href":"https:\/\/www.enorsai.com\/noticias\/wp-json\/wp\/v2\/media\/1928"}],"wp:attachment":[{"href":"https:\/\/www.enorsai.com\/noticias\/wp-json\/wp\/v2\/media?parent=1927"}],"wp:term":[{"taxonomy":"category","embeddable":true,"href":"https:\/\/www.enorsai.com\/noticias\/wp-json\/wp\/v2\/categories?post=1927"},{"taxonomy":"post_tag","embeddable":true,"href":"https:\/\/www.enorsai.com\/noticias\/wp-json\/wp\/v2\/tags?post=1927"}],"curies":[{"name":"wp","href":"https:\/\/api.w.org\/{rel}","templated":true}]}}