{"id":1919,"date":"2025-02-24T06:46:22","date_gmt":"2025-02-24T09:46:22","guid":{"rendered":"http:\/\/www.enorsai.com\/noticias\/?p=1919"},"modified":"2025-02-24T06:46:22","modified_gmt":"2025-02-24T09:46:22","slug":"cacerolazo-contra-karina-milei-el-descontento-empieza-a-sonar-fuerte-en-las-calles","status":"publish","type":"post","link":"https:\/\/www.enorsai.com\/noticias\/politica\/cacerolazo-contra-karina-milei-el-descontento-empieza-a-sonar-fuerte-en-las-calles\/","title":{"rendered":"Cacerolazo contra Karina Milei: El descontento empieza a sonar fuerte en las calles"},"content":{"rendered":"\n<p><strong>La secretaria general de la Presidencia realiz\u00f3 un acto en un club de barrio, pero fue recibida con una protesta espont\u00e1nea de vecinos que rechazan al gobierno de Javier Milei.<\/strong><\/p>\n\n\n\n<p><strong>Por Redacci\u00f3n En Orsai<\/strong><\/p>\n\n\n\n<p>El s\u00e1bado por la tarde, el Club Pinocho de Villa Urquiza se convirti\u00f3 en el epicentro de una muestra de hartazgo ciudadano. Mientras Karina Milei, secretaria general de la Presidencia y principal operadora pol\u00edtica de La Libertad Avanza, llegaba escoltada por un fuerte operativo de seguridad, las calles aleda\u00f1as resonaban con el golpe de cacerolas y los gritos de los manifestantes que la repudiaban. \u00abFuera Karina\u00bb y \u00abFuera Estafadores\u00bb fueron algunos de los cantos que se impusieron sobre los discursos libertarios que se desarrollaban puertas adentro.<\/p>\n\n\n\n<p>La organizaci\u00f3n del evento, promovido por la juventud de La Libertad Avanza, no contaba con este c\u00e1lculo: los vecinos del barrio porte\u00f1o, hartos del ajuste econ\u00f3mico, el saqueo del Estado y el empobrecimiento generalizado, decidieron salir a protestar. La espontaneidad de la manifestaci\u00f3n marca un cambio en la atm\u00f3sfera pol\u00edtica del pa\u00eds, donde las primeras se\u00f1ales de fractura social comienzan a hacerse evidentes.<\/p>\n\n\n\n<figure class=\"wp-block-embed is-type-video is-provider-youtube wp-block-embed-youtube wp-embed-aspect-16-9 wp-has-aspect-ratio\"><div class=\"wp-block-embed__wrapper\">\n<iframe loading=\"lazy\" title=\"Cacerolazo contra el AJUSTE DEL GOBIENO DE MILEI en Villa Urquiza\" width=\"640\" height=\"360\" src=\"https:\/\/www.youtube.com\/embed\/B1TaxPI1ju0?start=364&#038;feature=oembed\" frameborder=\"0\" allow=\"accelerometer; autoplay; clipboard-write; encrypted-media; gyroscope; picture-in-picture; web-share\" referrerpolicy=\"strict-origin-when-cross-origin\" allowfullscreen><\/iframe>\n<\/div><\/figure>\n\n\n\n<p><\/p>\n\n\n\n<p><strong>Un gobierno blindado y un pueblo empobrecido<\/strong><\/p>\n\n\n\n<p>El malestar popular no es gratuito. Mientras el gobierno de Javier Milei avanza con una agenda de ajuste brutal, el deterioro de las condiciones de vida se hace insostenible. La eliminaci\u00f3n de subsidios, la inflaci\u00f3n descontrolada y la precarizaci\u00f3n laboral han generado un clima de creciente tensi\u00f3n social. La bronca acumulada encontr\u00f3 en la presencia de Karina Milei una v\u00eda de escape. La hermana del presidente, figura clave dentro de la estructura libertaria, simboliza el nepotismo y la falta de transparencia de un gobierno que prometi\u00f3 \u2018terminar con la casta\u2019, pero que ha profundizado la impunidad y el amiguismo.<\/p>\n\n\n\n<p>\u00abMientras cagan a palos a los jubilados, cagan de hambre al pueblo y a los laburantes los echan de sus puestos de trabajo, vemos c\u00f3mo estafan guita y cobran coimas\u00bb, denunci\u00f3 un manifestante en di\u00e1logo con C5N. Sus palabras reflejan el desencanto de un sector de la sociedad que alguna vez crey\u00f3 en las promesas de cambio de Milei y que hoy ve c\u00f3mo la realidad se vuelve insostenible.<\/p>\n\n\n\n<figure class=\"wp-block-embed is-type-wp-embed is-provider-incrustado wp-block-embed-incrustado\"><div class=\"wp-block-embed__wrapper\">\n<blockquote class=\"wp-embedded-content\" data-secret=\"GOk5ehWqjh\"><a href=\"https:\/\/www.enorsai.com\/noticias\/politica\/aumenta-la-certeza-de-que-el-gobierno-de-milei-bloqueo-la-investigacion-del-criptogate-con-coimas\/\">Aumenta la certeza de que el gobierno de Milei bloque\u00f3 la investigaci\u00f3n del criptogate con coimas<\/a><\/blockquote><iframe loading=\"lazy\" class=\"wp-embedded-content\" sandbox=\"allow-scripts\" security=\"restricted\" style=\"position: absolute; visibility: hidden;\" title=\"\u00abAumenta la certeza de que el gobierno de Milei bloque\u00f3 la investigaci\u00f3n del criptogate con coimas\u00bb \u2014 \" src=\"https:\/\/www.enorsai.com\/noticias\/politica\/aumenta-la-certeza-de-que-el-gobierno-de-milei-bloqueo-la-investigacion-del-criptogate-con-coimas\/embed\/#?secret=HjPU0xvOmz#?secret=GOk5ehWqjh\" data-secret=\"GOk5ehWqjh\" width=\"600\" height=\"338\" frameborder=\"0\" marginwidth=\"0\" marginheight=\"0\" scrolling=\"no\"><\/iframe>\n<\/div><\/figure>\n\n\n\n<p><strong>El esc\u00e1ndalo cripto y la sombra de la corrupci\u00f3n<\/strong><\/p>\n\n\n\n<p>La protesta contra Karina Milei tambi\u00e9n tuvo un trasfondo pol\u00edtico ineludible: el esc\u00e1ndalo de las criptomonedas que salpica directamente a la familia presidencial. Las recientes revelaciones sobre presuntas operaciones fraudulentas con criptoactivos, en las que est\u00e1n implicados funcionarios cercanos a La Libertad Avanza, han encendido las alarmas sobre el verdadero inter\u00e9s del gobierno en las finanzas p\u00fablicas. La imagen de Milei viajando a Estados Unidos para buscar apoyo de Elon Musk y Donald Trump mientras el pa\u00eds se hunde en la crisis no ha hecho m\u00e1s que agravar la indignaci\u00f3n popular.<\/p>\n\n\n\n<p>\u00abAc\u00e1 nos cagamos de hambre y no nos alcanza para llegar a fin de mes. Vemos c\u00f3mo, impunemente, este Gobierno con todos sus c\u00f3mplices del Poder Judicial, de los medios de comunicaci\u00f3n y del poder econ\u00f3mico se cagan de risa de nosotros y no lo vamos a permitir\u00bb, expres\u00f3 otro vecino.<\/p>\n\n\n\n<p>El Club Pinocho, hist\u00f3rica instituci\u00f3n barrial, se vio envuelto en un operativo policial que busc\u00f3 contener el avance de los manifestantes. \u00abLa Polic\u00eda est\u00e1 ac\u00e1 solo porque est\u00e1 la ladrona de Karina Milei\u00bb, se quej\u00f3 una jubilada que participaba del cacerolazo.<\/p>\n\n\n\n<figure class=\"wp-block-embed is-type-wp-embed is-provider-incrustado wp-block-embed-incrustado\"><div class=\"wp-block-embed__wrapper\">\n<blockquote class=\"wp-embedded-content\" data-secret=\"j6jsL53Kn6\"><a href=\"https:\/\/www.enorsai.com\/noticias\/politica\/estafa-y-saqueo-el-capitalismo-nunca-fue-bienestar-solo-riqueza-para-unos-pocos\/\">Estafa y saqueo: el capitalismo nunca fue bienestar, solo riqueza para unos pocos<\/a><\/blockquote><iframe loading=\"lazy\" class=\"wp-embedded-content\" sandbox=\"allow-scripts\" security=\"restricted\" style=\"position: absolute; visibility: hidden;\" title=\"\u00abEstafa y saqueo: el capitalismo nunca fue bienestar, solo riqueza para unos pocos\u00bb \u2014 \" src=\"https:\/\/www.enorsai.com\/noticias\/politica\/estafa-y-saqueo-el-capitalismo-nunca-fue-bienestar-solo-riqueza-para-unos-pocos\/embed\/#?secret=ayONIb8cCa#?secret=j6jsL53Kn6\" data-secret=\"j6jsL53Kn6\" width=\"600\" height=\"338\" frameborder=\"0\" marginwidth=\"0\" marginheight=\"0\" scrolling=\"no\"><\/iframe>\n<\/div><\/figure>\n\n\n\n<p><strong>Se rompe el blindaje medi\u00e1tico<\/strong><\/p>\n\n\n\n<p>La protesta en Villa Urquiza es tambi\u00e9n un reflejo del desgaste del blindaje medi\u00e1tico que protege al gobierno. Durante meses, la prensa af\u00edn se ha esforzado en instalar la idea de que Milei mantiene un alto apoyo popular y que las cr\u00edticas provienen exclusivamente de la \u00abcasta\u00bb o de sectores pol\u00edticos opositores. Sin embargo, los cacerolazos, s\u00edmbolo de protesta de la clase media en Argentina, demuestran que el descontento est\u00e1 calando hondo en la sociedad.<\/p>\n\n\n\n<p>La estrategia libertaria de sostenerse en el marketing pol\u00edtico y en la confrontaci\u00f3n permanente con el pasado parece empezar a resquebrajarse frente a la realidad econ\u00f3mica. La recesi\u00f3n, la desindustrializaci\u00f3n y la creciente desigualdad han generado un caldo de cultivo para el descontento popular que, hasta ahora, se manten\u00eda contenido por el temor y la desinformaci\u00f3n.<\/p>\n\n\n\nhttps:\/\/publish.twitter.com\/?url=https:\/\/twitter.com\/infonews\/status\/1893778033649016856#\n\n\n\n<p><\/p>\n\n\n\n<p><strong>Un mensaje de resistencia<\/strong><\/p>\n\n\n\n<p>El cacerolazo en Villa Urquiza no fue un hecho aislado, sino una se\u00f1al de que la paciencia social est\u00e1 llegando a su l\u00edmite. El gobierno de Milei, que se jacta de no temer a las protestas, podr\u00eda estar subestimando el poder de la movilizaci\u00f3n popular. Con una econom\u00eda al borde del colapso y un modelo de ajuste despiadado, la bronca que se expres\u00f3 en las calles porte\u00f1as podr\u00eda replicarse en otros barrios y provincias del pa\u00eds.<\/p>\n\n\n\n<p>La presencia de Karina Milei, lejos de consolidar el poder de La Libertad Avanza, funcion\u00f3 como catalizador del rechazo ciudadano. El mensaje fue claro: la gente no est\u00e1 dispuesta a seguir soportando la mentira de un gobierno que prometi\u00f3 libertad pero s\u00f3lo ha tra\u00eddo miseria y represi\u00f3n. El sonido de las cacerolas, que alguna vez fue emblema de otras crisis pol\u00edticas en Argentina, vuelve a resonar con fuerza. La pregunta ahora es si el gobierno de Javier Milei escuchar\u00e1 o si seguir\u00e1 encerrado en su burbuja de poder hasta que el estruendo sea imposible de ignorar.<\/p>\n\n\n\n<p>Fuentes:<\/p>\n\n\n\n<ul class=\"wp-block-list\">\n<li><a href=\"https:\/\/www.minutouno.com\/politica\/cacerolazo-la-puerta-del-acto-karina-milei-villa-urquiza-n6116647\">https:\/\/www.minutouno.com\/politica\/cacerolazo-la-puerta-del-acto-karina-milei-villa-urquiza-n6116647<\/a><\/li>\n\n\n\n<li><a href=\"https:\/\/www.diarioregistrado.com\/politica\/karina-milei-hizo-un-acto-en-el--club-pinocho--y-se-armo-un-cacerolazo-espontaneo-para-repudiarla_a67bb95d6f98b62987a35a637\">https:\/\/www.diarioregistrado.com\/politica\/karina-milei-hizo-un-acto-en-el&#8211;club-pinocho&#8211;y-se-armo-un-cacerolazo-espontaneo-para-repudiarla_a67bb95d6f98b62987a35a637<\/a><\/li>\n\n\n\n<li><a href=\"https:\/\/www.saavedraonline.com.ar\/la-asamblea-parque-saavedra-convoco-a-una-protesta-en-larralde-y-galvan-por-la-presencia-de-karina-milei-en-el-club-pinocho\/\">https:\/\/www.saavedraonline.com.ar\/la-asamblea-parque-saavedra-convoco-a-una-protesta-en-larralde-y-galvan-por-la-presencia-de-karina-milei-en-el-club-pinocho\/<\/a><\/li>\n<\/ul>\n\n\n\n<p><\/p>\n\n\n","protected":false},"excerpt":{"rendered":"<p>El cacerolazo contra Karina Milei en Villa Urquiza expuso el creciente descontento con el gobierno de su hermano. Mientras la secretaria de Presidencia intentaba encabezar un acto partidario, los vecinos se congregaron espont\u00e1neamente para repudiarla al grito de \u00abFuera Estafadores\u00bb, denunciando corrupci\u00f3n, ajuste y represi\u00f3n. La bronca se hace o\u00edr.<\/p>\n","protected":false},"author":1,"featured_media":1921,"comment_status":"open","ping_status":"open","sticky":false,"template":"","format":"standard","meta":{"_monsterinsights_skip_tracking":false,"_monsterinsights_sitenote_active":false,"_monsterinsights_sitenote_note":"","_monsterinsights_sitenote_category":0,"footnotes":"","jetpack_publicize_message":"\ud83d\udea8 Cacerolazo contra Karina Milei: El descontento empieza a sonar fuerte en las calles \nKarina Milei lleg\u00f3 a Villa Urquiza y la recibieron con un cacerolazo \ud83d\udd25 Vecinos repudiaron el ajuste, la corrupci\u00f3n y la represi\u00f3n del gobierno de su hermano","jetpack_publicize_feature_enabled":true,"jetpack_social_post_already_shared":false,"jetpack_social_options":{"image_generator_settings":{"template":"highway","enabled":false},"version":2}},"categories":[2],"tags":[58,75,174,45,371,365,725],"class_list":["post-1919","post","type-post","status-publish","format-standard","has-post-thumbnail","hentry","category-politica","tag-ajuste","tag-corrupcion","tag-karina-milei","tag-milei","tag-protesta","tag-represion","tag-saavedra"],"jetpack_publicize_connections":[],"_links":{"self":[{"href":"https:\/\/www.enorsai.com\/noticias\/wp-json\/wp\/v2\/posts\/1919","targetHints":{"allow":["GET"]}}],"collection":[{"href":"https:\/\/www.enorsai.com\/noticias\/wp-json\/wp\/v2\/posts"}],"about":[{"href":"https:\/\/www.enorsai.com\/noticias\/wp-json\/wp\/v2\/types\/post"}],"author":[{"embeddable":true,"href":"https:\/\/www.enorsai.com\/noticias\/wp-json\/wp\/v2\/users\/1"}],"replies":[{"embeddable":true,"href":"https:\/\/www.enorsai.com\/noticias\/wp-json\/wp\/v2\/comments?post=1919"}],"version-history":[{"count":2,"href":"https:\/\/www.enorsai.com\/noticias\/wp-json\/wp\/v2\/posts\/1919\/revisions"}],"predecessor-version":[{"id":1922,"href":"https:\/\/www.enorsai.com\/noticias\/wp-json\/wp\/v2\/posts\/1919\/revisions\/1922"}],"wp:featuredmedia":[{"embeddable":true,"href":"https:\/\/www.enorsai.com\/noticias\/wp-json\/wp\/v2\/media\/1921"}],"wp:attachment":[{"href":"https:\/\/www.enorsai.com\/noticias\/wp-json\/wp\/v2\/media?parent=1919"}],"wp:term":[{"taxonomy":"category","embeddable":true,"href":"https:\/\/www.enorsai.com\/noticias\/wp-json\/wp\/v2\/categories?post=1919"},{"taxonomy":"post_tag","embeddable":true,"href":"https:\/\/www.enorsai.com\/noticias\/wp-json\/wp\/v2\/tags?post=1919"}],"curies":[{"name":"wp","href":"https:\/\/api.w.org\/{rel}","templated":true}]}}