{"id":1904,"date":"2025-02-23T20:39:34","date_gmt":"2025-02-23T23:39:34","guid":{"rendered":"https:\/\/www.enorsai.com\/noticias\/?p=1904"},"modified":"2025-02-23T20:39:34","modified_gmt":"2025-02-23T23:39:34","slug":"oscar-parrilli-milei-gobierna-con-perversidad-y-la-justicia-es-complice","status":"publish","type":"post","link":"https:\/\/www.enorsai.com\/noticias\/politica\/oscar-parrilli-milei-gobierna-con-perversidad-y-la-justicia-es-complice\/","title":{"rendered":"Oscar Parrilli: \u00abMilei gobierna con perversidad y la justicia es c\u00f3mplice\u00bb"},"content":{"rendered":"\n<p>Javier Milei se autoincrimina y la justicia mira para otro lado. Mientras el pa\u00eds se hunde en un ajuste brutal, el presidente sigue con su show medi\u00e1tico, insultando y descalificando, pero la realidad lo atropella: el endeudamiento feroz, la par\u00e1lisis econ\u00f3mica y el ataque sistem\u00e1tico al Estado. As\u00ed lo denunci\u00f3 Oscar Parrilli en una entrevista con AM530, en la que advirti\u00f3 que el gobierno libertario est\u00e1 llevando a Argentina a un colapso y que el lawfare sigue vigente con el intento de proscripci\u00f3n de Cristina Fern\u00e1ndez de Kirchner.<\/p>\n\n\n\n<p>\u00abArgentina puede esperar cualquier cosa\u00bb, ironiz\u00f3 Milei en su \u00faltimo discurso en el Banco Interamericano de Desarrollo. Lo dijo en tono despectivo, con su celular sonando en plena intervenci\u00f3n y exhibiendo su improvisaci\u00f3n cr\u00f3nica. Parrilli recogi\u00f3 el guante y lo llev\u00f3 a otro plano: \u00abS\u00ed, es cierto, se puede esperar hasta que haya un presidente como el que tenemos, que nos causa verg\u00fcenza a todos, no solo a quienes lo votaron\u00bb. Y a\u00f1adi\u00f3: \u00abHace estas cosas para distraer, para que no hablemos de lo profundo: la deuda, el desempleo, la ca\u00edda del consumo, la inflaci\u00f3n galopante\u00bb.<\/p>\n\n\n\n<h2 class=\"wp-block-heading\"><strong>El saqueo financiero de Caputo y Milei<\/strong><\/h2>\n\n\n\n<p>El legislador neuquino compar\u00f3 el nivel de endeudamiento actual con el desastroso pr\u00e9stamo que Mauricio Macri tom\u00f3 del FMI en 2018. \u00abMilei critic\u00f3 a Caputo porque dilapid\u00f3 15 mil millones de d\u00f3lares en dos meses, pero ahora Bloomberg -no el kirchnerismo- dice que lleva quemados 21 mil millones en menos de dos meses\u00bb. Un desangre financiero que deja al pa\u00eds en la cuerda floja y con consecuencias directas: \u00abSe siguen cerrando empresas, hay m\u00e1s desocupaci\u00f3n y la destrucci\u00f3n del Estado es permanente\u00bb, alert\u00f3.<\/p>\n\n\n\n<figure class=\"wp-block-embed is-type-wp-embed is-provider-incrustado wp-block-embed-incrustado\"><div class=\"wp-block-embed__wrapper\">\n<blockquote class=\"wp-embedded-content\" data-secret=\"5ePui2W10e\"><a href=\"https:\/\/www.enorsai.com\/noticias\/economia\/los-grilletes-del-fmi-heller-advierte-sobre-el-nuevo-endeudamiento-de-milei\/\">Los grilletes del FMI: Heller advierte sobre el nuevo endeudamiento de Milei<\/a><\/blockquote><iframe loading=\"lazy\" class=\"wp-embedded-content\" sandbox=\"allow-scripts\" security=\"restricted\" style=\"position: absolute; visibility: hidden;\" title=\"\u00abLos grilletes del FMI: Heller advierte sobre el nuevo endeudamiento de Milei\u00bb \u2014 \" src=\"https:\/\/www.enorsai.com\/noticias\/economia\/los-grilletes-del-fmi-heller-advierte-sobre-el-nuevo-endeudamiento-de-milei\/embed\/#?secret=nYds7eqT3Y#?secret=5ePui2W10e\" data-secret=\"5ePui2W10e\" width=\"600\" height=\"338\" frameborder=\"0\" marginwidth=\"0\" marginheight=\"0\" scrolling=\"no\"><\/iframe>\n<\/div><\/figure>\n\n\n\n<p>El esc\u00e1ndalo de la estafa cripto, en la que Milei promocion\u00f3 una moneda digital fraudulenta, tambi\u00e9n estuvo presente en la entrevista. \u00abMilei tuite\u00f3 lo que tuite\u00f3, particip\u00f3 y los creadores de esa criptomoneda dijeron que lo conoc\u00edan\u00bb, record\u00f3 Parrilli. Sin embargo, no espera mucho de la justicia argentina. \u00abTengo cero confianza en los personajes que est\u00e1n a cargo de la investigaci\u00f3n. No en la justicia, sino en estos jueces funcionales al poder\u00bb. En particular, apunt\u00f3 contra el fiscal Ramiro Gonz\u00e1lez, quien lleva la causa. \u00abTiene un hijo funcionario del gobierno y fue un engranaje clave en la persecuci\u00f3n a Cristina Kirchner durante el macrismo\u00bb. Parrilli solo deposita esperanzas en la justicia de Estados Unidos, que podr\u00eda investigar la trama internacional del caso.<\/p>\n\n\n\n<figure class=\"wp-block-embed is-type-wp-embed is-provider-incrustado wp-block-embed-incrustado\"><div class=\"wp-block-embed__wrapper\">\n<blockquote class=\"wp-embedded-content\" data-secret=\"XMae2K83NS\"><a href=\"https:\/\/www.enorsai.com\/noticias\/economia\/el-plan-caputo-la-estafa-de-los-40-000-millones-de-dolares\/\">El plan Caputo: la estafa de los 40.000 millones de d\u00f3lares<\/a><\/blockquote><iframe loading=\"lazy\" class=\"wp-embedded-content\" sandbox=\"allow-scripts\" security=\"restricted\" style=\"position: absolute; visibility: hidden;\" title=\"\u00abEl plan Caputo: la estafa de los 40.000 millones de d\u00f3lares\u00bb \u2014 \" src=\"https:\/\/www.enorsai.com\/noticias\/economia\/el-plan-caputo-la-estafa-de-los-40-000-millones-de-dolares\/embed\/#?secret=i3DdHWlWbq#?secret=XMae2K83NS\" data-secret=\"XMae2K83NS\" width=\"600\" height=\"338\" frameborder=\"0\" marginwidth=\"0\" marginheight=\"0\" scrolling=\"no\"><\/iframe>\n<\/div><\/figure>\n\n\n\n<h2 class=\"wp-block-heading\"><strong>La UCR: la farsa de una oposici\u00f3n c\u00f3mplice<\/strong><\/h2>\n\n\n\n<p>El senador tambi\u00e9n arremeti\u00f3 contra el radicalismo, que primero present\u00f3 un proyecto para crear una comisi\u00f3n investigadora y luego lo vot\u00f3 en contra. \u00abHacen la pol\u00edtica del tero: gritan en un lado y ponen el huevo en otro\u00bb, denunci\u00f3. Y sentenci\u00f3: \u00abQuedaron al descubierto. No tengo ninguna expectativa en esta dirigencia del centenario partido radical. La \u00fanica oposici\u00f3n seria que hay en la Argentina es la que representa Uni\u00f3n por la Patria\u00bb.<\/p>\n\n\n\n<h2 class=\"wp-block-heading\"><strong>El plan para proscribir a Cristina Kirchner<\/strong><\/h2>\n\n\n\n<p>Uno de los ejes centrales de la entrevista fue el intento de avanzar con la llamada \u00abFicha Limpia\u00bb, una ley impulsada por el oficialismo y sus aliados para impedir que dirigentes con condenas en primera instancia puedan ser candidatos. \u00abLe tienen miedo a Cristina. Le tiene miedo Macri, porque ya perdi\u00f3 con ella. Le tiene miedo Milei y le tienen miedo muchos radicales hip\u00f3critas que se dicen democr\u00e1ticos pero son lo peor del macrismo\u00bb. Para Parrilli, este intento de prohibirle a la expresidenta competir es un retorno a la proscripci\u00f3n de la democracia. \u00abNo nos olvidemos que a Per\u00f3n lo proscribieron, anulaban elecciones cuando el peronismo ganaba. Esto no es nuevo, es parte de la historia de la derecha en Argentina\u00bb.<\/p>\n\n\n\n<figure class=\"wp-block-embed is-type-wp-embed is-provider-incrustado wp-block-embed-incrustado\"><div class=\"wp-block-embed__wrapper\">\n<blockquote class=\"wp-embedded-content\" data-secret=\"ScUkAqxSCO\"><a href=\"https:\/\/www.enorsai.com\/noticias\/politica\/la-burda-estrategia-de-caputo-manipular-el-relato-para-tapar-el-escandalo-culpando-al-kirchnerismo\/\">La burda estrategia de Caputo: Manipular el relato para tapar el esc\u00e1ndalo culpando al kirchnerismo<\/a><\/blockquote><iframe loading=\"lazy\" class=\"wp-embedded-content\" sandbox=\"allow-scripts\" security=\"restricted\" style=\"position: absolute; visibility: hidden;\" title=\"\u00abLa burda estrategia de Caputo: Manipular el relato para tapar el esc\u00e1ndalo culpando al kirchnerismo\u00bb \u2014 \" src=\"https:\/\/www.enorsai.com\/noticias\/politica\/la-burda-estrategia-de-caputo-manipular-el-relato-para-tapar-el-escandalo-culpando-al-kirchnerismo\/embed\/#?secret=v0WDxbzWmU#?secret=ScUkAqxSCO\" data-secret=\"ScUkAqxSCO\" width=\"600\" height=\"338\" frameborder=\"0\" marginwidth=\"0\" marginheight=\"0\" scrolling=\"no\"><\/iframe>\n<\/div><\/figure>\n\n\n\n<p>Sobre una eventual candidatura de Cristina, el senador mostr\u00f3 su doble sentimiento. \u00abPor un lado, ya es pedirle demasiado. Todo lo que ella dio por la Argentina es inmenso. Pero por otro, en alg\u00fan momento va a ser inevitable. Es la \u00fanica figura pol\u00edtica que genera esperanza y que puede terminar con esta infamia\u00bb.<\/p>\n\n\n\n<h2 class=\"wp-block-heading\"><strong>La interna peronista y la jugada de Kicillof<\/strong><\/h2>\n\n\n\n<p>Parrilli tambi\u00e9n se refiri\u00f3 al lanzamiento del movimiento \u00abDerecho al Futuro\u00bb de Axel Kicillof, un espacio que algunos analistas ven como un intento de diferenciarse de la conducci\u00f3n de Cristina Kirchner. \u00abMe parece absolutamente desubicado. No veo motivo para hacerlo, est\u00e1 fuera de tiempo y de lugar. No le aporta nada a la construcci\u00f3n del movimiento\u00bb.<\/p>\n\n\n\n<p>A pesar de este cortocircuito, confi\u00f3 en que Kicillof recapacite. \u00abCristina nunca tuvo actitudes revanchistas. Siempre puso por delante los intereses de la patria. Espero que Axel entienda que tiene que trabajar con ella. No sirve de nada querer diferenciarse o separarse\u00bb.<\/p>\n\n\n\n<h2 class=\"wp-block-heading\"><strong>Un gobierno sin rumbo y con violencia creciente<\/strong><\/h2>\n\n\n\n<p>El an\u00e1lisis del senador cerr\u00f3 con una advertencia sobre el futuro inmediato. \u00abEste plan econ\u00f3mico solo va a traer m\u00e1s pobreza, m\u00e1s desigualdad y m\u00e1s violencia institucional. Cuanto peor le vaya a la gente, m\u00e1s represivos van a ser\u00bb. Para Parrilli, el gobierno de Milei es \u00abel mismo macrismo, con m\u00e1s agresividad y menos capacidad\u00bb. Un c\u00f3ctel explosivo que, tarde o temprano, estallar\u00e1 en las calles.<\/p>\n\n\n\n<hr class=\"wp-block-separator has-alpha-channel-opacity\"\/>\n","protected":false},"excerpt":{"rendered":"<p>El senador de Uni\u00f3n por la Patria dispar\u00f3 contra el gobierno libertario, denunci\u00f3 la destrucci\u00f3n del Estado y advirti\u00f3 sobre la proscripci\u00f3n de Cristina Kirchner<\/p>\n","protected":false},"author":4,"featured_media":1905,"comment_status":"open","ping_status":"open","sticky":false,"template":"","format":"standard","meta":{"_monsterinsights_skip_tracking":false,"_monsterinsights_sitenote_active":false,"_monsterinsights_sitenote_note":"","_monsterinsights_sitenote_category":0,"footnotes":"","jetpack_publicize_message":"","jetpack_publicize_feature_enabled":true,"jetpack_social_post_already_shared":true,"jetpack_social_options":{"image_generator_settings":{"template":"highway","default_image_id":0,"font":"","enabled":false},"version":2}},"categories":[3,2],"tags":[719,439,720,718,721],"class_list":["post-1904","post","type-post","status-publish","format-standard","has-post-thumbnail","hentry","category-economia","category-politica","tag-endeudamiento-caputo-milei","tag-javier-milei-crisis-economica","tag-justicia-argentina-lawfare","tag-proscripcion-cristina-kirchner","tag-union-por-la-patria-oposicion"],"jetpack_publicize_connections":[],"_links":{"self":[{"href":"https:\/\/www.enorsai.com\/noticias\/wp-json\/wp\/v2\/posts\/1904","targetHints":{"allow":["GET"]}}],"collection":[{"href":"https:\/\/www.enorsai.com\/noticias\/wp-json\/wp\/v2\/posts"}],"about":[{"href":"https:\/\/www.enorsai.com\/noticias\/wp-json\/wp\/v2\/types\/post"}],"author":[{"embeddable":true,"href":"https:\/\/www.enorsai.com\/noticias\/wp-json\/wp\/v2\/users\/4"}],"replies":[{"embeddable":true,"href":"https:\/\/www.enorsai.com\/noticias\/wp-json\/wp\/v2\/comments?post=1904"}],"version-history":[{"count":1,"href":"https:\/\/www.enorsai.com\/noticias\/wp-json\/wp\/v2\/posts\/1904\/revisions"}],"predecessor-version":[{"id":1906,"href":"https:\/\/www.enorsai.com\/noticias\/wp-json\/wp\/v2\/posts\/1904\/revisions\/1906"}],"wp:featuredmedia":[{"embeddable":true,"href":"https:\/\/www.enorsai.com\/noticias\/wp-json\/wp\/v2\/media\/1905"}],"wp:attachment":[{"href":"https:\/\/www.enorsai.com\/noticias\/wp-json\/wp\/v2\/media?parent=1904"}],"wp:term":[{"taxonomy":"category","embeddable":true,"href":"https:\/\/www.enorsai.com\/noticias\/wp-json\/wp\/v2\/categories?post=1904"},{"taxonomy":"post_tag","embeddable":true,"href":"https:\/\/www.enorsai.com\/noticias\/wp-json\/wp\/v2\/tags?post=1904"}],"curies":[{"name":"wp","href":"https:\/\/api.w.org\/{rel}","templated":true}]}}