{"id":1879,"date":"2025-02-23T09:12:25","date_gmt":"2025-02-23T12:12:25","guid":{"rendered":"https:\/\/www.enorsai.com\/noticias\/?p=1879"},"modified":"2025-02-23T09:15:56","modified_gmt":"2025-02-23T12:15:56","slug":"el-oscuro-record-de-bullrich-en-su-gestion-hubo-en-las-carceles-federales-40-muertes-durante-2024","status":"publish","type":"post","link":"https:\/\/www.enorsai.com\/noticias\/sociedad\/el-oscuro-record-de-bullrich-en-su-gestion-hubo-en-las-carceles-federales-40-muertes-durante-2024\/","title":{"rendered":"El oscuro r\u00e9cord de Bullrich: En su gesti\u00f3n hubo en las c\u00e1rceles federales 40 muertes durante 2024"},"content":{"rendered":"\n<p><strong><em>El informe de la Procuradur\u00eda de Violencia Institucional revela un aumento del 33% en las muertes de personas privadas de libertad, mientras el gobierno de Milei mira hacia otro lado. En un contexto de abandono y violencia estructural, las c\u00e1rceles federales argentinas registraron 40 muertes en 2024, con un preocupante incremento de casos traum\u00e1ticos. El Complejo Penitenciario Federal de Ezeiza lidera esta macabra estad\u00edstica, mientras las pol\u00edticas de seguridad del gobierno de Javier Milei brillan por su ausencia.<\/em><\/strong><\/p>\n\n\n\n<hr class=\"wp-block-separator has-alpha-channel-opacity\"\/>\n\n\n\n<p>(Por Sof\u00eda Arregui) El sistema penitenciario federal argentino vuelve a ser noticia por las razones equivocadas. Seg\u00fan el informe anual de la Procuradur\u00eda de Violencia Institucional (PROCUVIN), en 2024 murieron 40 personas privadas de su libertad en c\u00e1rceles federales, un aumento del 33,3% respecto al a\u00f1o anterior. Este dato no solo refleja una crisis humanitaria en las prisiones, sino que tambi\u00e9n expone la incapacidad del gobierno de Javier Milei para abordar una problem\u00e1tica que lleva a\u00f1os desangrando a los sectores m\u00e1s vulnerables de la sociedad.<\/p>\n\n\n\n<p>El informe, elaborado por el \u00c1rea de An\u00e1lisis e Investigaciones Interdisciplinarias de la PROCUVIN, detalla que de las 40 muertes, 37 corresponden a hombres y 3 a mujeres. La mayor\u00eda de los fallecimientos (67,5%) fueron no traum\u00e1ticos, es decir, relacionados con enfermedades o afecciones de salud, mientras que el 32,5% fueron traum\u00e1ticos, incluyendo ahorcamientos, quemaduras y heridas cortopunzantes. Estos n\u00fameros no son fr\u00edos datos estad\u00edsticos; son vidas truncadas en un sistema que, lejos de rehabilitar, condena a la desesperaci\u00f3n y la muerte.<\/p>\n\n\n\n<figure class=\"wp-block-embed is-type-wp-embed is-provider-incrustado wp-block-embed-incrustado\"><div class=\"wp-block-embed__wrapper\">\n<blockquote class=\"wp-embedded-content\" data-secret=\"lzVhXCJxss\"><a href=\"https:\/\/www.enorsai.com\/noticias\/politica\/mauricio-macri-el-desesperado-intento-de-colarse-en-el-triangulo-de-hierro-de-javier-milei\/\">Mauricio Macri, el desesperado intento de colarse en el \u00abtri\u00e1ngulo de hierro\u00bb de Javier Milei<\/a><\/blockquote><iframe loading=\"lazy\" class=\"wp-embedded-content\" sandbox=\"allow-scripts\" security=\"restricted\" style=\"position: absolute; visibility: hidden;\" title=\"\u00abMauricio Macri, el desesperado intento de colarse en el \u00abtri\u00e1ngulo de hierro\u00bb de Javier Milei\u00bb \u2014 \" src=\"https:\/\/www.enorsai.com\/noticias\/politica\/mauricio-macri-el-desesperado-intento-de-colarse-en-el-triangulo-de-hierro-de-javier-milei\/embed\/#?secret=5lDk1o7KWH#?secret=lzVhXCJxss\" data-secret=\"lzVhXCJxss\" width=\"600\" height=\"338\" frameborder=\"0\" marginwidth=\"0\" marginheight=\"0\" scrolling=\"no\"><\/iframe>\n<\/div><\/figure>\n\n\n\n<p><strong>Ezeiza: el epicentro de la tragedia<\/strong><\/p>\n\n\n\n<p>El Complejo Penitenciario Federal I de Ezeiza se erige como el escenario m\u00e1s mort\u00edfero del sistema carcelario argentino. Con 13 muertes en 2024, este establecimiento concentra el 32,5% del total de decesos. De estas, 6 fueron muertes traum\u00e1ticas, incluyendo 3 ahorcamientos y 3 casos de quemaduras por incendios. Estos hechos no son casuales; son el resultado de un sistema que hacinan a las personas en condiciones infrahumanas, sin acceso a atenci\u00f3n m\u00e9dica adecuada y en un ambiente de violencia constante.<\/p>\n\n\n\n<p>El informe tambi\u00e9n destaca que el 62,5% de las muertes ocurrieron en c\u00e1rceles del \u00c1rea Metropolitana de Buenos Aires, lo que evidencia una concentraci\u00f3n de la problem\u00e1tica en esta regi\u00f3n. Sin embargo, lejos de tomar medidas concretas, el gobierno de Milei parece m\u00e1s interesado en recortar presupuestos y desmantelar programas sociales que en abordar la crisis carcelaria.<\/p>\n\n\n\n<figure class=\"wp-block-embed is-type-wp-embed is-provider-incrustado wp-block-embed-incrustado\"><div class=\"wp-block-embed__wrapper\">\n<blockquote class=\"wp-embedded-content\" data-secret=\"YImYxjbJbo\"><a href=\"https:\/\/www.enorsai.com\/noticias\/politica\/milei-imputado-el-escandalo-cripto-que-amenaza-su-presidencia\/\">Milei imputado: el esc\u00e1ndalo cripto que amenaza su presidencia<\/a><\/blockquote><iframe loading=\"lazy\" class=\"wp-embedded-content\" sandbox=\"allow-scripts\" security=\"restricted\" style=\"position: absolute; visibility: hidden;\" title=\"\u00abMilei imputado: el esc\u00e1ndalo cripto que amenaza su presidencia\u00bb \u2014 \" src=\"https:\/\/www.enorsai.com\/noticias\/politica\/milei-imputado-el-escandalo-cripto-que-amenaza-su-presidencia\/embed\/#?secret=GLHLfhN0af#?secret=YImYxjbJbo\" data-secret=\"YImYxjbJbo\" width=\"600\" height=\"338\" frameborder=\"0\" marginwidth=\"0\" marginheight=\"0\" scrolling=\"no\"><\/iframe>\n<\/div><\/figure>\n\n\n\n<p><strong>La deshumanizaci\u00f3n como pol\u00edtica de Estado<\/strong><\/p>\n\n\n\n<p>Uno de los aspectos m\u00e1s alarmantes del informe es la edad media de las personas fallecidas: 52 a\u00f1os para las muertes no traum\u00e1ticas y 31 a\u00f1os para las traum\u00e1ticas. Estas cifras no solo hablan de la precariedad del sistema de salud dentro de las c\u00e1rceles, sino tambi\u00e9n de la juventud de quienes mueren en circunstancias violentas. \u00bfQu\u00e9 futuro les espera a los j\u00f3venes privados de libertad en un sistema que los abandona a su suerte?<\/p>\n\n\n\n<p>Adem\u00e1s, el 20% de las muertes correspondi\u00f3 a personas de nacionalidad extranjera, provenientes de pa\u00edses como Paraguay, Colombia, Cuba, Per\u00fa, Bolivia y Uruguay. Este dato no es menor; refleja la criminalizaci\u00f3n de la migraci\u00f3n y la falta de pol\u00edticas inclusivas para quienes llegan al pa\u00eds en busca de oportunidades. En lugar de brindarles protecci\u00f3n, el Estado los encierra y los deja morir.<\/p>\n\n\n\n<figure class=\"wp-block-embed is-type-wp-embed is-provider-incrustado wp-block-embed-incrustado\"><div class=\"wp-block-embed__wrapper\">\n<blockquote class=\"wp-embedded-content\" data-secret=\"qm8iZXTWDi\"><a href=\"https:\/\/www.enorsai.com\/noticias\/politica\/las-billeteras-de-la-estafa-libra-que-se-quedaron-con-usd-100-millones-llevaban-el-nombre-milei\/\">Las billeteras de la estafa $LIBRA que se quedaron con USD 100 millones llevaban el nombre Milei<\/a><\/blockquote><iframe loading=\"lazy\" class=\"wp-embedded-content\" sandbox=\"allow-scripts\" security=\"restricted\" style=\"position: absolute; visibility: hidden;\" title=\"\u00abLas billeteras de la estafa $LIBRA que se quedaron con USD 100 millones llevaban el nombre Milei\u00bb \u2014 \" src=\"https:\/\/www.enorsai.com\/noticias\/politica\/las-billeteras-de-la-estafa-libra-que-se-quedaron-con-usd-100-millones-llevaban-el-nombre-milei\/embed\/#?secret=SOFdUQadCl#?secret=qm8iZXTWDi\" data-secret=\"qm8iZXTWDi\" width=\"600\" height=\"338\" frameborder=\"0\" marginwidth=\"0\" marginheight=\"0\" scrolling=\"no\"><\/iframe>\n<\/div><\/figure>\n\n\n\n<p><strong>La violencia de g\u00e9nero tras las rejas y el silencio c\u00f3mplice del gobierno de Milei<\/strong><\/p>\n\n\n\n<p>El informe tambi\u00e9n arroja luz sobre un aspecto poco visibilizado: la violencia contra las mujeres en las c\u00e1rceles federales. De las 3 mujeres fallecidas en 2024, 2 murieron como consecuencia de eventos violentos (ahorcamiento y quemaduras). Este dato es particularmente preocupante, ya que en 2022 y 2023 no se hab\u00edan registrado fallecimientos de mujeres en contextos de encierro. \u00bfQu\u00e9 cambi\u00f3 en 2024? La respuesta parece estar en el desmantelamiento de programas de protecci\u00f3n y la falta de pol\u00edticas espec\u00edficas para las mujeres privadas de libertad.<\/p>\n\n\n\n<p>Frente a esta realidad, el gobierno de Javier Milei ha guardado un silencio ensordecedor. Mientras las c\u00e1rceles federales se convierten en campos de muerte, el Ejecutivo nacional parece m\u00e1s preocupado por ajustar el presupuesto y reducir el gasto p\u00fablico que por garantizar los derechos humanos b\u00e1sicos de las personas privadas de libertad. La desidia no es casual; es una pol\u00edtica deliberada que prioriza el castigo sobre la rehabilitaci\u00f3n y el abandono sobre la dignidad.<\/p>\n\n\n\n<p>El informe de la PROCUVIN no solo es un llamado de atenci\u00f3n; es una denuncia contundente contra un sistema que mata lentamente. Las 40 muertes registradas en 2024 no son solo n\u00fameros; son historias truncadas, familias destrozadas y un Estado que falla en su deber m\u00e1s b\u00e1sico: proteger la vida de sus ciudadanos.<\/p>\n\n\n\n<p><strong>Un sistema que mata<\/strong><\/p>\n\n\n\n<p>Las c\u00e1rceles federales argentinas son un reflejo de la desigualdad y la violencia estructural que atraviesa el pa\u00eds. El aumento de las muertes en contextos de encierro no es un problema aislado; es el resultado de d\u00e9cadas de abandono y pol\u00edticas punitivas que priorizan el castigo sobre la reinserci\u00f3n social. En lugar de abordar esta crisis, el gobierno de Milei ha optado por mirar hacia otro lado, perpetuando un sistema que no solo encarcela cuerpos, sino que tambi\u00e9n destruye vidas.<\/p>\n\n\n\n<p>El informe de la PROCUVIN es una luz roja que no puede ser ignorada. Las 40 muertes de 2024 son una mancha en la conciencia de un Estado que ha fallado en su deber m\u00e1s b\u00e1sico. Si no se toman medidas urgentes, las c\u00e1rceles federales seguir\u00e1n siendo sin\u00f3nimo de muerte y desesperanza. Y mientras tanto, el gobierno de Milei seguir\u00e1 siendo c\u00f3mplice de esta tragedia silenciosa.<\/p>\n\n\n\n<p>Fuente:<\/p>\n\n\n\n<ul class=\"wp-block-list\">\n<li><a href=\"https:\/\/www.fiscales.gob.ar\/violencia-institucional\/la-procuvin-relevo-que-en-2024-murieron-40-personas-privadas-de-la-libertad-en-carceles-federales\/\">https:\/\/www.fiscales.gob.ar\/violencia-institucional\/la-procuvin-relevo-que-en-2024-murieron-40-personas-privadas-de-la-libertad-en-carceles-federales\/<\/a><\/li>\n<\/ul>\n\n\n\n<p><\/p>\n\n\n","protected":false},"excerpt":{"rendered":"<p>En 2024, las c\u00e1rceles federales argentinas registraron 40 muertes, un 33% m\u00e1s que en 2023. El Complejo Penitenciario de Ezeiza lidera esta tragedia con 13 decesos. El gobierno de Milei, indiferente, prioriza el ajuste sobre los derechos humanos, perpetuando un sistema que mata en silencio.<\/p>\n","protected":false},"author":12,"featured_media":1880,"comment_status":"open","ping_status":"open","sticky":false,"template":"","format":"standard","meta":{"_monsterinsights_skip_tracking":false,"_monsterinsights_sitenote_active":false,"_monsterinsights_sitenote_note":"","_monsterinsights_sitenote_category":0,"footnotes":"","jetpack_publicize_message":"\ud83d\udd34 40 muertes en c\u00e1rceles federales en 2024: un 33% m\u00e1s que el a\u00f1o pasado. \ud83c\udfda\ufe0f Ezeiza, el epicentro de la tragedia, con 13 decesos. \ud83d\udc80 El gobierno de Milei, en silencio, prioriza el ajuste sobre los derechos humanos. ","jetpack_publicize_feature_enabled":true,"jetpack_social_post_already_shared":false,"jetpack_social_options":{"image_generator_settings":{"template":"highway","enabled":false},"version":2}},"categories":[4],"tags":[712,262,302,713,45,710,714,711],"class_list":["post-1879","post","type-post","status-publish","format-standard","has-post-thumbnail","hentry","category-sociedad","tag-abandono","tag-bullrich","tag-carceles","tag-ezeiza","tag-milei","tag-muertes","tag-servicio-penitenciario","tag-violencia"],"jetpack_publicize_connections":[],"_links":{"self":[{"href":"https:\/\/www.enorsai.com\/noticias\/wp-json\/wp\/v2\/posts\/1879","targetHints":{"allow":["GET"]}}],"collection":[{"href":"https:\/\/www.enorsai.com\/noticias\/wp-json\/wp\/v2\/posts"}],"about":[{"href":"https:\/\/www.enorsai.com\/noticias\/wp-json\/wp\/v2\/types\/post"}],"author":[{"embeddable":true,"href":"https:\/\/www.enorsai.com\/noticias\/wp-json\/wp\/v2\/users\/12"}],"replies":[{"embeddable":true,"href":"https:\/\/www.enorsai.com\/noticias\/wp-json\/wp\/v2\/comments?post=1879"}],"version-history":[{"count":3,"href":"https:\/\/www.enorsai.com\/noticias\/wp-json\/wp\/v2\/posts\/1879\/revisions"}],"predecessor-version":[{"id":1883,"href":"https:\/\/www.enorsai.com\/noticias\/wp-json\/wp\/v2\/posts\/1879\/revisions\/1883"}],"wp:featuredmedia":[{"embeddable":true,"href":"https:\/\/www.enorsai.com\/noticias\/wp-json\/wp\/v2\/media\/1880"}],"wp:attachment":[{"href":"https:\/\/www.enorsai.com\/noticias\/wp-json\/wp\/v2\/media?parent=1879"}],"wp:term":[{"taxonomy":"category","embeddable":true,"href":"https:\/\/www.enorsai.com\/noticias\/wp-json\/wp\/v2\/categories?post=1879"},{"taxonomy":"post_tag","embeddable":true,"href":"https:\/\/www.enorsai.com\/noticias\/wp-json\/wp\/v2\/tags?post=1879"}],"curies":[{"name":"wp","href":"https:\/\/api.w.org\/{rel}","templated":true}]}}