{"id":1868,"date":"2025-02-22T21:56:16","date_gmt":"2025-02-23T00:56:16","guid":{"rendered":"https:\/\/www.enorsai.com\/noticias\/?p=1868"},"modified":"2025-02-22T21:56:16","modified_gmt":"2025-02-23T00:56:16","slug":"mauricio-macri-el-desesperado-intento-de-colarse-en-el-triangulo-de-hierro-de-javier-milei","status":"publish","type":"post","link":"https:\/\/www.enorsai.com\/noticias\/politica\/mauricio-macri-el-desesperado-intento-de-colarse-en-el-triangulo-de-hierro-de-javier-milei\/","title":{"rendered":"Mauricio Macri, el desesperado intento de colarse en el \u00abtri\u00e1ngulo de hierro\u00bb de Javier Milei"},"content":{"rendered":"\n<p>La pelea por la hegemon\u00eda en la derecha argentina sigue sumando cap\u00edtulos, y esta vez, el protagonista es el ex presidente Mauricio Macri, quien busca a toda costa un lugar en el entramado de poder de Javier Milei. Sin embargo, desde el ri\u00f1\u00f3n del gobierno libertario son tajantes: ni Karina Milei ni Santiago Caputo est\u00e1n interesados en una alianza con el PRO.<\/p>\n\n\n\n<p>El ex mandatario manifest\u00f3 su frustraci\u00f3n en un acto en Arrecifes, donde revel\u00f3 con una curiosa operaci\u00f3n matem\u00e1tica su nula incidencia en el esquema de poder mile\u00edsta. \u00abMilei dice que quiere una alianza en 10 puntos, pero el tri\u00e1ngulo de hierro le da cero. Diez m\u00e1s cero m\u00e1s cero es diez, dividido tres, nos da 3,33\u00bb, calcul\u00f3. La ecuaci\u00f3n, lejos de ser una muestra de brillantez pol\u00edtica, expone la marginalidad a la que ha sido relegado Macri dentro del oficialismo.<\/p>\n\n\n\n<p>Desde que Milei lleg\u00f3 a la Casa Rosada, Macri intent\u00f3 posicionarse como una especie de \u00abmentor\u00bb de la administraci\u00f3n libertaria, pero su presi\u00f3n por lograr espacios de poder no encontr\u00f3 eco. Por el contrario, Karina Milei y Santiago Caputo han dejado en claro que la Libertad Avanza no necesita acuerdos con el PRO, sino que los dirigentes que quieran sumarse deben hacerlo bajo sus reglas. \u00abNo vamos a ver un sello de &#8216;Juntos por la Libertad&#8217;. No va a pasar, no va a existir\u00bb, afirm\u00f3 Ayerdi en C5N, reflejando la postura del oficialismo. <\/p>\n\n\n\n<figure class=\"wp-block-embed is-type-wp-embed is-provider-incrustado wp-block-embed-incrustado\"><div class=\"wp-block-embed__wrapper\">\n<blockquote class=\"wp-embedded-content\" data-secret=\"wHcGpaIhmq\"><a href=\"https:\/\/www.enorsai.com\/noticias\/politica\/el-poder-en-las-sombras-santiago-caputo-el-hombre-que-susurra-al-oido-de-milei\/\">El poder en las sombras: Santiago Caputo, el hombre que susurra al o\u00eddo de Milei<\/a><\/blockquote><iframe loading=\"lazy\" class=\"wp-embedded-content\" sandbox=\"allow-scripts\" security=\"restricted\" style=\"position: absolute; visibility: hidden;\" title=\"\u00abEl poder en las sombras: Santiago Caputo, el hombre que susurra al o\u00eddo de Milei\u00bb \u2014 \" src=\"https:\/\/www.enorsai.com\/noticias\/politica\/el-poder-en-las-sombras-santiago-caputo-el-hombre-que-susurra-al-oido-de-milei\/embed\/#?secret=X5T4WzQSgg#?secret=wHcGpaIhmq\" data-secret=\"wHcGpaIhmq\" width=\"600\" height=\"338\" frameborder=\"0\" marginwidth=\"0\" marginheight=\"0\" scrolling=\"no\"><\/iframe>\n<\/div><\/figure>\n\n\n\n<p>El desconcierto macrista es comprensible. Desde el balotaje, el PRO ofreci\u00f3 su aparato electoral, fiscaliz\u00f3 los comicios y garantiz\u00f3 la gobernabilidad en el Congreso, frenando cualquier intento de investigaci\u00f3n al gobierno libertario. Sin embargo, Milei no s\u00f3lo no retribuy\u00f3 esos gestos, sino que mantuvo a Macri y a su espacio en la periferia del poder.<\/p>\n\n\n\n<p><strong><a href=\"https:\/\/www.enorsai.com.ar\/opinion\/42349-una-alianza-con-profundas-contradicciones-ideologicas-solo-para-beneficiar-a-la-elite-economica.html\">MILEI-MACRI Una alianza con profundas contradicciones ideol\u00f3gicas s\u00f3lo para beneficiar a la \u00e9lite econ\u00f3mica<\/a><\/strong><\/p>\n\n\n\n<p>La situaci\u00f3n se volvi\u00f3 a tensar tras el esc\u00e1ndalo de la criptomoneda \u00abLibra\u00bb, cuando el oficialismo sali\u00f3 a pegarle a su propio asesor estrella, Santiago Caputo. Macri vio en ese tembladeral una oportunidad para ofrecerse como \u00absalvador\u00bb de un Milei supuestamente mal rodeado. \u00abVivimos con un presidente descuidado y mal rodeado\u00bb, dispar\u00f3, buscando debilitar el poder de los capitanes de la \u00ablibertad avanza\u00bb.<\/p>\n\n\n\n<p>Pero la jugada no le est\u00e1 saliendo bien. Mientras Macri insiste en que el \u00abtri\u00e1ngulo de hierro\u00bb fracas\u00f3, Milei sigue confiando en su hermana Karina y en Caputo, quienes a esta altura se convirtieron en los arquitectos de su poder. Incluso en plena crisis, Caputo no perdi\u00f3 influencia: hoy est\u00e1 en Estados Unidos, cerrando acuerdos con Karina Milei y manteniendo el control de la estrategia oficialista.<\/p>\n\n\n\n<p>En este contexto, Macri vuelve a apelar a la confrontaci\u00f3n p\u00fablica para forzar su inclusi\u00f3n en el esquema libertario. Prometi\u00f3 \u00abcontestarle\u00bb a Caputo por la licitaci\u00f3n fallida de la hidrov\u00eda, a la que calific\u00f3 como \u00abuna comisi\u00f3n oscura con un pliego oscuro\u00bb. Sus cr\u00edticas, sin embargo, parecen m\u00e1s un berrinche de quien no encuentra su lugar en el nuevo oficialismo que una verdadera oposici\u00f3n.<\/p>\n\n\n\n<figure class=\"wp-block-embed is-type-wp-embed is-provider-incrustado wp-block-embed-incrustado\"><div class=\"wp-block-embed__wrapper\">\n<blockquote class=\"wp-embedded-content\" data-secret=\"JoiwfYZMDN\"><a href=\"https:\/\/www.enorsai.com\/noticias\/politica\/karina-milei-y-la-denuncia-de-coimas-que-sacude-al-gobierno-me-pidio-2000-dolares-para-reunirme-con-el-presidente\/\">Karina Milei y la denuncia de coimas que sacude al gobierno: \u00abMe pidi\u00f3 2000 d\u00f3lares para reunirme con el presidente\u00bb<\/a><\/blockquote><iframe loading=\"lazy\" class=\"wp-embedded-content\" sandbox=\"allow-scripts\" security=\"restricted\" style=\"position: absolute; visibility: hidden;\" title=\"\u00abKarina Milei y la denuncia de coimas que sacude al gobierno: \u00abMe pidi\u00f3 2000 d\u00f3lares para reunirme con el presidente\u00bb\u00bb \u2014 \" src=\"https:\/\/www.enorsai.com\/noticias\/politica\/karina-milei-y-la-denuncia-de-coimas-que-sacude-al-gobierno-me-pidio-2000-dolares-para-reunirme-con-el-presidente\/embed\/#?secret=vt3Za9kc2r#?secret=JoiwfYZMDN\" data-secret=\"JoiwfYZMDN\" width=\"600\" height=\"338\" frameborder=\"0\" marginwidth=\"0\" marginheight=\"0\" scrolling=\"no\"><\/iframe>\n<\/div><\/figure>\n\n\n\n<p>Lo cierto es que la relaci\u00f3n entre Macri y Milei est\u00e1 lejos de ser una sociedad consolidada. Aunque el presidente libertario siente cierta empat\u00eda personal con el ex mandatario, en la pr\u00e1ctica lo mantiene a raya. Y el \u00abtri\u00e1ngulo de hierro\u00bb, lejos de tambalear, sigue marcando el rumbo del gobierno.<\/p>\n\n\n\n<p>La pregunta es hasta cu\u00e1ndo Macri seguir\u00e1 insistiendo en ser parte de un proyecto que lo considera prescindible. Porque si hay algo claro en la Argentina de Milei, es que las alianzas no se negocian: se imponen.<\/p>\n\n\n\n<figure class=\"wp-block-embed is-type-wp-embed is-provider-incrustado wp-block-embed-incrustado\"><div class=\"wp-block-embed__wrapper\">\n<blockquote class=\"wp-embedded-content\" data-secret=\"Q5meKzDGsg\"><a href=\"https:\/\/www.enorsai.com\/noticias\/politica\/eduardo-barcesat-milei-encuadro-las-dos-acciones-que-habilitan-el-juicio-politico\/\">Eduardo Barcesat: \u00abMilei encuadr\u00f3 las dos acciones que habilitan el juicio pol\u00edtico\u00bb<\/a><\/blockquote><iframe loading=\"lazy\" class=\"wp-embedded-content\" sandbox=\"allow-scripts\" security=\"restricted\" style=\"position: absolute; visibility: hidden;\" title=\"\u00abEduardo Barcesat: \u00abMilei encuadr\u00f3 las dos acciones que habilitan el juicio pol\u00edtico\u00bb\u00bb \u2014 \" src=\"https:\/\/www.enorsai.com\/noticias\/politica\/eduardo-barcesat-milei-encuadro-las-dos-acciones-que-habilitan-el-juicio-politico\/embed\/#?secret=CHEP4fZaCr#?secret=Q5meKzDGsg\" data-secret=\"Q5meKzDGsg\" width=\"600\" height=\"338\" frameborder=\"0\" marginwidth=\"0\" marginheight=\"0\" scrolling=\"no\"><\/iframe>\n<\/div><\/figure>\n","protected":false},"excerpt":{"rendered":"<p>La pelea por la hegemon\u00eda en la derecha argentina sigue sumando cap\u00edtulos, y esta vez, el protagonista es el ex presidente Mauricio Macri, quien busca a toda costa un lugar en el entramado de poder de Javier Milei. Sin embargo, desde el ri\u00f1\u00f3n del gobierno libertario son tajantes: ni Karina Milei ni Santiago Caputo est\u00e1n&#8230;<\/p>\n","protected":false},"author":4,"featured_media":1869,"comment_status":"open","ping_status":"open","sticky":false,"template":"","format":"standard","meta":{"_monsterinsights_skip_tracking":false,"_monsterinsights_sitenote_active":false,"_monsterinsights_sitenote_note":"","_monsterinsights_sitenote_category":0,"footnotes":"","jetpack_publicize_message":"","jetpack_publicize_feature_enabled":true,"jetpack_social_post_already_shared":true,"jetpack_social_options":{"image_generator_settings":{"template":"highway","default_image_id":0,"font":"","enabled":false},"version":2}},"categories":[2],"tags":[93,106,516,45,72,616],"class_list":["post-1868","post","type-post","status-publish","format-standard","has-post-thumbnail","hentry","category-politica","tag-argentina","tag-javier-milei","tag-mauricio-macri","tag-milei","tag-politica","tag-pro"],"jetpack_publicize_connections":[],"_links":{"self":[{"href":"https:\/\/www.enorsai.com\/noticias\/wp-json\/wp\/v2\/posts\/1868","targetHints":{"allow":["GET"]}}],"collection":[{"href":"https:\/\/www.enorsai.com\/noticias\/wp-json\/wp\/v2\/posts"}],"about":[{"href":"https:\/\/www.enorsai.com\/noticias\/wp-json\/wp\/v2\/types\/post"}],"author":[{"embeddable":true,"href":"https:\/\/www.enorsai.com\/noticias\/wp-json\/wp\/v2\/users\/4"}],"replies":[{"embeddable":true,"href":"https:\/\/www.enorsai.com\/noticias\/wp-json\/wp\/v2\/comments?post=1868"}],"version-history":[{"count":1,"href":"https:\/\/www.enorsai.com\/noticias\/wp-json\/wp\/v2\/posts\/1868\/revisions"}],"predecessor-version":[{"id":1870,"href":"https:\/\/www.enorsai.com\/noticias\/wp-json\/wp\/v2\/posts\/1868\/revisions\/1870"}],"wp:featuredmedia":[{"embeddable":true,"href":"https:\/\/www.enorsai.com\/noticias\/wp-json\/wp\/v2\/media\/1869"}],"wp:attachment":[{"href":"https:\/\/www.enorsai.com\/noticias\/wp-json\/wp\/v2\/media?parent=1868"}],"wp:term":[{"taxonomy":"category","embeddable":true,"href":"https:\/\/www.enorsai.com\/noticias\/wp-json\/wp\/v2\/categories?post=1868"},{"taxonomy":"post_tag","embeddable":true,"href":"https:\/\/www.enorsai.com\/noticias\/wp-json\/wp\/v2\/tags?post=1868"}],"curies":[{"name":"wp","href":"https:\/\/api.w.org\/{rel}","templated":true}]}}