{"id":1864,"date":"2025-02-22T21:34:42","date_gmt":"2025-02-23T00:34:42","guid":{"rendered":"https:\/\/www.enorsai.com\/noticias\/?p=1864"},"modified":"2025-02-22T21:34:42","modified_gmt":"2025-02-23T00:34:42","slug":"milei-imputado-el-escandalo-cripto-que-amenaza-su-presidencia","status":"publish","type":"post","link":"https:\/\/www.enorsai.com\/noticias\/politica\/milei-imputado-el-escandalo-cripto-que-amenaza-su-presidencia\/","title":{"rendered":"Milei imputado: el esc\u00e1ndalo cripto que amenaza su presidencia"},"content":{"rendered":"\n<p><br><strong>El caso Libra Coin compromete directamente a Javier Milei, ya formalmente imputado, y pone en la mira el accionar de su c\u00edrculo cercano. Mientras la justicia investiga el tuit que deton\u00f3 la estafa, surgen dudas sobre la inacci\u00f3n presidencial y su v\u00ednculo con los responsables del fraude<\/strong><\/p>\n\n\n\n<p>La crisis pol\u00edtica que se cierne sobre el gobierno de Javier Milei tiene nombre y apellido: Libra Coin. La investigaci\u00f3n judicial ya imput\u00f3 formalmente al presidente de la Naci\u00f3n, luego de que su promocionado tuit sobre la criptomoneda generara una estampida de inversores y, posteriormente, una avalancha de denuncias por estafa. Lo que inicialmente parec\u00eda una an\u00e9cdota econ\u00f3mica menor, hoy amenaza con convertirse en un esc\u00e1ndalo internacional que involucra tambi\u00e9n a los Estados Unidos, donde las autoridades analizan posibles acciones legales.<\/p>\n\n\n\n<p>El fiscal que lleva la causa avanz\u00f3 con pedidos de informes al Banco Central, la Comisi\u00f3n Nacional de Valores (CNV) y la Inspecci\u00f3n General de Justicia (IGJ), buscando rastrear los movimientos financieros de la operaci\u00f3n. Uno de los primeros hallazgos clave es que la empresa detr\u00e1s de Libra Coin no estaba registrada ante la CNV, lo que profundiza las sospechas sobre la legalidad de la iniciativa.<\/p>\n\n\n\n<h3 class=\"wp-block-heading\"><strong>El tuit maldito y la negaci\u00f3n presidencial<\/strong><\/h3>\n\n\n\n<p>El 8 de febrero, Javier Milei public\u00f3 en su cuenta de X (ex Twitter) un mensaje en el que promocionaba a Libra Coin como una herramienta de inversi\u00f3n para fomentar el desarrollo de PYMES en Argentina. El problema es que la criptomoneda era hasta ese momento completamente desconocida y, seg\u00fan se investiga, habr\u00eda sido inoperable hasta que el presidente le dio su aval p\u00fablico.<\/p>\n\n\n\n<figure class=\"wp-block-embed is-type-wp-embed is-provider-incrustado wp-block-embed-incrustado\"><div class=\"wp-block-embed__wrapper\">\n<blockquote class=\"wp-embedded-content\" data-secret=\"benT5JLyZ4\"><a href=\"https:\/\/www.enorsai.com\/noticias\/politica\/bomba-el-gobierno-de-milei-le-ofrecio-proteccion-y-una-defensa-unificada-a-hayden-davis\/\">BOMBA: el gobierno de Milei le ofreci\u00f3 protecci\u00f3n y una defensa unificada a Hayden Davis<\/a><\/blockquote><iframe loading=\"lazy\" class=\"wp-embedded-content\" sandbox=\"allow-scripts\" security=\"restricted\" style=\"position: absolute; visibility: hidden;\" title=\"\u00abBOMBA: el gobierno de Milei le ofreci\u00f3 protecci\u00f3n y una defensa unificada a Hayden Davis\u00bb \u2014 \" src=\"https:\/\/www.enorsai.com\/noticias\/politica\/bomba-el-gobierno-de-milei-le-ofrecio-proteccion-y-una-defensa-unificada-a-hayden-davis\/embed\/#?secret=nlacKDigw3#?secret=benT5JLyZ4\" data-secret=\"benT5JLyZ4\" width=\"600\" height=\"338\" frameborder=\"0\" marginwidth=\"0\" marginheight=\"0\" scrolling=\"no\"><\/iframe>\n<\/div><\/figure>\n\n\n\n<p>La defensa de Milei intent\u00f3 desligarlo de cualquier responsabilidad, argumentando que fue enga\u00f1ado. Sin embargo, las pruebas que circulan en la causa, como reuniones previas con el empresario estadounidense Haydn Davis, im\u00e1genes compartidas y declaraciones p\u00fablicas del propio mandatario, complican su posici\u00f3n. Es dif\u00edcil sostener que fue un \u00aberror involuntario\u00bb cuando hay registros que muestran su v\u00ednculo con los creadores del proyecto.<\/p>\n\n\n\n<h3 class=\"wp-block-heading\"><strong>Karina Milei y la sombra del poder<\/strong><\/h3>\n\n\n\n<p>Hasta el momento, la investigaci\u00f3n no alcanz\u00f3 formalmente a la hermana del presidente, Karina Milei, secretaria general de la Presidencia. Pero seg\u00fan fuentes judiciales, la posibilidad de que su nombre figure en la causa no est\u00e1 descartada.<\/p>\n\n\n\n<p>Se la se\u00f1ala como la persona que permiti\u00f3 el acceso de empresarios vinculados a la criptomoneda al despacho presidencial. Si se confirma que particip\u00f3 en la articulaci\u00f3n del encuentro con Haydn Davis y otros actores clave de la trama, la imputaci\u00f3n podr\u00eda extenderse tambi\u00e9n a ella.<\/p>\n\n\n\n<figure class=\"wp-block-embed is-type-wp-embed is-provider-incrustado wp-block-embed-incrustado\"><div class=\"wp-block-embed__wrapper\">\n<blockquote class=\"wp-embedded-content\" data-secret=\"LIip4itouG\"><a href=\"https:\/\/www.enorsai.com\/noticias\/politica\/las-billeteras-de-la-estafa-libra-que-se-quedaron-con-usd-100-millones-llevaban-el-nombre-milei\/\">Las billeteras de la estafa $LIBRA que se quedaron con USD 100 millones llevaban el nombre Milei<\/a><\/blockquote><iframe loading=\"lazy\" class=\"wp-embedded-content\" sandbox=\"allow-scripts\" security=\"restricted\" style=\"position: absolute; visibility: hidden;\" title=\"\u00abLas billeteras de la estafa $LIBRA que se quedaron con USD 100 millones llevaban el nombre Milei\u00bb \u2014 \" src=\"https:\/\/www.enorsai.com\/noticias\/politica\/las-billeteras-de-la-estafa-libra-que-se-quedaron-con-usd-100-millones-llevaban-el-nombre-milei\/embed\/#?secret=vgSOSjK5dm#?secret=LIip4itouG\" data-secret=\"LIip4itouG\" width=\"600\" height=\"338\" frameborder=\"0\" marginwidth=\"0\" marginheight=\"0\" scrolling=\"no\"><\/iframe>\n<\/div><\/figure>\n\n\n\n<p>La estrategia de Milei, seg\u00fan su entorno, ser\u00eda presentar a Mauricio Novelli, empresario cercano al oficialismo, como el \u00abresponsable\u00bb de los contactos con Davis y el filtro que fall\u00f3. Sin embargo, seg\u00fan los datos recabados, ese filtro no buscaba evitar el acceso sino garantizarlo, alejando la responsabilidad del presidente.<\/p>\n\n\n\n<h3 class=\"wp-block-heading\"><strong>Estados Unidos tambi\u00e9n pone la lupa en Milei<\/strong><\/h3>\n\n\n\n<p>El esc\u00e1ndalo ya cruz\u00f3 las fronteras argentinas y encendi\u00f3 alarmas en Estados Unidos. Tres investigaciones est\u00e1n en marcha:<\/p>\n\n\n\n<ul class=\"wp-block-list\">\n<li>Una demanda civil colectiva, con m\u00e1s de 200 damnificados.<\/li>\n\n\n\n<li>Una investigaci\u00f3n criminal liderada por el FBI.<\/li>\n\n\n\n<li>Una pesquisa administrativa de la SEC (Securities and Exchange Commission), que podr\u00eda derivar en fuertes sanciones.<\/li>\n<\/ul>\n\n\n\n<p>La SEC ya sancion\u00f3 en el pasado a figuras como Kim Kardashian por promocionar criptomonedas sin aclarar su naturaleza. La situaci\u00f3n de Milei podr\u00eda ser incluso m\u00e1s grave, dado que su promoci\u00f3n se present\u00f3 como una \u00abpol\u00edtica de Estado\u00bb.<\/p>\n\n\n\n<h3 class=\"wp-block-heading\"><strong>El silencio que lo complica<\/strong><\/h3>\n\n\n\n<p>Uno de los aspectos m\u00e1s llamativos de la situaci\u00f3n es que, hasta el momento, el presidente no design\u00f3 abogados defensores en la causa. Su estrategia parece ser la de evitar darle relevancia al esc\u00e1ndalo, pero el tiempo juega en su contra. A medida que avanzan las investigaciones, las evidencias en su contra se acumulan.<\/p>\n\n\n\n<p>Milei no est\u00e1 imputado por ser economista ni por su opini\u00f3n sobre criptomonedas. Lo est\u00e1 por actos cometidos en su funci\u00f3n como presidente de la Naci\u00f3n. El impacto de este esc\u00e1ndalo podr\u00eda alcanzar niveles in\u00e9ditos si la justicia avanza en comprobar que no fue un simple error, sino un mecanismo fraudulento con su aval.<\/p>\n\n\n\n<p>La gran pregunta es cu\u00e1n cerca est\u00e1 la investigaci\u00f3n de demostrar que la estafa de Libra Coin no fue solo un tuit desafortunado, sino un eslab\u00f3n m\u00e1s en la estructura de poder que rodea a Javier Milei. Y si su presidencia podr\u00e1 sobrevivir al esc\u00e1ndalo.<\/p>\n\n\n\n<figure class=\"wp-block-embed is-type-wp-embed is-provider-incrustado wp-block-embed-incrustado\"><div class=\"wp-block-embed__wrapper\">\n<blockquote class=\"wp-embedded-content\" data-secret=\"Rtsrpirh8V\"><a href=\"https:\/\/www.enorsai.com\/noticias\/politica\/eduardo-barcesat-milei-encuadro-las-dos-acciones-que-habilitan-el-juicio-politico\/\">Eduardo Barcesat: \u00abMilei encuadr\u00f3 las dos acciones que habilitan el juicio pol\u00edtico\u00bb<\/a><\/blockquote><iframe loading=\"lazy\" class=\"wp-embedded-content\" sandbox=\"allow-scripts\" security=\"restricted\" style=\"position: absolute; visibility: hidden;\" title=\"\u00abEduardo Barcesat: \u00abMilei encuadr\u00f3 las dos acciones que habilitan el juicio pol\u00edtico\u00bb\u00bb \u2014 \" src=\"https:\/\/www.enorsai.com\/noticias\/politica\/eduardo-barcesat-milei-encuadro-las-dos-acciones-que-habilitan-el-juicio-politico\/embed\/#?secret=DlVtLIrjZ7#?secret=Rtsrpirh8V\" data-secret=\"Rtsrpirh8V\" width=\"600\" height=\"338\" frameborder=\"0\" marginwidth=\"0\" marginheight=\"0\" scrolling=\"no\"><\/iframe>\n<\/div><\/figure>\n","protected":false},"excerpt":{"rendered":"<p>La investigaci\u00f3n judicial avanza sobre la promoci\u00f3n de la criptomoneda que el presidente divulg\u00f3 y que dej\u00f3 miles de estafados. La conexi\u00f3n con Haydn Davis, la posible implicaci\u00f3n de Karina Milei y las sospechas que lo acechan en Argentina y EE.UU.<\/p>\n","protected":false},"author":4,"featured_media":1865,"comment_status":"open","ping_status":"open","sticky":false,"template":"","format":"standard","meta":{"_monsterinsights_skip_tracking":false,"_monsterinsights_sitenote_active":false,"_monsterinsights_sitenote_note":"","_monsterinsights_sitenote_category":0,"footnotes":"","jetpack_publicize_message":"","jetpack_publicize_feature_enabled":true,"jetpack_social_post_already_shared":true,"jetpack_social_options":{"image_generator_settings":{"template":"highway","default_image_id":0,"font":"","enabled":false},"version":2}},"categories":[2,4],"tags":[93,698,75,43,558,232,699,106,70,45,697],"class_list":["post-1864","post","type-post","status-publish","format-standard","has-post-thumbnail","hentry","category-politica","category-sociedad","tag-argentina","tag-argentina-y-ee-uu","tag-corrupcion","tag-crisis","tag-escandalo-cripto-argentina","tag-estafa","tag-investigacion-judicial","tag-javier-milei","tag-justicia","tag-milei","tag-milei-imputado"],"jetpack_publicize_connections":[],"_links":{"self":[{"href":"https:\/\/www.enorsai.com\/noticias\/wp-json\/wp\/v2\/posts\/1864","targetHints":{"allow":["GET"]}}],"collection":[{"href":"https:\/\/www.enorsai.com\/noticias\/wp-json\/wp\/v2\/posts"}],"about":[{"href":"https:\/\/www.enorsai.com\/noticias\/wp-json\/wp\/v2\/types\/post"}],"author":[{"embeddable":true,"href":"https:\/\/www.enorsai.com\/noticias\/wp-json\/wp\/v2\/users\/4"}],"replies":[{"embeddable":true,"href":"https:\/\/www.enorsai.com\/noticias\/wp-json\/wp\/v2\/comments?post=1864"}],"version-history":[{"count":1,"href":"https:\/\/www.enorsai.com\/noticias\/wp-json\/wp\/v2\/posts\/1864\/revisions"}],"predecessor-version":[{"id":1866,"href":"https:\/\/www.enorsai.com\/noticias\/wp-json\/wp\/v2\/posts\/1864\/revisions\/1866"}],"wp:featuredmedia":[{"embeddable":true,"href":"https:\/\/www.enorsai.com\/noticias\/wp-json\/wp\/v2\/media\/1865"}],"wp:attachment":[{"href":"https:\/\/www.enorsai.com\/noticias\/wp-json\/wp\/v2\/media?parent=1864"}],"wp:term":[{"taxonomy":"category","embeddable":true,"href":"https:\/\/www.enorsai.com\/noticias\/wp-json\/wp\/v2\/categories?post=1864"},{"taxonomy":"post_tag","embeddable":true,"href":"https:\/\/www.enorsai.com\/noticias\/wp-json\/wp\/v2\/tags?post=1864"}],"curies":[{"name":"wp","href":"https:\/\/api.w.org\/{rel}","templated":true}]}}