{"id":1823,"date":"2025-02-21T18:24:08","date_gmt":"2025-02-21T21:24:08","guid":{"rendered":"https:\/\/www.enorsai.com\/noticias\/?p=1823"},"modified":"2025-02-21T18:24:08","modified_gmt":"2025-02-21T21:24:08","slug":"marcha-nacional-de-salud-el-proximo-jueves-27-de-febrero","status":"publish","type":"post","link":"https:\/\/www.enorsai.com\/noticias\/sociedad\/marcha-nacional-de-salud-el-proximo-jueves-27-de-febrero\/","title":{"rendered":"Marcha nacional de salud el pr\u00f3ximo jueves 27 de febrero"},"content":{"rendered":"\n<p>La Asociaci\u00f3n de Profesionales y T\u00e9cnicos del Hospital Garrahan (APyT) confirm\u00f3 hoy, durante una asamblea realizada en dicho centro m\u00e9dico, su participaci\u00f3n y apoyo a la marcha nacional convocada para el pr\u00f3ximo jueves 27 de febrero en defensa de la salud p\u00fablica, que partir\u00e1 a las 16:00 horas desde el Ministerio de Salud de la Naci\u00f3n hacia la Plaza de Mayo.<\/p>\n\n\n\n<p>En un comunicado, la APyT detall\u00f3 que los trabajadores y trabajadoras del Hospital Garrahan ratificaron en asamblea su adhesi\u00f3n a la movilizaci\u00f3n nacional, que contar\u00e1 con la participaci\u00f3n de m\u00e1s de 100 organizaciones del \u00e1mbito de la salud.<\/p>\n\n\n\n<p>La concentraci\u00f3n est\u00e1 prevista para las 15:00 horas en la puerta del Ministerio de Salud de la Naci\u00f3n (Avda. 9 de Julio N\u00b0 1925), donde se llevar\u00e1 a cabo una Radio Abierta. Posteriormente, a las 16:00 horas, se iniciar\u00e1 la marcha hacia la Plaza de Mayo.<\/p>\n\n\n\n<p>Adem\u00e1s, la APyT inst\u00f3 a la Asociaci\u00f3n de Trabajadores del Estado (ATE) nacional y a las entidades sindicales centrales, la CGT y la CTA, a convocar un paro en apoyo a la movilizaci\u00f3n del #27F.<\/p>\n\n\n\n<p>En cuanto a las medidas internas en el Hospital Garrahan, reclaman un salario igual a la canasta de 1.600.000 pesos y rechazan el vaciamiento del hospital. La asamblea resolvi\u00f3 \u00abexigir el pase al tramo profesional para los sectores de Enfermer\u00eda, Bioim\u00e1genes e Instrumentaci\u00f3n Quir\u00fargica; mantener el reclamo de pase a planta permanente para los trabajadores contratados; ratificar el r\u00e9gimen de insalubridad; exigir que Residentes y Becarios cobren el \u00edtem de Alta Complejidad; impulsar la participaci\u00f3n en la movilizaci\u00f3n del #8M (8 de marzo), en el marco del D\u00eda Internacional de la Mujer Trabajadora\u00bb.<\/p>\n\n\n\n<p>La APyT, una asociaci\u00f3n civil y gremial que representa a los profesionales y t\u00e9cnicos del Hospital Garrahan, reiter\u00f3 su compromiso con la defensa de la salud p\u00fablica y los derechos laborales de los trabajadores del sector.<\/p>\n","protected":false},"excerpt":{"rendered":"<p>La Asociaci\u00f3n de Profesionales y T\u00e9cnicos del Hospital Garrahan (APyT) confirm\u00f3 hoy, durante una asamblea realizada en dicho centro m\u00e9dico, su participaci\u00f3n y apoyo a la marcha nacional convocada para el pr\u00f3ximo jueves 27 de febrero en defensa de la salud p\u00fablica, que partir\u00e1 a las 16:00 horas desde el Ministerio de Salud de la&#8230;<\/p>\n","protected":false},"author":4,"featured_media":1833,"comment_status":"open","ping_status":"open","sticky":false,"template":"","format":"standard","meta":{"_monsterinsights_skip_tracking":false,"_monsterinsights_sitenote_active":false,"_monsterinsights_sitenote_note":"","_monsterinsights_sitenote_category":0,"footnotes":"","jetpack_publicize_message":"","jetpack_publicize_feature_enabled":true,"jetpack_social_post_already_shared":true,"jetpack_social_options":{"image_generator_settings":{"template":"highway","default_image_id":0,"font":"","enabled":false},"version":2}},"categories":[4],"tags":[58,690,693,689,692,691,249],"class_list":["post-1823","post","type-post","status-publish","format-standard","has-post-thumbnail","hentry","category-sociedad","tag-ajuste","tag-asociacion-de-profesionales-y-tecnicos-del-hospital-garrahan-apyt","tag-enfermera","tag-marcha-nacional-de-salud","tag-medicos","tag-motosierra","tag-salud"],"jetpack_publicize_connections":[],"_links":{"self":[{"href":"https:\/\/www.enorsai.com\/noticias\/wp-json\/wp\/v2\/posts\/1823","targetHints":{"allow":["GET"]}}],"collection":[{"href":"https:\/\/www.enorsai.com\/noticias\/wp-json\/wp\/v2\/posts"}],"about":[{"href":"https:\/\/www.enorsai.com\/noticias\/wp-json\/wp\/v2\/types\/post"}],"author":[{"embeddable":true,"href":"https:\/\/www.enorsai.com\/noticias\/wp-json\/wp\/v2\/users\/4"}],"replies":[{"embeddable":true,"href":"https:\/\/www.enorsai.com\/noticias\/wp-json\/wp\/v2\/comments?post=1823"}],"version-history":[{"count":1,"href":"https:\/\/www.enorsai.com\/noticias\/wp-json\/wp\/v2\/posts\/1823\/revisions"}],"predecessor-version":[{"id":1834,"href":"https:\/\/www.enorsai.com\/noticias\/wp-json\/wp\/v2\/posts\/1823\/revisions\/1834"}],"wp:featuredmedia":[{"embeddable":true,"href":"https:\/\/www.enorsai.com\/noticias\/wp-json\/wp\/v2\/media\/1833"}],"wp:attachment":[{"href":"https:\/\/www.enorsai.com\/noticias\/wp-json\/wp\/v2\/media?parent=1823"}],"wp:term":[{"taxonomy":"category","embeddable":true,"href":"https:\/\/www.enorsai.com\/noticias\/wp-json\/wp\/v2\/categories?post=1823"},{"taxonomy":"post_tag","embeddable":true,"href":"https:\/\/www.enorsai.com\/noticias\/wp-json\/wp\/v2\/tags?post=1823"}],"curies":[{"name":"wp","href":"https:\/\/api.w.org\/{rel}","templated":true}]}}