{"id":1803,"date":"2025-02-21T08:29:21","date_gmt":"2025-02-21T11:29:21","guid":{"rendered":"https:\/\/www.enorsai.com\/noticias\/?p=1803"},"modified":"2025-02-21T08:29:21","modified_gmt":"2025-02-21T11:29:21","slug":"habra-paro-docente-y-peligra-el-comienzo-de-las-clases","status":"publish","type":"post","link":"https:\/\/www.enorsai.com\/noticias\/politica\/habra-paro-docente-y-peligra-el-comienzo-de-las-clases\/","title":{"rendered":"Habr\u00e1 paro docente y peligra el comienzo de las clases"},"content":{"rendered":"\n<p><strong><em>Habr\u00e1 paro docente el lunes pr\u00f3ximo y el 5 de marzo, las dos fechas previstas por las provincias para la vuelta a clases.<\/em><\/strong><\/p>\n\n\n\n<p>En la sede de Azopardo y con el respaldo de los tres secretarios generales, los gremios docentes de la CGT anunciaron dos d\u00edas de paro docente en todo el pa\u00eds, coincidentes con la vuelta a clases, para el lunes 24 de febrero y el mi\u00e9rcoles 5 de marzo.<\/p>\n\n\n\n<p>Las fechas no son antojadizas sino que se trata de los dos d\u00edas en que est\u00e1 previsto el ciclo lectivo en las distintas jurisdicciones de la Argentina: el lunes pr\u00f3ximo y el mi\u00e9rcoles posterior a los feriados de Carnaval.<\/p>\n\n\n\n<p>En tanto, CTERA lanz\u00f3 tambi\u00e9n esta tarde una medida de fuerza nacional,con un paro y movilizacion el 24 de febrero. En principio, la organizaci\u00f3n de Sonia Alesso y Roberto Baradel no se sumar\u00e1 al paro del 5 de marzo, aunque lo que ocurra -o no- hasta entonces podr\u00eda modificar esa postura.<\/p>\n\n\n\n<p>En ambos casos, el principal motivo del reclamo es la demora del Gobierno en convocar a la discusi\u00f3n de la paritaria nacional docente, sin que se sepa a\u00fan si lo har\u00e1.<\/p>\n\n\n\n<p>Los motivos que complican la vuelta a clases<\/p>\n\n\n\n<p>Sin di\u00e1logo, ofuscados por la falta de convocatoria a la paritaria nacional, los sindicatos docentes de la CGT fueron los primeros en anunciar que van al paro, en una conferencia con presencias de peso para dar una muestra de fortaleza.<\/p>\n\n\n\n<p>M\u00e1s all\u00e1 de la falta de negociaci\u00f3n salarial, que no est\u00e1 en el radar del Gobierno, en la calle Azopardo ven al Ejecutivo de Javier Milei d\u00e9bil y en un momento en el que \u201cle entran las balas\u201d debido al esc\u00e1ndalo de la estafa con la criptomoneda $LIBRA que protagoniz\u00f3 el Presidente. Es decir, hay clima y est\u00e1 la chance de poner en relieve reclamos y que tomen estado p\u00fablico.<\/p>\n\n\n\n<p>De hecho, luego de la conferencia de prensa en el que los principales referentes de los trabajadores de la educaci\u00f3n en la CGT anunciaron el paro nacional, un importante cuadro cegetista que mantiene aceitadas relaciones con todas las vertientes, dijo que este \u201cmomento\u201d del oficialismo hay que aprovecharlo al m\u00e1ximo. Y se\u00f1al\u00f3 que el movimiento obrero est\u00e1 unido para confrontar con la administraci\u00f3n libertaria.<\/p>\n\n\n\n<p>Un ejemplo de esto es la lista de presencias en el anuncio del paro. Asistieron referentes de la central incluyendo a uno de sus secretarios generales, Octavio Arguello, hombre de Hugo Moyano. Tambi\u00e9n estuvieron Julio Piumato, de la Uni\u00f3n de Empleados Judiciales (UEJN) en compa\u00f1\u00eda de Maia Volcovinsky, otra referente de la UEJN y del sector femenino de la CGT,&nbsp; Sara Garc\u00eda (AMET), Fabi\u00e1n Felman (CEA), Argentino Geneiro (gastron\u00f3micos) y Horacio Otero (UOM), entre otros.<\/p>\n\n\n\n<p>Tres semanas sin respuestas<\/p>\n\n\n\n<p>El secretario de Pol\u00edticas Educativas de la CGT y secretario general de la Uni\u00f3n de Docentes Argentinos (UDA), Sergio Romero, fue quien tom\u00f3 la palabra para acusar a la gesti\u00f3n libertaria de obturar cualquier tipo de conversaci\u00f3n.<\/p>\n\n\n\n<p>Los pedidos por la paritaria nacional docente no son nuevos ni llegan en un momento oportunista por avecinarse el comienzo de las clases. Hace tres semanas que los gremios insisten en abrir una mesa de di\u00e1logo pero el Gobierno ignor\u00f3 todos los pedidos.<\/p>\n\n\n\n<p>Por Gesti\u00f3n Sindical<\/p>\n","protected":false},"excerpt":{"rendered":"<p>Habr\u00e1 paro docente el lunes pr\u00f3ximo y el 5 de marzo, las dos fechas previstas por las provincias para la vuelta a clases. En la sede de Azopardo y con el respaldo de los tres secretarios generales, los gremios docentes de la CGT anunciaron dos d\u00edas de paro docente en todo el pa\u00eds, coincidentes con&#8230;<\/p>\n","protected":false},"author":5,"featured_media":1804,"comment_status":"open","ping_status":"open","sticky":false,"template":"","format":"standard","meta":{"_monsterinsights_skip_tracking":false,"_monsterinsights_sitenote_active":false,"_monsterinsights_sitenote_note":"","_monsterinsights_sitenote_category":0,"footnotes":"","jetpack_publicize_message":"","jetpack_publicize_feature_enabled":true,"jetpack_social_post_already_shared":true,"jetpack_social_options":{"image_generator_settings":{"template":"highway","default_image_id":0,"font":"","enabled":false},"version":2}},"categories":[2],"tags":[58,93,43,276],"class_list":["post-1803","post","type-post","status-publish","format-standard","has-post-thumbnail","hentry","category-politica","tag-ajuste","tag-argentina","tag-crisis","tag-educacion"],"jetpack_publicize_connections":[],"_links":{"self":[{"href":"https:\/\/www.enorsai.com\/noticias\/wp-json\/wp\/v2\/posts\/1803","targetHints":{"allow":["GET"]}}],"collection":[{"href":"https:\/\/www.enorsai.com\/noticias\/wp-json\/wp\/v2\/posts"}],"about":[{"href":"https:\/\/www.enorsai.com\/noticias\/wp-json\/wp\/v2\/types\/post"}],"author":[{"embeddable":true,"href":"https:\/\/www.enorsai.com\/noticias\/wp-json\/wp\/v2\/users\/5"}],"replies":[{"embeddable":true,"href":"https:\/\/www.enorsai.com\/noticias\/wp-json\/wp\/v2\/comments?post=1803"}],"version-history":[{"count":1,"href":"https:\/\/www.enorsai.com\/noticias\/wp-json\/wp\/v2\/posts\/1803\/revisions"}],"predecessor-version":[{"id":1805,"href":"https:\/\/www.enorsai.com\/noticias\/wp-json\/wp\/v2\/posts\/1803\/revisions\/1805"}],"wp:featuredmedia":[{"embeddable":true,"href":"https:\/\/www.enorsai.com\/noticias\/wp-json\/wp\/v2\/media\/1804"}],"wp:attachment":[{"href":"https:\/\/www.enorsai.com\/noticias\/wp-json\/wp\/v2\/media?parent=1803"}],"wp:term":[{"taxonomy":"category","embeddable":true,"href":"https:\/\/www.enorsai.com\/noticias\/wp-json\/wp\/v2\/categories?post=1803"},{"taxonomy":"post_tag","embeddable":true,"href":"https:\/\/www.enorsai.com\/noticias\/wp-json\/wp\/v2\/tags?post=1803"}],"curies":[{"name":"wp","href":"https:\/\/api.w.org\/{rel}","templated":true}]}}