{"id":18,"date":"2025-01-23T19:54:33","date_gmt":"2025-01-23T19:54:33","guid":{"rendered":"http:\/\/www.enorsai.com\/noticias\/?p=18"},"modified":"2025-01-23T19:59:12","modified_gmt":"2025-01-23T19:59:12","slug":"bullrich-escenifica-un-show-mediatico-contra-jones-huala-en-medio-de-la-crisis-en-la-patagonia","status":"publish","type":"post","link":"https:\/\/www.enorsai.com\/noticias\/politica\/bullrich-escenifica-un-show-mediatico-contra-jones-huala-en-medio-de-la-crisis-en-la-patagonia\/","title":{"rendered":"Bullrich escenifica un show medi\u00e1tico contra Jones Huala en medio de la crisis en la Patagonia"},"content":{"rendered":"\n<p>La ministra de Seguridad mont\u00f3 un show medi\u00e1tico para estigmatizar al lonko mapuche, aprovechando los incendios en Chubut. Los gobernadores de R\u00edo Negro y Chubut se sumaron al circo medi\u00e1tico, mientras las comunidades originarias siguen siendo v\u00edctimas de la violencia institucional<\/p>\n\n\n\n<p>En un nuevo cap\u00edtulo de la guerra medi\u00e1tica contra los pueblos originarios, la ministra de Seguridad, Patricia Bullrich, protagoniz\u00f3 este fin de semana un show medi\u00e1tico con la detenci\u00f3n del lonko mapuche Facundo Jones Huala. La funcionaria, aprovechando la crisis generada por los incendios en Chubut, intent\u00f3 vincular al l\u00edder mapuche con los hechos, acus\u00e1ndolo falsamente de intentar robar autos en las cercan\u00edas de las zonas afectadas.<\/p>\n\n\n\n<p>La operaci\u00f3n de Bullrich, lejos de ser una acci\u00f3n de seguridad, fue una puesta en escena dise\u00f1ada para reforzar el discurso del \u00abenemigo interno mapuche\u00bb y desviar la atenci\u00f3n de la grave situaci\u00f3n que atraviesa la Patagonia. La ministra, acompa\u00f1ada por los gobernadores de R\u00edo Negro, Alberto Weretilneck, y de Chubut, Ignacio Torres, se sum\u00f3 al coro de voces que buscan criminalizar a las comunidades originarias y justificar la violencia institucional en su contra.<\/p>\n\n\n\n<p>Sin embargo, la realidad es otra. Seg\u00fan la Gremial de Abogados y Abogadas que acompa\u00f1a distintas causas de las comunidades mapuche, la detenci\u00f3n de Jones Huala fue arbitraria y carente de fundamentos legales. La fiscal\u00eda, a pedido de la Gremial, r\u00e1pidamente determin\u00f3 que no exist\u00edan pruebas para imputar al lonko y orden\u00f3 su liberaci\u00f3n.<\/p>\n\n\n\n<p><strong>\u00bfCu\u00e1l fue el verdadero motivo de la detenci\u00f3n?<\/strong><\/p>\n\n\n\n<p>La detenci\u00f3n de Jones Huala se produjo en el marco de una escalada de violencia institucional contra los pueblos originarios, que se ha intensificado en los \u00faltimos a\u00f1os. La criminalizaci\u00f3n de la protesta social, la militarizaci\u00f3n de las zonas mapuches y la estigmatizaci\u00f3n medi\u00e1tica son algunas de las herramientas utilizadas por el Estado para reprimir los reclamos territoriales y culturales de las comunidades.<\/p>\n\n\n\n<p><strong>M\u00e1s all\u00e1 del show medi\u00e1tico<\/strong><\/p>\n\n\n\n<p>Mientras Bullrich y los gobernadores se dedican a escenificar una guerra contra los mapuches, la situaci\u00f3n en la Patagonia sigue siendo cr\u00edtica. Los incendios forestales arrasan miles de hect\u00e1reas, poniendo en riesgo la vida de las personas y el ecosistema. Los combatientes voluntarios denuncian la falta de recursos y la precariedad de las condiciones de trabajo.<\/p>\n\n\n\n<p>Es fundamental que la sociedad civil se movilice y exija una investigaci\u00f3n exhaustiva sobre los hechos ocurridos en Chubut y R\u00edo Negro. Asimismo, es necesario poner fin a la violencia institucional contra los pueblos originarios y garantizar el respeto a sus derechos.<\/p>\n\n\n\n<p><strong>Preguntas clave para el lector:<\/strong><\/p>\n\n\n\n<p>\u00bfPor qu\u00e9 el gobierno nacional y provinciales insisten en criminalizar a los pueblos originarios?&nbsp;&nbsp;<strong><\/strong><\/p>\n\n\n\n<p>La criminalizaci\u00f3n de los pueblos originarios es un fen\u00f3meno complejo y multifactorial, con ra\u00edces hist\u00f3ricas y pol\u00edticas profundas. A continuaci\u00f3n, te presento algunas de las razones m\u00e1s comunes que explican esta problem\u00e1tica:<\/p>\n\n\n\n<h3 class=\"wp-block-heading\"><strong>Motivos estructurales y hist\u00f3ricos:<\/strong><\/h3>\n\n\n\n<ul class=\"wp-block-list\">\n<li><strong>Despojo territorial:<\/strong>\u00a0Hist\u00f3ricamente, los pueblos originarios han sido despojados de sus tierras ancestrales, lo que ha generado un conflicto latente y una lucha constante por recuperar sus territorios.<\/li>\n\n\n\n<li><strong>Modelo econ\u00f3mico extractivista:<\/strong>\u00a0Los intereses econ\u00f3micos de grandes empresas, como las mineras y las forestales, suelen entrar en conflicto con los derechos territoriales de las comunidades ind\u00edgenas. Esto genera tensiones y, a menudo, lleva a la criminalizaci\u00f3n de las protestas en defensa de la tierra.<\/li>\n\n\n\n<li><strong>Racismo y discriminaci\u00f3n:<\/strong>\u00a0Los pueblos originarios han sido objeto de discriminaci\u00f3n y racismo durante siglos, lo que ha llevado a la construcci\u00f3n de estereotipos negativos y a la justificaci\u00f3n de la violencia en su contra.<\/li>\n<\/ul>\n\n\n\n<h3 class=\"wp-block-heading\"><strong>Motivos pol\u00edticos:<\/strong><\/h3>\n\n\n\n<ul class=\"wp-block-list\">\n<li><strong>Distracci\u00f3n de otros problemas:<\/strong>\u00a0Al criminalizar a los pueblos originarios, los gobiernos pueden desviar la atenci\u00f3n de otros problemas sociales y econ\u00f3micos que afectan a la poblaci\u00f3n en general.<\/li>\n\n\n\n<li><strong>Fortalecimiento del aparato represivo:<\/strong>\u00a0La criminalizaci\u00f3n de las protestas ind\u00edgenas permite justificar el aumento de la presencia policial y militar en territorios ind\u00edgenas, fortaleciendo as\u00ed el aparato represivo del Estado.<\/li>\n\n\n\n<li><strong>Consolidaci\u00f3n de intereses econ\u00f3micos:<\/strong>\u00a0Al criminalizar a los pueblos originarios, se facilita la expropiaci\u00f3n de sus tierras y recursos naturales para el beneficio de grandes empresas y grupos econ\u00f3micos.<\/li>\n<\/ul>\n\n\n\n<h3 class=\"wp-block-heading\"><strong>Motivos ideol\u00f3gicos:<\/strong><\/h3>\n\n\n\n<ul class=\"wp-block-list\">\n<li><strong>Discurso del \u00abenemigo interno\u00bb:<\/strong>\u00a0La construcci\u00f3n de un enemigo interno, como los pueblos originarios, permite justificar pol\u00edticas represivas y generar un clima de polarizaci\u00f3n social.<\/li>\n\n\n\n<li><strong>Negligencia del Estado:<\/strong>\u00a0La falta de pol\u00edticas p\u00fablicas que reconozcan los derechos de los pueblos originarios y promuevan el di\u00e1logo intercultural contribuye a la conflictividad y a la criminalizaci\u00f3n de las protestas.<\/li>\n<\/ul>\n\n\n\n<h3 class=\"wp-block-heading\"><strong>Consecuencias de la criminalizaci\u00f3n:<\/strong><\/h3>\n\n\n\n<ul class=\"wp-block-list\">\n<li><strong>Violaci\u00f3n de derechos humanos:<\/strong>\u00a0La criminalizaci\u00f3n de los pueblos originarios implica la violaci\u00f3n de una amplia gama de derechos humanos, como el derecho a la vida, la libertad, la integridad f\u00edsica, la propiedad y la libre determinaci\u00f3n.<\/li>\n\n\n\n<li><strong>Impunidad:<\/strong>\u00a0Los responsables de la violencia contra los pueblos originarios suelen gozar de impunidad, lo que refuerza la sensaci\u00f3n de injusticia y fomenta la continuidad de los conflictos.<\/li>\n\n\n\n<li><strong>Desplazamiento forzado:<\/strong>\u00a0La criminalizaci\u00f3n y la violencia pueden llevar al desplazamiento forzado de las comunidades ind\u00edgenas de sus territorios ancestrales.<\/li>\n\n\n\n<li><strong>Debilitamiento de la diversidad cultural:<\/strong>\u00a0La criminalizaci\u00f3n de los pueblos originarios pone en riesgo la supervivencia de sus culturas y lenguas.<\/li>\n<\/ul>\n\n\n\n<p><strong>Es importante destacar que la criminalizaci\u00f3n de los pueblos originarios no es un fen\u00f3meno exclusivo de un pa\u00eds o regi\u00f3n en particular, sino que es una problem\u00e1tica global que afecta a millones de personas en todo el mundo.<\/strong><\/p>\n\n\n\n<p><strong>Para profundizar en esta tem\u00e1tica, te sugiero consultar las siguientes fuentes:<\/strong><\/p>\n\n\n\n<ul class=\"wp-block-list\">\n<li><strong>Organizaciones de derechos humanos:<\/strong>\u00a0Amnist\u00eda Internacional, Human Rights Watch, CELS (Centro de Estudios Legales y Sociales).<\/li>\n\n\n\n<li><strong>Organizaciones ind\u00edgenas:<\/strong>\u00a0Coordinadora de las Indias, Asamblea Permanente de Pueblos Ind\u00edgenas de Argentina.<\/li>\n\n\n\n<li><strong>Academias y universidades:<\/strong>\u00a0Existen numerosos estudios acad\u00e9micos sobre la cuesti\u00f3n ind\u00edgena en Am\u00e9rica Latina.<\/li>\n<\/ul>\n\n\n\n<p><\/p>\n\n\n\n<p>Fuente: canalabierto.com.ar Y enorsai.com.ar<\/p>\n","protected":false},"excerpt":{"rendered":"<p>La ministra de Seguridad mont\u00f3 un show medi\u00e1tico para estigmatizar al lonko mapuche, aprovechando los incendios en Chubut. Los gobernadores de R\u00edo Negro y Chubut se sumaron al circo medi\u00e1tico, mientras las comunidades originarias siguen siendo v\u00edctimas de la violencia institucional En un nuevo cap\u00edtulo de la guerra medi\u00e1tica contra los pueblos originarios, la ministra&#8230;<\/p>\n","protected":false},"author":1,"featured_media":19,"comment_status":"open","ping_status":"open","sticky":false,"template":"","format":"standard","meta":{"_monsterinsights_skip_tracking":false,"_monsterinsights_sitenote_active":false,"_monsterinsights_sitenote_note":"","_monsterinsights_sitenote_category":0,"footnotes":"","jetpack_publicize_message":"","jetpack_publicize_feature_enabled":true,"jetpack_social_post_already_shared":false,"jetpack_social_options":{"image_generator_settings":{"template":"highway","default_image_id":0,"font":"","enabled":false},"version":2}},"categories":[2],"tags":[],"class_list":["post-18","post","type-post","status-publish","format-standard","has-post-thumbnail","hentry","category-politica"],"jetpack_publicize_connections":[],"_links":{"self":[{"href":"https:\/\/www.enorsai.com\/noticias\/wp-json\/wp\/v2\/posts\/18","targetHints":{"allow":["GET"]}}],"collection":[{"href":"https:\/\/www.enorsai.com\/noticias\/wp-json\/wp\/v2\/posts"}],"about":[{"href":"https:\/\/www.enorsai.com\/noticias\/wp-json\/wp\/v2\/types\/post"}],"author":[{"embeddable":true,"href":"https:\/\/www.enorsai.com\/noticias\/wp-json\/wp\/v2\/users\/1"}],"replies":[{"embeddable":true,"href":"https:\/\/www.enorsai.com\/noticias\/wp-json\/wp\/v2\/comments?post=18"}],"version-history":[{"count":1,"href":"https:\/\/www.enorsai.com\/noticias\/wp-json\/wp\/v2\/posts\/18\/revisions"}],"predecessor-version":[{"id":20,"href":"https:\/\/www.enorsai.com\/noticias\/wp-json\/wp\/v2\/posts\/18\/revisions\/20"}],"wp:featuredmedia":[{"embeddable":true,"href":"https:\/\/www.enorsai.com\/noticias\/wp-json\/wp\/v2\/media\/19"}],"wp:attachment":[{"href":"https:\/\/www.enorsai.com\/noticias\/wp-json\/wp\/v2\/media?parent=18"}],"wp:term":[{"taxonomy":"category","embeddable":true,"href":"https:\/\/www.enorsai.com\/noticias\/wp-json\/wp\/v2\/categories?post=18"},{"taxonomy":"post_tag","embeddable":true,"href":"https:\/\/www.enorsai.com\/noticias\/wp-json\/wp\/v2\/tags?post=18"}],"curies":[{"name":"wp","href":"https:\/\/api.w.org\/{rel}","templated":true}]}}