{"id":1785,"date":"2025-02-20T21:55:59","date_gmt":"2025-02-21T00:55:59","guid":{"rendered":"https:\/\/www.enorsai.com\/noticias\/?p=1785"},"modified":"2025-02-20T21:55:59","modified_gmt":"2025-02-21T00:55:59","slug":"esta-es-la-verdadera-casta-que-salvo-a-milei-de-ser-investigado-en-senadores-por-la-mega-estafa-de-criptomonedas","status":"publish","type":"post","link":"https:\/\/www.enorsai.com\/noticias\/politica\/esta-es-la-verdadera-casta-que-salvo-a-milei-de-ser-investigado-en-senadores-por-la-mega-estafa-de-criptomonedas\/","title":{"rendered":"Esta es la verdadera casta que salv\u00f3 a Milei de ser investigado en senadores por la mega estafa de criptomonedas"},"content":{"rendered":"\n<p><strong><em>El Senado blind\u00f3 a Milei y fren\u00f3 la investigaci\u00f3n sobre el esc\u00e1ndalo cripto. Con el respaldo del PRO, los gobernadores aliados y un radicalismo que se ti\u00f1e cada vez m\u00e1s de violeta, el oficialismo logr\u00f3 evitar la creaci\u00f3n de una comisi\u00f3n investigadora sobre la estafa con la memecoin $Libra, dejando al descubierto los intereses que protegen al presidente.<\/em><\/strong><\/p>\n\n\n\n<p>El Senado de la Naci\u00f3n fue escenario de un bochorno pol\u00edtico que, lejos de sorprender, confirma una vez m\u00e1s que la tan mentada \u00abcasta\u00bb no es otra cosa que el entramado de poder que protege a Javier Milei. Con 23 votos en contra y 47 a favor, a tan solo un voto de su aprobaci\u00f3n, el oficialismo logr\u00f3 frenar la creaci\u00f3n de una comisi\u00f3n investigadora sobre el esc\u00e1ndalo de la memecoin $Libra, una estafa piramidal que llev\u00f3 la firma y el rostro del presidente.<\/p>\n\n\n\n<figure class=\"wp-block-embed is-type-wp-embed is-provider-incrustado wp-block-embed-incrustado\"><div class=\"wp-block-embed__wrapper\">\n<blockquote class=\"wp-embedded-content\" data-secret=\"amqot2mkEC\"><a href=\"https:\/\/www.enorsai.com\/noticias\/politica\/mercedes-marco-del-pont-en-cualquier-pais-normal-el-presidente-hubiera-renunciado\/\">Mercedes Marc\u00f3 Del Pont: \u00abEn cualquier pa\u00eds normal, el Presidente hubiera renunciado\u00bb<\/a><\/blockquote><iframe loading=\"lazy\" class=\"wp-embedded-content\" sandbox=\"allow-scripts\" security=\"restricted\" style=\"position: absolute; visibility: hidden;\" title=\"\u00abMercedes Marc\u00f3 Del Pont: \u00abEn cualquier pa\u00eds normal, el Presidente hubiera renunciado\u00bb\u00bb \u2014 \" src=\"https:\/\/www.enorsai.com\/noticias\/politica\/mercedes-marco-del-pont-en-cualquier-pais-normal-el-presidente-hubiera-renunciado\/embed\/#?secret=BPcmSqrrlN#?secret=amqot2mkEC\" data-secret=\"amqot2mkEC\" width=\"600\" height=\"338\" frameborder=\"0\" marginwidth=\"0\" marginheight=\"0\" scrolling=\"no\"><\/iframe>\n<\/div><\/figure>\n\n\n\n<p>El PRO y La Libertad Avanza (LLA) consolidaron su sociedad pol\u00edtica, con seis de los siete senadores macristas aline\u00e1ndose al oficialismo para bloquear cualquier intenci\u00f3n de investigar la maniobra fraudulenta. A ellos se sumaron gobernadores aliados y un sector del radicalismo que, una vez m\u00e1s, demostr\u00f3 que su discurso opositor es solo una farsa conveniente.<\/p>\n\n\n\n<p><strong>Un pacto de impunidad: Milei, el PRO y los gobernadores aliados<\/strong><\/p>\n\n\n\n<p>Lejos de la ret\u00f3rica libertaria contra \u00abla casta\u00bb, los hechos demuestran que cuando se trata de protegerse entre ellos, las diferencias ideol\u00f3gicas desaparecen. El PRO, que bajo el liderazgo de Mauricio Macri se vendi\u00f3 como un partido republicano y de valores institucionales, termin\u00f3 operando como un escudo de impunidad para Milei. Senadores como Luis Juez, Enrique Goerling Lara y Alfredo De Angeli rechazaron la comisi\u00f3n investigadora sin reparos, mostrando que la supuesta \u00abtransparencia\u00bb con la que se llenan la boca es solo marketing pol\u00edtico.<\/p>\n\n\n\n<p>A ellos se sumaron los inefables operadores provinciales, con gobernadores como Alberto Weretilneck (R\u00edo Negro) y Hugo Passalacqua (Misiones) brindando el respaldo necesario para que Milei pudiera dormir tranquilo. En un acto de servilismo, sus senadores Carlos Omar Arce y Sonia Elizabeth Rojas Decut ni siquiera se molestaron en aparecer en la sesi\u00f3n, permitiendo que con una sola ausencia se enterrara la posibilidad de investigar el esc\u00e1ndalo.<\/p>\n\n\n\n<figure class=\"wp-block-embed is-type-wp-embed is-provider-incrustado wp-block-embed-incrustado\"><div class=\"wp-block-embed__wrapper\">\n<blockquote class=\"wp-embedded-content\" data-secret=\"BLRs3VSb7o\"><a href=\"https:\/\/www.enorsai.com\/noticias\/politica\/eduardo-barcesat-milei-encuadro-las-dos-acciones-que-habilitan-el-juicio-politico\/\">Eduardo Barcesat: \u00abMilei encuadr\u00f3 las dos acciones que habilitan el juicio pol\u00edtico\u00bb<\/a><\/blockquote><iframe loading=\"lazy\" class=\"wp-embedded-content\" sandbox=\"allow-scripts\" security=\"restricted\" style=\"position: absolute; visibility: hidden;\" title=\"\u00abEduardo Barcesat: \u00abMilei encuadr\u00f3 las dos acciones que habilitan el juicio pol\u00edtico\u00bb\u00bb \u2014 \" src=\"https:\/\/www.enorsai.com\/noticias\/politica\/eduardo-barcesat-milei-encuadro-las-dos-acciones-que-habilitan-el-juicio-politico\/embed\/#?secret=NivcTQpDC4#?secret=BLRs3VSb7o\" data-secret=\"BLRs3VSb7o\" width=\"600\" height=\"338\" frameborder=\"0\" marginwidth=\"0\" marginheight=\"0\" scrolling=\"no\"><\/iframe>\n<\/div><\/figure>\n\n\n\n<p><strong>La UCR: tibieza y traici\u00f3n en cuotas<\/strong><\/p>\n\n\n\n<p>Si alguien todav\u00eda espera coherencia de la Uni\u00f3n C\u00edvica Radical (UCR), esta votaci\u00f3n dej\u00f3 en claro que el partido centenario sigue atrapado entre su discurso opositor y su pr\u00e1ctica funcional al Gobierno. Mientras el senador Pablo Blanco impuls\u00f3 el proyecto y Mart\u00edn Lousteau lo defendi\u00f3 con dureza, otros seis senadores radicales votaron en contra de la investigaci\u00f3n, traicionando a sus propios compa\u00f1eros y aline\u00e1ndose con el oficialismo.<\/p>\n\n\n\n<p>El caso m\u00e1s notorio fue el de V\u00edctor Zimmerman (Chaco), quien primero sostuvo que una investigaci\u00f3n \u00abser\u00eda beneficiosa\u00bb, pero luego argument\u00f3 que la Justicia es la \u00fanica que debe actuar. Un oportuno cambio de opini\u00f3n que permiti\u00f3 a Milei salir ileso, al menos por ahora, de un esc\u00e1ndalo que en cualquier pa\u00eds serio ya habr\u00eda generado su destituci\u00f3n.<\/p>\n\n\n\n<figure class=\"wp-block-embed is-type-wp-embed is-provider-incrustado wp-block-embed-incrustado\"><div class=\"wp-block-embed__wrapper\">\n<blockquote class=\"wp-embedded-content\" data-secret=\"NHnFOMOu6I\"><a href=\"https:\/\/www.enorsai.com\/noticias\/politica\/el-gobierno-acelera-la-privatizacion-encubierta-del-banco-nacion-lo-convierte-en-sociedad-anonima\/\">El Gobierno acelera la privatizaci\u00f3n encubierta del Banco Naci\u00f3n: lo convierte en Sociedad An\u00f3nima<\/a><\/blockquote><iframe loading=\"lazy\" class=\"wp-embedded-content\" sandbox=\"allow-scripts\" security=\"restricted\" style=\"position: absolute; visibility: hidden;\" title=\"\u00abEl Gobierno acelera la privatizaci\u00f3n encubierta del Banco Naci\u00f3n: lo convierte en Sociedad An\u00f3nima\u00bb \u2014 \" src=\"https:\/\/www.enorsai.com\/noticias\/politica\/el-gobierno-acelera-la-privatizacion-encubierta-del-banco-nacion-lo-convierte-en-sociedad-anonima\/embed\/#?secret=RFlnHNo3YY#?secret=NHnFOMOu6I\" data-secret=\"NHnFOMOu6I\" width=\"600\" height=\"338\" frameborder=\"0\" marginwidth=\"0\" marginheight=\"0\" scrolling=\"no\"><\/iframe>\n<\/div><\/figure>\n\n\n\n<p><strong>La \u00abcasta\u00bb que Milei protege<\/strong><\/p>\n\n\n\n<p>Detr\u00e1s de todo este entramado, lo que queda en evidencia es que la \u00abcasta\u00bb contra la que Milei dice luchar no es m\u00e1s que una construcci\u00f3n discursiva para atacar a sus enemigos pol\u00edticos, mientras en los hechos protege a los mismos sectores de siempre. Los bancos, los especuladores financieros, los operadores pol\u00edticos disfrazados de \u00ablibertarios\u00bb y la derecha tradicional se re\u00fanen bajo un mismo techo cuando se trata de defender sus negocios.<\/p>\n\n\n\n<p>El rechazo a la investigaci\u00f3n sobre la estafa cripto no es solo un acto de protecci\u00f3n a Milei, sino una muestra del verdadero poder que gobierna el pa\u00eds: una coalici\u00f3n de oportunistas que negocian impunidad a cambio de favores pol\u00edticos.<\/p>\n\n\n\n<p><\/p>\n\n\n","protected":false},"excerpt":{"rendered":"<p>Javier Milei fue salvado de ser investigado por la estafa con la memecoin $Libra gracias a senadores del PRO, la UCR y aliados provinciales. A solo un voto de la comisi\u00f3n investigadora, la \u00abcasta\u00bb que Milei tanto critic\u00f3 ahora lo protege. \u00bfCorrupci\u00f3n? No, solo negocios entre amigos.<\/p>\n","protected":false},"author":2,"featured_media":1786,"comment_status":"open","ping_status":"open","sticky":false,"template":"","format":"standard","meta":{"_monsterinsights_skip_tracking":false,"_monsterinsights_sitenote_active":false,"_monsterinsights_sitenote_note":"","_monsterinsights_sitenote_category":0,"footnotes":"","jetpack_publicize_message":"\ud83d\udd25\ud83d\udcb0 Milei y su discurso anticasta caen a pedazos: PRO, UCR y senadores aliados lo salvaron de ser investigado por la estafa con la memecoin $Libra. A un solo voto de la verdad, pero la impunidad gan\u00f3. \u00bfSer\u00e1 este el nuevo modelo de transparencia? \ud83d\udea8","jetpack_publicize_feature_enabled":true,"jetpack_social_post_already_shared":false,"jetpack_social_options":{"image_generator_settings":{"template":"highway","enabled":false},"version":2}},"categories":[2],"tags":[75,165,232,45,647],"class_list":["post-1785","post","type-post","status-publish","format-standard","has-post-thumbnail","hentry","category-politica","tag-corrupcion","tag-criptomonedas","tag-estafa","tag-milei","tag-senado"],"jetpack_publicize_connections":[],"_links":{"self":[{"href":"https:\/\/www.enorsai.com\/noticias\/wp-json\/wp\/v2\/posts\/1785","targetHints":{"allow":["GET"]}}],"collection":[{"href":"https:\/\/www.enorsai.com\/noticias\/wp-json\/wp\/v2\/posts"}],"about":[{"href":"https:\/\/www.enorsai.com\/noticias\/wp-json\/wp\/v2\/types\/post"}],"author":[{"embeddable":true,"href":"https:\/\/www.enorsai.com\/noticias\/wp-json\/wp\/v2\/users\/2"}],"replies":[{"embeddable":true,"href":"https:\/\/www.enorsai.com\/noticias\/wp-json\/wp\/v2\/comments?post=1785"}],"version-history":[{"count":1,"href":"https:\/\/www.enorsai.com\/noticias\/wp-json\/wp\/v2\/posts\/1785\/revisions"}],"predecessor-version":[{"id":1787,"href":"https:\/\/www.enorsai.com\/noticias\/wp-json\/wp\/v2\/posts\/1785\/revisions\/1787"}],"wp:featuredmedia":[{"embeddable":true,"href":"https:\/\/www.enorsai.com\/noticias\/wp-json\/wp\/v2\/media\/1786"}],"wp:attachment":[{"href":"https:\/\/www.enorsai.com\/noticias\/wp-json\/wp\/v2\/media?parent=1785"}],"wp:term":[{"taxonomy":"category","embeddable":true,"href":"https:\/\/www.enorsai.com\/noticias\/wp-json\/wp\/v2\/categories?post=1785"},{"taxonomy":"post_tag","embeddable":true,"href":"https:\/\/www.enorsai.com\/noticias\/wp-json\/wp\/v2\/tags?post=1785"}],"curies":[{"name":"wp","href":"https:\/\/api.w.org\/{rel}","templated":true}]}}