{"id":1770,"date":"2025-02-20T20:24:53","date_gmt":"2025-02-20T23:24:53","guid":{"rendered":"http:\/\/www.enorsai.com\/noticias\/?p=1770"},"modified":"2025-02-20T20:24:53","modified_gmt":"2025-02-20T23:24:53","slug":"alfredo-seoane-presenta-piano-negro-piano-blanco-un-concierto-circular-de-piano-violin-y-contrabajo","status":"publish","type":"post","link":"https:\/\/www.enorsai.com\/noticias\/cultura\/alfredo-seoane-presenta-piano-negro-piano-blanco-un-concierto-circular-de-piano-violin-y-contrabajo\/","title":{"rendered":"Alfredo Seoane presenta \u00abPiano Negro \/ Piano Blanco\u00bb: un concierto circular de piano, viol\u00edn y contrabajo"},"content":{"rendered":"\n<p><strong><em>El pr\u00f3ximo viernes 11 de abril a las 20:30 hs, el reconocido compositor, arreglador y pianista Alfredo Seoane ofrecer\u00e1 un concierto \u00fanico titulado Piano Negro \/ Piano Blanco. La cita ser\u00e1 en Divo Sound Rec, ubicado en Serrano 194, Villa Crespo, Buenos Aires.<br><\/em><\/strong><br>Acompa\u00f1ado por destacados m\u00fasicos como Fernando Rodr\u00edguez en viol\u00edn y Emiliano Lorenzo en contrabajo, Seoane desplegar\u00e1 un recorrido sonoro que promete conmover a la audiencia con melod\u00edas profundas y vibrantes. La entrada tiene un valor de $15.000 y puede adquirirse mediante transferencia al alias canto.versos, enviando el comprobante a judiprod29@gmail.com.<\/p>\n\n\n\n<p><br><strong>Un artista con trayectoria<br><\/strong><br>Alfredo Seoane es una figura clave dentro de la escena musical argentina. Con m\u00e1s de tres d\u00e9cadas de carrera, ha compuesto m\u00fasica para teatro, cine y danza, trabajando bajo la direcci\u00f3n de referentes como L\u00eda Jel\u00edn, Pompeyo Audivert y Daniel Marcove. Tambi\u00e9n ha sido arreglador del reconocido compositor teatral Jorge Valc\u00e1rcel, con quien diversas obras fueron nominadas a los premios Trinidad Guevara, ACE y Casa del Teatro.<br><br>Como artista independiente, Seoane ha grabado dos discos escritos para piano, viol\u00edn, violonchelo y contrabajo, y ha sido parte de importantes eventos como el centenario de Argentores en el Teatro Maipo. Adem\u00e1s, integra el grupo Dema y su Orquesta Petitera, en el que se desempe\u00f1a como guitarrista y arreglador, compartiendo escenario con figuras de la talla de la Orquesta Juan de Dios Filiberto, Divididos, Leopoldo Federico y Horacio Fontova.<\/p>\n\n\n\n<figure class=\"wp-block-embed is-type-rich is-provider-spotify wp-block-embed-spotify wp-embed-aspect-21-9 wp-has-aspect-ratio\"><div class=\"wp-block-embed__wrapper\">\n<iframe title=\"Spotify Embed: Alfredo Seoane\" style=\"border-radius: 12px\" width=\"100%\" height=\"352\" frameborder=\"0\" allowfullscreen allow=\"autoplay; clipboard-write; encrypted-media; fullscreen; picture-in-picture\" loading=\"lazy\" src=\"https:\/\/open.spotify.com\/embed\/artist\/0T4WaQmqxB775bSLsMUzi1?utm_source=oembed\"><\/iframe>\n<\/div><\/figure>\n\n\n\n<p><br><br><strong>Explorando nuevos horizontes musicales<br><\/strong><br>Desde 2019, Seoane forma parte del colectivo Pianeres de R\u00edo, con el que protagoniz\u00f3 el cortometraje Piano Viajero, dirigido por Gonzalo Santiso. Durante 2023, lanz\u00f3 su tercer \u00e1lbum solista Se oculta en m\u00ed, escrito para guitarra, viol\u00edn y tablas, y actualmente se encuentra en plena grabaci\u00f3n de su cuarto disco, Piano Negro \/ Piano Blanco, que podr\u00e1 disfrutarse en vivo en el concierto del 11 de abril.<br><br><strong>Una noche imperdible<br><\/strong><br>Este evento promete ser una experiencia musical inolvidable, donde la fusi\u00f3n de instrumentos y el talento de Seoane y sus invitados ofrecer\u00e1n una interpretaci\u00f3n que atraviesa la emocionalidad y la excelencia art\u00edstica.<br><br>Para quienes deseen explorar m\u00e1s sobre su obra, pueden encontrar su m\u00fasica en plataformas como Spotify y YouTube.<br><br>Entradas disponibles<br><br>Valor: $15.000<br><br>Alias de pago: canto.versos<br><br>Enviar comprobante a judiprod29@gmail.com<\/p>\n\n\n\n<hr class=\"wp-block-separator has-alpha-channel-opacity\"\/>\n\n\n<ul class=\"wp-block-latest-posts__list wp-block-latest-posts\"><li><div class=\"wp-block-latest-posts__featured-image alignleft\"><img loading=\"lazy\" decoding=\"async\" width=\"150\" height=\"150\" src=\"https:\/\/www.enorsai.com\/noticias\/wp-content\/uploads\/2026\/03\/1001745547-150x150.jpg\" class=\"attachment-thumbnail size-thumbnail wp-post-image\" alt=\"\" style=\"\" \/><\/div><a class=\"wp-block-latest-posts__post-title\" href=\"https:\/\/www.enorsai.com\/noticias\/cultura\/comerse-un-hipopotamo-una-satira-distopica-sobre-el-hambre-y-el-control\/\">\u00abComerse un hipop\u00f3tamo\u00bb: Una s\u00e1tira dist\u00f3pica sobre el hambre y el control<\/a><div class=\"wp-block-latest-posts__post-excerpt\">Una s\u00e1tira dist\u00f3pica sobre el hambre y el control llega al Teatro Polonia. Bajo la direcci\u00f3n de V\u00edctor Edgardo Chac\u00f3n, la obra presenta un futuro asfixiante donde la supervivencia empuja los l\u00edmites de la \u00e9tica humana. \u00bfQu\u00e9 sucede cuando el Estado no solo vigila tus movimientos, sino que regula tu hambre? Esa es la premisa&#8230;<\/div><\/li>\n<li><div class=\"wp-block-latest-posts__featured-image alignleft\"><img loading=\"lazy\" decoding=\"async\" width=\"150\" height=\"150\" src=\"https:\/\/www.enorsai.com\/noticias\/wp-content\/uploads\/2026\/03\/Final-de-Partida-De-Samuel-Beckett-150x150.png\" class=\"attachment-thumbnail size-thumbnail wp-post-image\" alt=\"\" style=\"\" \/><\/div><a class=\"wp-block-latest-posts__post-title\" href=\"https:\/\/www.enorsai.com\/noticias\/cultura\/final-de-partida-de-samuel-beckett-2\/\">Final de Partida: De Samuel Beckett<\/a><div class=\"wp-block-latest-posts__post-excerpt\">Grupo G\u00e9nesis reestrena: Ganadora Premios teatro independiente mejor actor\u00a0Alberto Mad\u00edn y Daniel Di Rubba.\u00a0 Direcci\u00f3n: Alberto Mad\u00edn\u00a0 Elenco: Alberto Mad\u00edn, Daniel Di Rubba, Ruben Otero y Lina Rodriguez Reestreno mi\u00e9rcoles 8 de abril 20.30hs Funciones: Mi\u00e9rcoles 20.30 hs Teatro El Tinglado: Mario Bravo 948 &#8211; CABA\u00a0 &nbsp; Entradas $22.500 &#8211; https:\/\/publico.alternativateatral.com\/entradas96775-final-de-partida\u00a0 &nbsp; En un universo&#8230;<\/div><\/li>\n<li><div class=\"wp-block-latest-posts__featured-image alignleft\"><img loading=\"lazy\" decoding=\"async\" width=\"150\" height=\"150\" src=\"https:\/\/www.enorsai.com\/noticias\/wp-content\/uploads\/2026\/03\/El-pulpo-003-b-150x150.jpg\" class=\"attachment-thumbnail size-thumbnail wp-post-image\" alt=\"\" style=\"\" \/><\/div><a class=\"wp-block-latest-posts__post-title\" href=\"https:\/\/www.enorsai.com\/noticias\/cultura\/el-pulpo-una-marea-de-emociones-sobre-el-arte-de-rearmarse\/\">El Pulpo: Una marea de emociones sobre el arte de rearmarse<\/a><div class=\"wp-block-latest-posts__post-excerpt\">Tras su consagraci\u00f3n en el Festival FEDRAS 2025, llega al Teatro del Pueblo \u00abEl Pulpo\u00bb, un unipersonal que utiliza la actuaci\u00f3n pura y la poes\u00eda como balsa para atravesar el naufragio de un coraz\u00f3n roto. Con dramaturgia de Gabriela Farjat y direcci\u00f3n de Paula Banfi, la obra propone un viaje el\u00e9ctrico por los escombros de&#8230;<\/div><\/li>\n<li><div class=\"wp-block-latest-posts__featured-image alignleft\"><img loading=\"lazy\" decoding=\"async\" width=\"150\" height=\"150\" src=\"https:\/\/www.enorsai.com\/noticias\/wp-content\/uploads\/2026\/02\/Post-Facebook-20-150x150.png\" class=\"attachment-thumbnail size-thumbnail wp-post-image\" alt=\"\" style=\"\" \/><\/div><a class=\"wp-block-latest-posts__post-title\" href=\"https:\/\/www.enorsai.com\/noticias\/politica\/artistas-x-cristina-libre\/\">Artistas x Cristina Libre<\/a><div class=\"wp-block-latest-posts__post-excerpt\">M\u00e1s de 80 artistas pl\u00e1sticos se reunieron en San Telmo bajo la consigna \u201cCristina Libre\u201d para crear dos murales colectivos frente a la casa de Cristina Fern\u00e1ndez de Kirchner. Arte, militancia y emoci\u00f3n confluyeron en una jornada hist\u00f3rica que expres\u00f3 apoyo popular, memoria y lucha contra la proscripci\u00f3n.<\/div><\/li>\n<li><div class=\"wp-block-latest-posts__featured-image alignleft\"><img loading=\"lazy\" decoding=\"async\" width=\"150\" height=\"150\" src=\"https:\/\/www.enorsai.com\/noticias\/wp-content\/uploads\/2026\/02\/Red-and-White-Modern-Fitness-YouTube-Banner-37-150x150.png\" class=\"attachment-thumbnail size-thumbnail wp-post-image\" alt=\"\" style=\"\" \/><\/div><a class=\"wp-block-latest-posts__post-title\" href=\"https:\/\/www.enorsai.com\/noticias\/cultura\/%f0%9f%8e%b8-streets-of-minneapolis-el-rock-como-arma-politica\/\">\ud83c\udfb8 \u2018Streets of Minneapolis\u2019: el rock como arma pol\u00edtica<\/a><div class=\"wp-block-latest-posts__post-excerpt\">Bruce Springsteen vuelve a la protesta: rock contra la violencia estatal en Estados Unidos<\/div><\/li>\n<\/ul>","protected":false},"excerpt":{"rendered":"<p>El pianista y compositor Alfredo Seoane presenta Piano Negro \/ Piano Blanco, un concierto circular de piano, viol\u00edn y contrabajo. Acompa\u00f1ado por Fernando Rodr\u00edguez y Emiliano Lorenzo, ofrecer\u00e1 una noche de m\u00fasica profunda y emotiva. La cita es el 11 de abril en Divo Sound Rec, Villa Crespo.<\/p>\n","protected":false},"author":1,"featured_media":1775,"comment_status":"open","ping_status":"open","sticky":false,"template":"","format":"standard","meta":{"_monsterinsights_skip_tracking":false,"_monsterinsights_sitenote_active":false,"_monsterinsights_sitenote_note":"","_monsterinsights_sitenote_category":0,"footnotes":"","jetpack_publicize_message":"\ud83c\udfb9 Alfredo Seoane presenta Piano Negro \/ Piano Blanco en un show \u00fanico \ud83c\udfbb\ud83c\udfb6 \ud83d\udccd11\/4 en Villa Crespo. \ud83c\udf9f\ufe0f $15.000. La nota completa en www.EnOrsai.com ","jetpack_publicize_feature_enabled":true,"jetpack_social_post_already_shared":false,"jetpack_social_options":{"image_generator_settings":{"template":"highway","enabled":false},"version":2}},"categories":[5],"tags":[668,93,665,663,667,666],"class_list":["post-1770","post","type-post","status-publish","format-standard","has-post-thumbnail","hentry","category-cultura","tag-alfredo-seoane","tag-argentina","tag-concierto","tag-cultura","tag-musica","tag-piano"],"jetpack_publicize_connections":[],"_links":{"self":[{"href":"https:\/\/www.enorsai.com\/noticias\/wp-json\/wp\/v2\/posts\/1770","targetHints":{"allow":["GET"]}}],"collection":[{"href":"https:\/\/www.enorsai.com\/noticias\/wp-json\/wp\/v2\/posts"}],"about":[{"href":"https:\/\/www.enorsai.com\/noticias\/wp-json\/wp\/v2\/types\/post"}],"author":[{"embeddable":true,"href":"https:\/\/www.enorsai.com\/noticias\/wp-json\/wp\/v2\/users\/1"}],"replies":[{"embeddable":true,"href":"https:\/\/www.enorsai.com\/noticias\/wp-json\/wp\/v2\/comments?post=1770"}],"version-history":[{"count":2,"href":"https:\/\/www.enorsai.com\/noticias\/wp-json\/wp\/v2\/posts\/1770\/revisions"}],"predecessor-version":[{"id":1776,"href":"https:\/\/www.enorsai.com\/noticias\/wp-json\/wp\/v2\/posts\/1770\/revisions\/1776"}],"wp:featuredmedia":[{"embeddable":true,"href":"https:\/\/www.enorsai.com\/noticias\/wp-json\/wp\/v2\/media\/1775"}],"wp:attachment":[{"href":"https:\/\/www.enorsai.com\/noticias\/wp-json\/wp\/v2\/media?parent=1770"}],"wp:term":[{"taxonomy":"category","embeddable":true,"href":"https:\/\/www.enorsai.com\/noticias\/wp-json\/wp\/v2\/categories?post=1770"},{"taxonomy":"post_tag","embeddable":true,"href":"https:\/\/www.enorsai.com\/noticias\/wp-json\/wp\/v2\/tags?post=1770"}],"curies":[{"name":"wp","href":"https:\/\/api.w.org\/{rel}","templated":true}]}}