{"id":1766,"date":"2025-02-20T14:40:33","date_gmt":"2025-02-20T17:40:33","guid":{"rendered":"https:\/\/www.enorsai.com\/noticias\/?p=1766"},"modified":"2025-02-20T14:40:33","modified_gmt":"2025-02-20T17:40:33","slug":"inminente-demolicion-del-luna-park-el-gobierno-porteno-avanza-sobre-un-monumento-historico-nacional","status":"publish","type":"post","link":"https:\/\/www.enorsai.com\/noticias\/sociedad\/inminente-demolicion-del-luna-park-el-gobierno-porteno-avanza-sobre-un-monumento-historico-nacional\/","title":{"rendered":"Inminente demolici\u00f3n del Luna Park: el gobierno porte\u00f1o avanza sobre un monumento hist\u00f3rico nacional"},"content":{"rendered":"\n<p><\/p>\n\n\n\n<p>La ciudad de Buenos Aires est\u00e1 a punto de perder uno de sus emblemas m\u00e1s ic\u00f3nicos: el hist\u00f3rico Luna Park, escenario de inmemorables eventos deportivos, culturales y pol\u00edticos, est\u00e1 en la mira de la piqueta. La decisi\u00f3n de demoler el recinto fue aprobada a puertas cerradas en una sesi\u00f3n rel\u00e1mpago el pasado 5 de enero, sin debates p\u00fablicos ni disidencias en la Comisi\u00f3n encargada. As\u00ed lo denunci\u00f3 Mar\u00eda Carmen Usandivaras, integrante de la ONG Basta de Demoler, quien se\u00f1al\u00f3 que la medida viola leyes nacionales y locales de preservaci\u00f3n patrimonial.<\/p>\n\n\n\n<p>\u00abEl Luna Park es Monumento Hist\u00f3rico Nacional desde 2007 por decreto del Poder Ejecutivo y tambi\u00e9n tiene protecci\u00f3n integral por una ley de la Legislatura porte\u00f1a. Modificar su estructura es ilegal, y lo que pretenden hacer es exactamente eso\u00bb, alert\u00f3 Usandivaras en di\u00e1logo con AM 750.<\/p>\n\n\n\n<h3 class=\"wp-block-heading\">Un fallo expr\u00e9s que huele a negociado<\/h3>\n\n\n\n<p>La aprobaci\u00f3n de la demolici\u00f3n del Luna Park se dio en tiempo r\u00e9cord y sin respuestas a los pedidos de informaci\u00f3n realizados por las organizaciones que luchan por la conservaci\u00f3n del patrimonio urbano. \u00abNos enteramos de que lo aprobaron de un d\u00eda para el otro, sin comunicaci\u00f3n previa, sin consulta p\u00fablica, sin que la ciudadan\u00eda pudiera opinar\u00bb, denunci\u00f3 la activista.<\/p>\n\n\n\n<figure class=\"wp-block-embed is-type-wp-embed is-provider-incrustado wp-block-embed-incrustado\"><div class=\"wp-block-embed__wrapper\">\n<blockquote class=\"wp-embedded-content\" data-secret=\"t4Kp9e2bHu\"><a href=\"https:\/\/www.enorsai.com\/noticias\/politica\/el-gobierno-acelera-la-privatizacion-encubierta-del-banco-nacion-lo-convierte-en-sociedad-anonima\/\">El Gobierno acelera la privatizaci\u00f3n encubierta del Banco Naci\u00f3n: lo convierte en Sociedad An\u00f3nima<\/a><\/blockquote><iframe loading=\"lazy\" class=\"wp-embedded-content\" sandbox=\"allow-scripts\" security=\"restricted\" style=\"position: absolute; visibility: hidden;\" title=\"\u00abEl Gobierno acelera la privatizaci\u00f3n encubierta del Banco Naci\u00f3n: lo convierte en Sociedad An\u00f3nima\u00bb \u2014 \" src=\"https:\/\/www.enorsai.com\/noticias\/politica\/el-gobierno-acelera-la-privatizacion-encubierta-del-banco-nacion-lo-convierte-en-sociedad-anonima\/embed\/#?secret=fkALaMtAtH#?secret=t4Kp9e2bHu\" data-secret=\"t4Kp9e2bHu\" width=\"600\" height=\"338\" frameborder=\"0\" marginwidth=\"0\" marginheight=\"0\" scrolling=\"no\"><\/iframe>\n<\/div><\/figure>\n\n\n\n<p>El predio pertenece en parte a la Iglesia Cat\u00f3lica, que lo recibi\u00f3 por donaci\u00f3n de la familia Lectoure, hist\u00f3rica due\u00f1a del estadio. Sin embargo, en este caso, el actor clave en la iniciativa de demolici\u00f3n es el empresario Diego Finkelstain, vinculado a grandes negocios inmobiliarios en la ciudad. \u00abEl Arzobispado no se ha pronunciado, pero el silencio tambi\u00e9n es elocuente\u00bb, advirti\u00f3 Usandivaras, dejando en evidencia la opacidad con la que se est\u00e1 manejando el tema.<\/p>\n\n\n\n<h3 class=\"wp-block-heading\">Un vaciamiento inmobiliario que avanza sin freno<\/h3>\n\n\n\n<p>Este nuevo atropello al patrimonio hist\u00f3rico porte\u00f1o se suma a una larga lista de emprendimientos inmobiliarios que han desfigurado la fisonom\u00eda de la ciudad. Desde Costa Salguero hasta el predio del ex Tiro Federal, el negocio de la construcci\u00f3n de torres de lujo para extranjeros y fondos de inversi\u00f3n sigue avanzando sin control, mientras crece el n\u00famero de edificios vac\u00edos. \u00abEs la mejor v\u00eda para lavar plata. La m\u00e1s c\u00f3moda. Y nadie mete mano en eso\u00bb, denunci\u00f3 Usandivaras. <\/p>\n\n\n\n<figure class=\"wp-block-embed is-type-wp-embed is-provider-incrustado wp-block-embed-incrustado\"><div class=\"wp-block-embed__wrapper\">\n<blockquote class=\"wp-embedded-content\" data-secret=\"9q0rqoBWPa\"><a href=\"https:\/\/www.enorsai.com\/noticias\/politica\/observatorio-del-derecho-a-la-ciudad-ampliacion-de-la-denuncia-penal-contra-javier-y-karina-milei-por-la-megaestafa-cripto-y-por-una-red-de-trafico-de-influencias\/\">Observatorio del Derecho a la Ciudad: ampliaci\u00f3n de la denuncia penal contra Javier y Karina Milei por la Megaestafa Cripto y por una red de tr\u00e1fico de influencias<\/a><\/blockquote><iframe loading=\"lazy\" class=\"wp-embedded-content\" sandbox=\"allow-scripts\" security=\"restricted\" style=\"position: absolute; visibility: hidden;\" title=\"\u00abObservatorio del Derecho a la Ciudad: ampliaci\u00f3n de la denuncia penal contra Javier y Karina Milei por la Megaestafa Cripto y por una red de tr\u00e1fico de influencias\u00bb \u2014 \" src=\"https:\/\/www.enorsai.com\/noticias\/politica\/observatorio-del-derecho-a-la-ciudad-ampliacion-de-la-denuncia-penal-contra-javier-y-karina-milei-por-la-megaestafa-cripto-y-por-una-red-de-trafico-de-influencias\/embed\/#?secret=FI0do9RoGC#?secret=9q0rqoBWPa\" data-secret=\"9q0rqoBWPa\" width=\"600\" height=\"338\" frameborder=\"0\" marginwidth=\"0\" marginheight=\"0\" scrolling=\"no\"><\/iframe>\n<\/div><\/figure>\n\n\n\n<p>El vaciamiento inmobiliario no es exclusivo de Buenos Aires: se replica en Punta del Este, Madrid y otras grandes ciudades, donde las corporaciones constructoras, amparadas por gobiernos c\u00f3mplices, han convertido los centros urbanos en meros refugios de capital especulativo.<\/p>\n\n\n\n<h3 class=\"wp-block-heading\">La memoria colectiva en peligro<\/h3>\n\n\n\n<p>El Luna Park no es solo un estadio. Es el lugar donde velaron a Carlos Gardel, donde el boxeo argentino escribi\u00f3 p\u00e1ginas de gloria, donde generaciones enteras disfrutaron de recitales hist\u00f3ricos y donde, incluso, Juan Domingo Per\u00f3n conoci\u00f3 a Eva Duarte. Cada ladrillo del Luna Park cuenta una historia que ahora pretenden borrar con una maniobra pol\u00edtica disfrazada de modernizaci\u00f3n.<\/p>\n\n\n\n<p>\u00abEs parte de nuestra vida lo que se llevan. Y todo por negocios. No les alcanza con nada\u00bb, lament\u00f3 Usandivaras. La batalla por evitar su demolici\u00f3n reci\u00e9n comienza, pero las cartas parecen estar echadas en favor del dinero y en contra de la memoria colectiva.<\/p>\n\n\n\n<p>Si el Luna Park cae, no solo desaparece un edificio: se destruye un s\u00edmbolo de la identidad porte\u00f1a. Y con \u00e9l, otro pedazo de la historia argentina.<\/p>\n\n\n\n<hr class=\"wp-block-separator has-alpha-channel-opacity\"\/>\n\n\n\n<h3 class=\"wp-block-heading\"><\/h3>\n","protected":false},"excerpt":{"rendered":"<p>\u00abEl hist\u00f3rico #LunaPark est\u00e1 en la mira de la piqueta. El negocio inmobiliario avanza sobre la memoria de #BuenosAires. No permitamos que destruyan nuestra historia. #BastaDeDemoler #PatrimonioEnPeligro\u00bb<\/p>\n","protected":false},"author":4,"featured_media":1767,"comment_status":"open","ping_status":"open","sticky":false,"template":"","format":"standard","meta":{"_monsterinsights_skip_tracking":false,"_monsterinsights_sitenote_active":false,"_monsterinsights_sitenote_note":"","_monsterinsights_sitenote_category":0,"footnotes":"","jetpack_publicize_message":"","jetpack_publicize_feature_enabled":true,"jetpack_social_post_already_shared":true,"jetpack_social_options":{"image_generator_settings":{"template":"highway","default_image_id":0,"font":"","enabled":false},"version":2}},"categories":[4],"tags":[661,662,658,660,659],"class_list":["post-1766","post","type-post","status-publish","format-standard","has-post-thumbnail","hentry","category-sociedad","tag-basta-de-demoler","tag-diego-finkelstain","tag-luna-park-demolicion","tag-negocios-inmobiliarios-argentina","tag-patrimonio-historico-buenos-aires"],"jetpack_publicize_connections":[],"_links":{"self":[{"href":"https:\/\/www.enorsai.com\/noticias\/wp-json\/wp\/v2\/posts\/1766","targetHints":{"allow":["GET"]}}],"collection":[{"href":"https:\/\/www.enorsai.com\/noticias\/wp-json\/wp\/v2\/posts"}],"about":[{"href":"https:\/\/www.enorsai.com\/noticias\/wp-json\/wp\/v2\/types\/post"}],"author":[{"embeddable":true,"href":"https:\/\/www.enorsai.com\/noticias\/wp-json\/wp\/v2\/users\/4"}],"replies":[{"embeddable":true,"href":"https:\/\/www.enorsai.com\/noticias\/wp-json\/wp\/v2\/comments?post=1766"}],"version-history":[{"count":1,"href":"https:\/\/www.enorsai.com\/noticias\/wp-json\/wp\/v2\/posts\/1766\/revisions"}],"predecessor-version":[{"id":1768,"href":"https:\/\/www.enorsai.com\/noticias\/wp-json\/wp\/v2\/posts\/1766\/revisions\/1768"}],"wp:featuredmedia":[{"embeddable":true,"href":"https:\/\/www.enorsai.com\/noticias\/wp-json\/wp\/v2\/media\/1767"}],"wp:attachment":[{"href":"https:\/\/www.enorsai.com\/noticias\/wp-json\/wp\/v2\/media?parent=1766"}],"wp:term":[{"taxonomy":"category","embeddable":true,"href":"https:\/\/www.enorsai.com\/noticias\/wp-json\/wp\/v2\/categories?post=1766"},{"taxonomy":"post_tag","embeddable":true,"href":"https:\/\/www.enorsai.com\/noticias\/wp-json\/wp\/v2\/tags?post=1766"}],"curies":[{"name":"wp","href":"https:\/\/api.w.org\/{rel}","templated":true}]}}