{"id":1755,"date":"2025-02-20T12:59:03","date_gmt":"2025-02-20T15:59:03","guid":{"rendered":"https:\/\/www.enorsai.com\/noticias\/?p=1755"},"modified":"2025-02-20T13:01:24","modified_gmt":"2025-02-20T16:01:24","slug":"el-fracaso-de-milei-lijo-no-llega-a-la-corte-y-el-gobierno-se-queda-sin-estrategia","status":"publish","type":"post","link":"https:\/\/www.enorsai.com\/noticias\/politica\/el-fracaso-de-milei-lijo-no-llega-a-la-corte-y-el-gobierno-se-queda-sin-estrategia\/","title":{"rendered":"El fracaso de Milei: Lijo no llega a la Corte y el Gobierno se queda sin estrategia"},"content":{"rendered":"\n<p><strong><em>El Gobierno de Javier Milei vuelve a tropezar con la misma piedra: la falta de consenso pol\u00edtico. Esta vez, el fracaso fue en el intento de aprobar el pliego del juez federal Ariel Lijo para integrar la Corte Suprema de Justicia de la Naci\u00f3n. Un rev\u00e9s que no solo deja al descubierto la incapacidad del oficialismo para negociar con la oposici\u00f3n, sino que tambi\u00e9n evidencia la improvisaci\u00f3n y la falta de estrategia en la gesti\u00f3n de un tema tan sensible como la conformaci\u00f3n del m\u00e1ximo tribunal del pa\u00eds.<\/em><\/strong><\/p>\n\n\n\n<p>La reuni\u00f3n de labor parlamentaria en el Senado, previa a la sesi\u00f3n en la que se votar\u00e1 la suspensi\u00f3n de las PASO, confirm\u00f3 lo que ya se ven\u00eda anticipando: sin el apoyo del peronismo y los bloques dialoguistas, el oficialismo no ten\u00eda garant\u00edas ni siquiera de conseguir qu\u00f3rum. Menos a\u00fan de alcanzar los dos tercios de los votos necesarios para aprobar la designaci\u00f3n de Lijo. As\u00ed, el Gobierno se qued\u00f3 sin piso y sin tiempo, ya que el per\u00edodo de sesiones extraordinarias est\u00e1 por finalizar.<\/p>\n\n\n\n<p>Pero m\u00e1s all\u00e1 de los n\u00fameros, lo que queda en evidencia es la falta de habilidad pol\u00edtica de un Gobierno que, una vez m\u00e1s, intent\u00f3 imponer su agenda sin construir los puentes necesarios. Desde la Casa Rosada, se hab\u00eda llegado a un principio de acuerdo con algunos sectores dialoguistas para convocar a una segunda sesi\u00f3n este viernes y tratar el pliego de Lijo. Sin embargo, la oposici\u00f3n r\u00e1pidamente desarticul\u00f3 esa posibilidad, argumentando que el oficialismo buscaba desviar el foco del esc\u00e1ndalo del criptogate, que hab\u00eda puesto en jaque la credibilidad del presidente Milei.<\/p>\n\n\n\n<figure class=\"wp-block-embed is-type-wp-embed is-provider-incrustado wp-block-embed-incrustado\"><div class=\"wp-block-embed__wrapper\">\n<blockquote class=\"wp-embedded-content\" data-secret=\"2RWq4w18dQ\"><a href=\"https:\/\/www.enorsai.com\/noticias\/politica\/sergio-palazzo-milei-avanza-sobre-el-banco-nacion-el-plan-de-privatizacion-encubierta-que-desnuda-el-saqueo-financiero\/\">SERGIO PALAZZO Milei avanza sobre el Banco Naci\u00f3n: el plan de privatizaci\u00f3n encubierta que desnuda el saqueo financiero<\/a><\/blockquote><iframe loading=\"lazy\" class=\"wp-embedded-content\" sandbox=\"allow-scripts\" security=\"restricted\" style=\"position: absolute; visibility: hidden;\" title=\"\u00abSERGIO PALAZZO Milei avanza sobre el Banco Naci\u00f3n: el plan de privatizaci\u00f3n encubierta que desnuda el saqueo financiero\u00bb \u2014 \" src=\"https:\/\/www.enorsai.com\/noticias\/politica\/sergio-palazzo-milei-avanza-sobre-el-banco-nacion-el-plan-de-privatizacion-encubierta-que-desnuda-el-saqueo-financiero\/embed\/#?secret=GjozrV5bAE#?secret=2RWq4w18dQ\" data-secret=\"2RWq4w18dQ\" width=\"600\" height=\"338\" frameborder=\"0\" marginwidth=\"0\" marginheight=\"0\" scrolling=\"no\"><\/iframe>\n<\/div><\/figure>\n\n\n\n<p>La figura de Lijo, un juez federal con una trayectoria cuestionada por algunos sectores, termin\u00f3 siendo el escudo perfecto para que la oposici\u00f3n cerrara filas. Desde el peronismo hasta los bloques dialoguistas, todos coincidieron en que no dar\u00edan qu\u00f3rum para tratar su pliego. Y aqu\u00ed hay un dato no menor: la vicepresidenta Victoria Villarruel, titular del Senado, no estuvo presente en la reuni\u00f3n clave porque se encontraba a cargo del Ejecutivo debido al viaje de Milei a Estados Unidos. Su ausencia no hizo m\u00e1s que profundizar la sensaci\u00f3n de descoordinaci\u00f3n y desorden en el oficialismo.<\/p>\n\n\n\n<p>Pero el problema no termina ah\u00ed. La designaci\u00f3n de Lijo no es solo un tema de n\u00fameros en el Senado; es tambi\u00e9n un tema de g\u00e9nero. Cristina Kirchner, l\u00edder indiscutida del peronismo, ha sido clara en su reclamo: la Corte necesita una mujer. Y mientras ese reclamo no sea atendido, el peronismo no mover\u00e1 un \u00e1pice su posici\u00f3n. As\u00ed, Lijo se convierte en una v\u00edctima m\u00e1s de una pulseada pol\u00edtica que trasciende su figura y que tiene como tel\u00f3n de fondo la lucha por el poder en la Argentina.<\/p>\n\n\n\n<p>Ante este panorama, el Gobierno comenz\u00f3 a explorar alternativas. Una de ellas es la designaci\u00f3n por decreto, una opci\u00f3n que Lijo rechaza de plano. El otro candidato propuesto por el oficialismo, el jurista Manuel Garc\u00eda-Mansilla, ni siquiera logr\u00f3 dictamen de comisi\u00f3n, lo que lo deja fuera de carrera. As\u00ed, la Casa Rosada se encuentra en un callej\u00f3n sin salida, con una Corte que funciona con apenas tres miembros (Horacio Rosatti, Ricardo Lorenzetti y Carlos Rosenkrantz) y dos vacantes que no parecen tener soluci\u00f3n a corto plazo.<\/p>\n\n\n\n<figure class=\"wp-block-embed is-type-wp-embed is-provider-incrustado wp-block-embed-incrustado\"><div class=\"wp-block-embed__wrapper\">\n<blockquote class=\"wp-embedded-content\" data-secret=\"8hncWI53ir\"><a href=\"https:\/\/www.enorsai.com\/noticias\/politica\/observatorio-del-derecho-a-la-ciudad-ampliacion-de-la-denuncia-penal-contra-javier-y-karina-milei-por-la-megaestafa-cripto-y-por-una-red-de-trafico-de-influencias\/\">Observatorio del Derecho a la Ciudad: ampliaci\u00f3n de la denuncia penal contra Javier y Karina Milei por la Megaestafa Cripto y por una red de tr\u00e1fico de influencias<\/a><\/blockquote><iframe loading=\"lazy\" class=\"wp-embedded-content\" sandbox=\"allow-scripts\" security=\"restricted\" style=\"position: absolute; visibility: hidden;\" title=\"\u00abObservatorio del Derecho a la Ciudad: ampliaci\u00f3n de la denuncia penal contra Javier y Karina Milei por la Megaestafa Cripto y por una red de tr\u00e1fico de influencias\u00bb \u2014 \" src=\"https:\/\/www.enorsai.com\/noticias\/politica\/observatorio-del-derecho-a-la-ciudad-ampliacion-de-la-denuncia-penal-contra-javier-y-karina-milei-por-la-megaestafa-cripto-y-por-una-red-de-trafico-de-influencias\/embed\/#?secret=ES0nyncPKs#?secret=8hncWI53ir\" data-secret=\"8hncWI53ir\" width=\"600\" height=\"338\" frameborder=\"0\" marginwidth=\"0\" marginheight=\"0\" scrolling=\"no\"><\/iframe>\n<\/div><\/figure>\n\n\n\n<p>El fracaso del pliego de Lijo no es un hecho aislado. Es, en realidad, la punta del iceberg de una gesti\u00f3n que no logra articular su agenda pol\u00edtica. La semana negra del Gobierno, marcada por el esc\u00e1ndalo de la criptomoneda $LIBRA, termin\u00f3 de socavar la credibilidad de un l\u00edder que lleg\u00f3 al poder prometiendo un cambio radical, pero que hoy parece navegar sin rumbo.<\/p>\n\n\n\n<p>En este contexto, la designaci\u00f3n por decreto aparece como un \u00abplan B\u00bb desesperado, pero nadie cree que sea una soluci\u00f3n viable. Jos\u00e9 Mayans, jefe del bloque de Uni\u00f3n por la Patria, ya advirti\u00f3 que la oposici\u00f3n juntar\u00e1 las mayor\u00edas necesarias para voltear cualquier decreto que intente imponer el Gobierno. Y aunque desde el oficialismo insisten en que eso no afectar\u00eda la designaci\u00f3n del ministro de la Corte, lo cierto es que abrir\u00eda un proceso de judicializaci\u00f3n que podr\u00eda terminar afectando los fallos del m\u00e1ximo tribunal.<\/p>\n\n\n\n<p>El fracaso del Gobierno en su intento por aprobar el pliego de Ariel Lijo no es solo un rev\u00e9s pol\u00edtico; es un s\u00edntoma de una gesti\u00f3n que no logra construir consensos ni articular una estrategia clara. Mientras tanto, la Corte Suprema sigue funcionando a media m\u00e1quina, en un pa\u00eds que necesita, m\u00e1s que nunca, instituciones s\u00f3lidas y cre\u00edbles.<\/p>\n\n\n\n<p>En definitiva, lo que queda claro es que, en pol\u00edtica, no basta con tener la raz\u00f3n; hay que saber negociar. Y en eso, el Gobierno de Milei sigue reprobando.<\/p>\n\n\n\n<p>Fuente:<\/p>\n\n\n\n<ul class=\"wp-block-list\">\n<li><a href=\"https:\/\/www.clarin.com\/politica\/gobierno-fracaso-intento-aprobar-pliego-lijo-corte-apela-plan-b_0_S08e862PFt.html\">https:\/\/www.clarin.com\/politica\/gobierno-fracaso-intento-aprobar-pliego-lijo-corte-apela-plan-b_0_S08e862PFt.html<\/a><\/li>\n<\/ul>\n\n\n\n<p><\/p>\n\n\n","protected":false},"excerpt":{"rendered":"<p>El Gobierno de Milei fracas\u00f3 en su intento de aprobar el pliego de Ariel Lijo para la Corte Suprema. Sin apoyo del peronismo ni de los dialoguistas, el oficialismo no consigui\u00f3 qu\u00f3rum. La falta de estrategia y consenso pol\u00edtico deja al descubierto las grietas de una gesti\u00f3n improvisada y sin rumbo.<\/p>\n","protected":false},"author":9,"featured_media":1756,"comment_status":"open","ping_status":"open","sticky":false,"template":"","format":"standard","meta":{"_monsterinsights_skip_tracking":false,"_monsterinsights_sitenote_active":false,"_monsterinsights_sitenote_note":"","_monsterinsights_sitenote_category":0,"footnotes":"","jetpack_publicize_message":"\ud83d\udea8 El Gobierno de Milei no logr\u00f3 aprobar el pliego de Ariel Lijo para la Corte Suprema. Sin apoyo del peronismo ni de los dialoguistas, el oficialismo no consigui\u00f3 siquiera el qu\u00f3rum. \ud83c\udfdb\ufe0f La falta de estrategia y consenso pol\u00edtico deja al descubierto una gesti\u00f3n improvisada y sin rumbo. \ud83d\udca5","jetpack_publicize_feature_enabled":true,"jetpack_social_post_already_shared":false,"jetpack_social_options":{"image_generator_settings":{"template":"highway","enabled":false},"version":2}},"categories":[2],"tags":[646,177,645,45],"class_list":["post-1755","post","type-post","status-publish","format-standard","has-post-thumbnail","hentry","category-politica","tag-cortesuprema","tag-fracaso","tag-lijo","tag-milei"],"jetpack_publicize_connections":[],"_links":{"self":[{"href":"https:\/\/www.enorsai.com\/noticias\/wp-json\/wp\/v2\/posts\/1755","targetHints":{"allow":["GET"]}}],"collection":[{"href":"https:\/\/www.enorsai.com\/noticias\/wp-json\/wp\/v2\/posts"}],"about":[{"href":"https:\/\/www.enorsai.com\/noticias\/wp-json\/wp\/v2\/types\/post"}],"author":[{"embeddable":true,"href":"https:\/\/www.enorsai.com\/noticias\/wp-json\/wp\/v2\/users\/9"}],"replies":[{"embeddable":true,"href":"https:\/\/www.enorsai.com\/noticias\/wp-json\/wp\/v2\/comments?post=1755"}],"version-history":[{"count":1,"href":"https:\/\/www.enorsai.com\/noticias\/wp-json\/wp\/v2\/posts\/1755\/revisions"}],"predecessor-version":[{"id":1757,"href":"https:\/\/www.enorsai.com\/noticias\/wp-json\/wp\/v2\/posts\/1755\/revisions\/1757"}],"wp:featuredmedia":[{"embeddable":true,"href":"https:\/\/www.enorsai.com\/noticias\/wp-json\/wp\/v2\/media\/1756"}],"wp:attachment":[{"href":"https:\/\/www.enorsai.com\/noticias\/wp-json\/wp\/v2\/media?parent=1755"}],"wp:term":[{"taxonomy":"category","embeddable":true,"href":"https:\/\/www.enorsai.com\/noticias\/wp-json\/wp\/v2\/categories?post=1755"},{"taxonomy":"post_tag","embeddable":true,"href":"https:\/\/www.enorsai.com\/noticias\/wp-json\/wp\/v2\/tags?post=1755"}],"curies":[{"name":"wp","href":"https:\/\/api.w.org\/{rel}","templated":true}]}}