{"id":1696,"date":"2025-02-17T05:42:34","date_gmt":"2025-02-17T08:42:34","guid":{"rendered":"http:\/\/www.enorsai.com\/noticias\/?p=1506"},"modified":"2025-02-17T05:42:34","modified_gmt":"2025-02-17T08:42:34","slug":"fuga-en-microcentro-un-nuevo-escape-en-pleno-corazon-de-buenos-aires-expone-la-falta-de-control-en-las-comisarias-portenas","status":"publish","type":"post","link":"https:\/\/www.enorsai.com\/noticias\/sociedad\/fuga-en-microcentro-un-nuevo-escape-en-pleno-corazon-de-buenos-aires-expone-la-falta-de-control-en-las-comisarias-portenas\/","title":{"rendered":"Fuga en Microcentro: Un nuevo escape en pleno coraz\u00f3n de Buenos Aires expone la falta de control en las comisar\u00edas porte\u00f1as"},"content":{"rendered":"\n<p><strong>Wilson Marcelo Ram\u00edrez R\u00edos, detenido por delitos graves, se fug\u00f3 de la Comisar\u00eda 1D en Lavalle 451. Este caso se suma a una seguidilla de escapes que cuestionan la gesti\u00f3n de seguridad del Gobierno de <a href=\"https:\/\/www.enorsai.com\/noticias\/tag\/jorge-macri\/\" data-type=\"post_tag\" data-id=\"354\">Jorge Macri<\/a> y su ministro Waldo Wolff.<\/strong><\/p>\n\n\n\n<p>La Ciudad de Buenos Aires parece haberse convertido en un escenario de pel\u00edcula de acci\u00f3n, donde las fugas de presos ya no sorprenden, sino que indignan. Este domingo, Wilson Marcelo Ram\u00edrez R\u00edos, un detenido por encubrimiento agravado, falsificaci\u00f3n de documentaci\u00f3n p\u00fablica y resistencia a la autoridad, se escap\u00f3 de la Comisar\u00eda 1D, ubicada en Lavalle 451, en pleno Microcentro porte\u00f1o. El hecho no solo evidencia la falta de control en las dependencias policiales, sino que tambi\u00e9n deja al descubierto la incapacidad del Gobierno de Jorge Macri para garantizar la seguridad en la Ciudad.<\/p>\n\n\n\n<p>Ram\u00edrez R\u00edos, de nacionalidad peruana, logr\u00f3 evadirse durante el horario de visitas, alrededor de las 16 horas, en circunstancias que a\u00fan se investigan. Seg\u00fan fuentes policiales, el hombre vest\u00eda una musculosa azul y un pantal\u00f3n negro corto al momento de su escape. La Polic\u00eda de la Ciudad revisa las c\u00e1maras de seguridad para rastrear su paradero, pero la pregunta que todos se hacen es: \u00bfc\u00f3mo es posible que un preso pueda fugarse de una comisar\u00eda en una de las zonas m\u00e1s transitadas y vigiladas de la capital?<\/p>\n\n\n\n<div class=\"wp-block-jetpack-related-posts\">\n<h2 class=\"wp-block-heading\"><\/h2>\n<\/div>\n\n\n\n<p>Este no es un caso aislado. La fuga de Ram\u00edrez R\u00edos se suma a una serie de escapes que han marcado el inicio del 2025. Hace apenas una semana, seis presos se escaparon de la Comisar\u00eda Vecinal 6A de Caballito, entre ellos Eduardo Ajalla Cabrera, acusado de homicidio y a\u00fan pr\u00f3fugo. El 22 de enero, otro intento de fuga fue frustrado en la alcaid\u00eda 8 Bis, donde se descubri\u00f3 que los detenidos intentaban perforar un boquete en una de las celdas. Sin embargo, el 24 de diciembre del a\u00f1o pasado, diecisiete presos lograron huir de la Alcaid\u00eda Comunal 9 en Liniers utilizando el mismo m\u00e9todo.<\/p>\n\n\n\n<p>La seguidilla de fugas ha generado un cruce de acusaciones entre el Gobierno porte\u00f1o y el nacional. Patricia Bullrich, ministra de Seguridad de la Naci\u00f3n, critic\u00f3 la decisi\u00f3n de la Ciudad de frenar la construcci\u00f3n de una alcaid\u00eda en Villa Soldati y record\u00f3 que fue Horacio Rodr\u00edguez Larreta quien paraliz\u00f3 la edificaci\u00f3n de un penal en Marcos Paz, ahora retomado por Jorge Macri. Por su parte, Waldo Wolff, ministro de Seguridad porte\u00f1o, responsabiliz\u00f3 al Gobierno nacional, argumentando que los delitos de robo y hurto no fueron transferidos a la Ciudad y que corresponden al Servicio Penitenciario Federal. \u00abEste Gobierno nacional se tiene que llevar los presos y no se los lleva\u00bb, sentenci\u00f3 Wolff.<\/p>\n\n\n\n<p>Pero las excusas no bastan. La realidad es que las comisar\u00edas porte\u00f1as est\u00e1n colapsadas. Seg\u00fan fuentes del Gobierno de la Ciudad, m\u00e1s del 90% de los detenidos en alcaid\u00edas dependen de causas de la Justicia nacional, que deber\u00edan cumplir su detenci\u00f3n en c\u00e1rceles federales. Sin embargo, desde 2020, el Gobierno nacional dej\u00f3 de cumplir el compromiso de trasladar a estos presos, lo que ha agravado la situaci\u00f3n.<\/p>\n\n\n\n<figure class=\"wp-block-embed is-type-rich is-provider-twitter wp-block-embed-twitter\"><div class=\"wp-block-embed__wrapper\">\n<blockquote class=\"twitter-tweet\" data-width=\"550\" data-dnt=\"true\"><p lang=\"es\" dir=\"ltr\">\u00a1El 3 de febrero EnOrsai lo anticip\u00f3!<br>El cuento del t\u00edo: El presidente Milei se reuni\u00f3 con un supuesto experto en blockchain e IA, pero su identidad y credenciales son un misterio<a href=\"https:\/\/t.co\/fqJxGgfPd3\">https:\/\/t.co\/fqJxGgfPd3<\/a> <a href=\"https:\/\/t.co\/gjA7g61JOP\">pic.twitter.com\/gjA7g61JOP<\/a><\/p>&mdash; En Orsai (@EnOrsai) <a href=\"https:\/\/twitter.com\/EnOrsai\/status\/1891304187817766974?ref_src=twsrc%5Etfw\">February 17, 2025<\/a><\/blockquote><script async src=\"https:\/\/platform.twitter.com\/widgets.js\" charset=\"utf-8\"><\/script>\n<\/div><\/figure>\n\n\n\n<p>La falta de espacio y las condiciones precarias en las comisar\u00edas no solo facilitan las fugas, sino que tambi\u00e9n violan los derechos b\u00e1sicos de los detenidos. En junio de 2020, el Ministerio P\u00fablico de la Defensa de la Ciudad present\u00f3 un habeas corpus colectivo denunciando estas condiciones. Aunque se orden\u00f3 la creaci\u00f3n de una \u00abMesa de Aproximaci\u00f3n\u00bb para desalojar las comisar\u00edas, las medidas han sido insuficientes.<\/p>\n\n\n\n<p>Mientras tanto, el Gobierno de Jorge Macri anuncia inversiones r\u00e9cord en seguridad, con m\u00e1s patrulleros, c\u00e1maras y equipamiento. Pero, \u00bfde qu\u00e9 sirve todo esto si no se resuelve el problema de fondo? Las fugas no son solo un fracaso operativo, sino un reflejo de la descoordinaci\u00f3n y la falta de planificaci\u00f3n entre las autoridades.<\/p>\n\n\n\n<p>La ciudadan\u00eda est\u00e1 cansada de ver c\u00f3mo los delincuentes burlan a las fuerzas de seguridad una y otra vez. Las fugas no solo ponen en riesgo la seguridad p\u00fablica, sino que tambi\u00e9n erosionan la confianza en las instituciones. Es hora de que el Gobierno de Jorge Macri deje de culpar a otros y asuma su responsabilidad. La seguridad no se construye con discursos, sino con acciones concretas.<\/p>\n\n\n\n<p>Fuentes:<\/p>\n\n\n\n<ul class=\"wp-block-list\">\n<li><a href=\"https:\/\/www.pagina12.com.ar\/804441-otro-dia-otra-fuga-el-insolito-nuevo-clasico-porteno\">https:\/\/www.pagina12.com.ar\/804441-otro-dia-otra-fuga-el-insolito-nuevo-clasico-porteno<\/a><\/li>\n\n\n\n<li><a href=\"https:\/\/www.perfil.com\/noticias\/policia\/nueva-fuga-en-una-carcel-portena-se-escapo-un-preso-de-una-comisaria-en-microcentro.phtml\">https:\/\/www.perfil.com\/noticias\/policia\/nueva-fuga-en-una-carcel-portena-se-escapo-un-preso-de-una-comisaria-en-microcentro.phtml<\/a><\/li>\n\n\n\n<li><a href=\"https:\/\/www.ambito.com\/informacion-general\/nueva-fuga-una-comisaria-ciudad-un-preso-se-escapo-una-alcaidia-microcentro-n6114144\">https:\/\/www.ambito.com\/informacion-general\/nueva-fuga-una-comisaria-ciudad-un-preso-se-escapo-una-alcaidia-microcentro-n6114144<\/a><\/li>\n<\/ul>\n\n\n","protected":false},"excerpt":{"rendered":"<p>Wilson Marcelo Ram\u00edrez R\u00edos se fug\u00f3 de la Comisar\u00eda 1D en Microcentro, sum\u00e1ndose a una seguidilla de escapes que cuestionan la gesti\u00f3n de seguridad del Gobierno de Milei. Las comisar\u00edas colapsadas y la falta de coordinaci\u00f3n entre autoridades exponen una crisis carcelaria que no puede seguir ignor\u00e1ndose.<\/p>\n","protected":false},"author":2,"featured_media":1508,"comment_status":"open","ping_status":"open","sticky":false,"template":"","format":"standard","meta":{"_monsterinsights_skip_tracking":false,"_monsterinsights_sitenote_active":false,"_monsterinsights_sitenote_note":"","_monsterinsights_sitenote_category":0,"footnotes":"","jetpack_publicize_message":"","jetpack_publicize_feature_enabled":true,"jetpack_social_post_already_shared":true,"jetpack_social_options":{"image_generator_settings":{"template":"highway","default_image_id":0,"font":"","enabled":false},"version":2}},"categories":[4],"tags":[585,586,355,354,45,86],"class_list":["post-1696","post","type-post","status-publish","format-standard","has-post-thumbnail","hentry","category-sociedad","tag-caba","tag-comisaria","tag-fuga","tag-jorge-macri","tag-milei","tag-seguridad"],"jetpack_publicize_connections":[],"_links":{"self":[{"href":"https:\/\/www.enorsai.com\/noticias\/wp-json\/wp\/v2\/posts\/1696","targetHints":{"allow":["GET"]}}],"collection":[{"href":"https:\/\/www.enorsai.com\/noticias\/wp-json\/wp\/v2\/posts"}],"about":[{"href":"https:\/\/www.enorsai.com\/noticias\/wp-json\/wp\/v2\/types\/post"}],"author":[{"embeddable":true,"href":"https:\/\/www.enorsai.com\/noticias\/wp-json\/wp\/v2\/users\/2"}],"replies":[{"embeddable":true,"href":"https:\/\/www.enorsai.com\/noticias\/wp-json\/wp\/v2\/comments?post=1696"}],"version-history":[{"count":0,"href":"https:\/\/www.enorsai.com\/noticias\/wp-json\/wp\/v2\/posts\/1696\/revisions"}],"wp:featuredmedia":[{"embeddable":true,"href":"https:\/\/www.enorsai.com\/noticias\/wp-json\/wp\/v2\/posts\/1508"}],"wp:attachment":[{"href":"https:\/\/www.enorsai.com\/noticias\/wp-json\/wp\/v2\/media?parent=1696"}],"wp:term":[{"taxonomy":"category","embeddable":true,"href":"https:\/\/www.enorsai.com\/noticias\/wp-json\/wp\/v2\/categories?post=1696"},{"taxonomy":"post_tag","embeddable":true,"href":"https:\/\/www.enorsai.com\/noticias\/wp-json\/wp\/v2\/tags?post=1696"}],"curies":[{"name":"wp","href":"https:\/\/api.w.org\/{rel}","templated":true}]}}