{"id":1676,"date":"2025-02-19T06:38:35","date_gmt":"2025-02-19T09:38:35","guid":{"rendered":"http:\/\/www.enorsai.com\/noticias\/?p=1676"},"modified":"2025-02-19T06:38:35","modified_gmt":"2025-02-19T09:38:35","slug":"milei-blinda-a-las-fuerzas-armadas-con-aumentos-mientras-en-medio-del-escandalo-por-las-criptomonedas","status":"publish","type":"post","link":"https:\/\/www.enorsai.com\/noticias\/sociedad\/milei-blinda-a-las-fuerzas-armadas-con-aumentos-mientras-en-medio-del-escandalo-por-las-criptomonedas\/","title":{"rendered":"Milei blinda a las Fuerzas Armadas con aumentos mientras en medio del esc\u00e1ndalo por las criptomonedas"},"content":{"rendered":"\n<p>En plena tormenta pol\u00edtica por la criptoestafa libertaria, el gobierno otorga un generoso aumento salarial al personal militar y a la Polic\u00eda Naval, asegurando su lealtad mientras el ajuste golpea a trabajadores y jubilados. De esta manera el Ejecutivo de Javier Milei, acorralado por el esc\u00e1ndalo de corrupci\u00f3n que sacude a su administraci\u00f3n, oficializ\u00f3 un incremento escalonado en los sueldos de las Fuerzas Armadas. Mientras tanto, la inflaci\u00f3n devora los salarios del resto de los trabajadores y la desinversi\u00f3n en \u00e1reas clave avanza a paso firme.<\/p>\n\n\n\n<p>(Por Nicol\u00e1s Valdez) En un contexto de profunda crisis pol\u00edtica y econ\u00f3mica, con una inflaci\u00f3n desbocada y protestas que crecen d\u00eda a d\u00eda, el gobierno de Javier Milei ha tomado una decisi\u00f3n reveladora: fortalecer los ingresos de las Fuerzas Armadas y la Polic\u00eda de Establecimientos Navales. Mientras el ajuste feroz desfinancia \u00e1reas sensibles como la educaci\u00f3n, la salud y la asistencia social, la administraci\u00f3n libertaria prioriza la recomposici\u00f3n salarial de la estructura militar, consolidando as\u00ed su respaldo en un momento de m\u00e1xima debilidad.<\/p>\n\n\n\n<p>La Resoluci\u00f3n 11\/2025, publicada en el Bolet\u00edn Oficial este 18 de febrero, establece una nueva escala de haberes para el personal castrense. Seg\u00fan el documento, el incremento comenzar\u00e1 a regir desde marzo de 2025 y beneficiar\u00e1 a todas las jerarqu\u00edas de la estructura militar, desde los altos mandos hasta los suboficiales y voluntarios de menor rango. El costo de esta actualizaci\u00f3n salarial ser\u00e1 absorbido por el presupuesto del Ministerio de Defensa, un \u00e1rea que, a diferencia de otras, parece estar exenta del ajuste despiadado impuesto por la administraci\u00f3n libertaria.<\/p>\n\n\n\n<p>El anuncio no es casual. El gobierno enfrenta su mayor crisis pol\u00edtica desde que asumi\u00f3, con el esc\u00e1ndalo de la criptoestafa libertaria en el centro de la escena. En este contexto, la decisi\u00f3n de garantizar un incremento salarial a las Fuerzas Armadas y a la Polic\u00eda Naval se interpreta como una estrategia para blindar su respaldo en caso de un agravamiento del descontento social. A diferencia de docentes, m\u00e9dicos y empleados estatales, que ven licuados sus ingresos y sufren despidos masivos, los uniformados son premiados con mejoras salariales que los alinean con la estrategia de consolidaci\u00f3n del poder de Milei.<\/p>\n\n\n<ul class=\"wp-block-latest-posts__list is-grid columns-3 wp-block-latest-posts\"><li><a class=\"wp-block-latest-posts__post-title\" href=\"https:\/\/www.enorsai.com\/noticias\/politica\/milei-lo-hizo-hay-desabastecimiento-de-gas-y-limitan-la-venta-de-gnc\/\">Milei lo hizo: hay desabastecimiento de gas y limitan la venta de GNC<\/a><\/li>\n<li><a class=\"wp-block-latest-posts__post-title\" href=\"https:\/\/www.enorsai.com\/noticias\/sociedad\/salud\/kicillof-refuerza-la-entrega-de-medicamentos-ante-el-ajuste-de-milei\/\">Kicillof refuerza la entrega de medicamentos ante el ajuste de Milei<\/a><\/li>\n<li><a class=\"wp-block-latest-posts__post-title\" href=\"https:\/\/www.enorsai.com\/noticias\/economia\/la-cantidad-de-locales-vacios-crecio-385-en-la-ciudad-de-buenos-aires\/\">La cantidad de locales vac\u00edos creci\u00f3 38,5% en la Ciudad de Buenos Aires<\/a><\/li>\n<li><a class=\"wp-block-latest-posts__post-title\" href=\"https:\/\/www.enorsai.com\/noticias\/politica\/caso-libra-investigan-si-un-operador-privado-controlaba-posteos-del-presidente-milei\/\">Caso $LIBRA: investigan si un operador privado controlaba posteos del presidente Milei<\/a><\/li>\n<li><a class=\"wp-block-latest-posts__post-title\" href=\"https:\/\/www.enorsai.com\/noticias\/politica\/milei-expulsa-a-toda-la-prensa-de-la-casa-rosada-y-restringe-la-libertad-de-informacion\/\">Milei expulsa a toda la prensa de la Casa Rosada y restringe la libertad de informaci\u00f3n<\/a><\/li>\n<\/ul>\n\n\n<h3 class=\"wp-block-heading\"><strong>Aumento selectivo: \u00bfreconocimiento o disciplina?<\/strong><\/h3>\n\n\n\n<p>La justificaci\u00f3n oficial para este aumento es la necesidad de \u201creconocer la capacidad, responsabilidad y dedicaci\u00f3n\u201d del personal militar. Sin embargo, la medida no es inocente. En medio de la crisis, Milei apuesta a asegurar la lealtad de los sectores que podr\u00edan jugar un rol clave en eventuales escenarios de conflictividad social. Mientras se desfinancian programas esenciales y el poder adquisitivo de la poblaci\u00f3n se pulveriza, el gobierno eleva los haberes de los altos mandos militares a cifras que superan los dos millones de pesos mensuales.<\/p>\n\n\n\n<p>La decisi\u00f3n contrasta con la realidad del resto de los trabajadores del pa\u00eds. En diciembre de 2024, los salarios registrados aumentaron apenas un 2,4%, quedando muy por debajo de la inflaci\u00f3n mensual, lo que supuso una p\u00e9rdida de poder adquisitivo significativa. En este contexto, el gobierno de Milei sigue adelante con su plan de ajuste estructural, que incluye la eliminaci\u00f3n de subsidios, el congelamiento de salarios en el sector p\u00fablico y el recorte de transferencias a las provincias.<\/p>\n\n\n\n<p>En este marco, el contraste es innegable: mientras el ajuste cae sobre la educaci\u00f3n p\u00fablica, la ciencia, la salud y las jubilaciones, el gobierno refuerza econ\u00f3micamente a las fuerzas de seguridad. Este esquema, lejos de ser una coincidencia, responde a una l\u00f3gica clara: garantizar un aparato represivo bien remunerado en previsi\u00f3n de posibles estallidos sociales.<\/p>\n\n\n\n<div class=\"wp-block-jetpack-related-posts\">\n<h2 class=\"wp-block-heading\"><\/h2>\n<\/div>\n\n\n\n<h3 class=\"wp-block-heading\"><strong>La crisis pol\u00edtica y el control militar<\/strong><\/h3>\n\n\n\n<p>El estallido del esc\u00e1ndalo de la criptoestafa libertaria ha puesto contra las cuerdas al gobierno de Milei. Las revelaciones sobre las conexiones de su entorno con maniobras financieras turbias han generado un cimbronazo que amenaza con desestabilizar a\u00fan m\u00e1s una administraci\u00f3n ya fr\u00e1gil. Frente a este panorama, la estrategia oficial parece ser clara: blindarse a trav\u00e9s del aparato militar y garantizarse su lealtad.<\/p>\n\n\n\n<p>No es la primera vez que un gobierno en crisis recurre a este tipo de estrategias. A lo largo de la historia argentina, los momentos de mayor convulsi\u00f3n pol\u00edtica han estado acompa\u00f1ados por decisiones similares, donde el Ejecutivo, en lugar de responder a las demandas populares, refuerza sus lazos con las fuerzas de seguridad. Este tipo de medidas han demostrado ser temporales: pueden contener el conflicto en el corto plazo, pero no resuelven el malestar social que se profundiza con cada nueva ola de ajuste.<\/p>\n\n\n\n<p>La pregunta inevitable es: \u00bfcu\u00e1nto tiempo podr\u00e1 sostenerse esta estrategia? Con una econom\u00eda en ca\u00edda libre, un aumento constante de la pobreza y la falta de soluciones reales para las mayor\u00edas, la apuesta de Milei por blindarse con las Fuerzas Armadas podr\u00eda terminar volvi\u00e9ndose en su contra. A la larga, la realidad social y econ\u00f3mica siempre termina imponi\u00e9ndose, y ni siquiera los incrementos salariales selectivos podr\u00e1n contener el creciente descontento de un pueblo que ve c\u00f3mo su calidad de vida se deteriora d\u00eda a d\u00eda.<\/p>\n\n\n\n<h3 class=\"wp-block-heading\"><strong>El ajuste es para todos, menos para los militares<\/strong><\/h3>\n\n\n\n<p>El gobierno de Javier Milei ha dejado en claro sus prioridades: mientras desfinancia la educaci\u00f3n, la salud y el bienestar de la mayor\u00eda de los argentinos, destina recursos para aumentar los sueldos de las Fuerzas Armadas y la Polic\u00eda Naval. En un contexto de creciente conflictividad social y con un esc\u00e1ndalo de corrupci\u00f3n que amenaza con hacer tambalear su administraci\u00f3n, la estrategia es evidente: garantizar el respaldo del aparato represivo como seguro ante un eventual estallido popular.<\/p>\n\n\n\n<p>Sin embargo, la historia argentina demuestra que la represi\u00f3n y el control militar nunca han sido una soluci\u00f3n sostenible para las crisis econ\u00f3micas y pol\u00edticas. Mientras Milei ajusta al pueblo y fortalece a los militares, la pregunta sigue en el aire: \u00bfhasta cu\u00e1ndo podr\u00e1 sostenerse este modelo sin que la indignaci\u00f3n social desborde cualquier intento de control?<\/p>\n\n\n\n<p>Fuentes:<\/p>\n\n\n\n<ul class=\"wp-block-list\">\n<li><a href=\"https:\/\/www.infogremiales.com.ar\/en-medio-del-escandalo-por-la-criptoestafa-el-gobierno-confirmo-aumentos-de-sueldo-para-las-fuerzas-armadas-y-la-policia-naval\/\">https:\/\/www.infogremiales.com.ar\/en-medio-del-escandalo-por-la-criptoestafa-el-gobierno-confirmo-aumentos-de-sueldo-para-las-fuerzas-armadas-y-la-policia-naval\/<\/a><\/li>\n\n\n\n<li><a href=\"https:\/\/www.ambito.com\/economia\/salarios-el-gobierno-confirmo-aumento-sueldo-las-fuerzas-armadas-y-la-policia-naval-n6114635\">https:\/\/www.ambito.com\/economia\/salarios-el-gobierno-confirmo-aumento-sueldo-las-fuerzas-armadas-y-la-policia-naval-n6114635<\/a><\/li>\n\n\n\n<li><a href=\"https:\/\/www.c5n.com\/politica\/el-gobierno-confirmo-un-aumento-sueldo-las-fuerzas-armadas-y-policia-naval-n191286\">https:\/\/www.c5n.com\/politica\/el-gobierno-confirmo-un-aumento-sueldo-las-fuerzas-armadas-y-policia-naval-n191286<\/a><\/li>\n<\/ul>\n\n\n\n<p><\/p>\n\n\n","protected":false},"excerpt":{"rendered":"<p>El gobierno de Javier Milei enfrenta cr\u00edticas por su gesti\u00f3n econ\u00f3mica y social, mientras avanza con medidas de ajuste que golpean a trabajadores y sectores vulnerables. Su alineaci\u00f3n con el poder financiero y la represi\u00f3n de la protesta social generan un creciente rechazo, evidenciando un modelo de pa\u00eds excluyente y autoritario.<\/p>\n","protected":false},"author":11,"featured_media":1677,"comment_status":"open","ping_status":"open","sticky":false,"template":"","format":"standard","meta":{"_monsterinsights_skip_tracking":false,"_monsterinsights_sitenote_active":false,"_monsterinsights_sitenote_note":"","_monsterinsights_sitenote_category":0,"footnotes":"","jetpack_publicize_message":"\ud83c\udde6\ud83c\uddf7\ud83d\udcb0 Mientras Milei sigue favoreciendo a los grandes grupos financieros, el ajuste lo paga el pueblo. Salarios a la baja, represi\u00f3n a la protesta y un modelo de pa\u00eds cada vez m\u00e1s excluyente. \u00bfHasta cu\u00e1ndo? \ud83d\udcc9\ud83d\udd25 #Crisis #Ajuste #Milei #Represi\u00f3n #Argentina","jetpack_publicize_feature_enabled":true,"jetpack_social_post_already_shared":false,"jetpack_social_options":{"image_generator_settings":{"template":"highway","enabled":false},"version":2}},"categories":[4],"tags":[58,43,15,45,365],"class_list":["post-1676","post","type-post","status-publish","format-standard","has-post-thumbnail","hentry","category-sociedad","tag-ajuste","tag-crisis","tag-economia","tag-milei","tag-represion"],"jetpack_publicize_connections":[],"_links":{"self":[{"href":"https:\/\/www.enorsai.com\/noticias\/wp-json\/wp\/v2\/posts\/1676","targetHints":{"allow":["GET"]}}],"collection":[{"href":"https:\/\/www.enorsai.com\/noticias\/wp-json\/wp\/v2\/posts"}],"about":[{"href":"https:\/\/www.enorsai.com\/noticias\/wp-json\/wp\/v2\/types\/post"}],"author":[{"embeddable":true,"href":"https:\/\/www.enorsai.com\/noticias\/wp-json\/wp\/v2\/users\/11"}],"replies":[{"embeddable":true,"href":"https:\/\/www.enorsai.com\/noticias\/wp-json\/wp\/v2\/comments?post=1676"}],"version-history":[{"count":0,"href":"https:\/\/www.enorsai.com\/noticias\/wp-json\/wp\/v2\/posts\/1676\/revisions"}],"wp:featuredmedia":[{"embeddable":true,"href":"https:\/\/www.enorsai.com\/noticias\/wp-json\/"}],"wp:attachment":[{"href":"https:\/\/www.enorsai.com\/noticias\/wp-json\/wp\/v2\/media?parent=1676"}],"wp:term":[{"taxonomy":"category","embeddable":true,"href":"https:\/\/www.enorsai.com\/noticias\/wp-json\/wp\/v2\/categories?post=1676"},{"taxonomy":"post_tag","embeddable":true,"href":"https:\/\/www.enorsai.com\/noticias\/wp-json\/wp\/v2\/tags?post=1676"}],"curies":[{"name":"wp","href":"https:\/\/api.w.org\/{rel}","templated":true}]}}