{"id":1670,"date":"2025-02-18T20:33:10","date_gmt":"2025-02-18T23:33:10","guid":{"rendered":"https:\/\/www.enorsai.com\/noticias\/politica\/el-escandalo-de-libra-el-nexo-oculto-entre-milei-y-hayden-davis\/"},"modified":"2025-07-20T06:36:05","modified_gmt":"2025-07-20T09:36:05","slug":"el-escandalo-de-libra-el-nexo-oculto-entre-milei-y-hayden-davis","status":"publish","type":"post","link":"https:\/\/www.enorsai.com\/noticias\/politica\/el-escandalo-de-libra-el-nexo-oculto-entre-milei-y-hayden-davis\/","title":{"rendered":"El esc\u00e1ndalo de $LIBRA: el nexo oculto entre Milei y Hayden Davis"},"content":{"rendered":"\n<p>El gobierno de Javier Milei enfrenta una nueva tormenta pol\u00edtica tras revelarse que sus colaboradores mantuvieron negociaciones secretas con Hayden Mark Davis, el responsable de la fracasada criptomoneda $LIBRA. Mientras el esc\u00e1ndalo crece y la justicia investiga posibles delitos, la Casa Rosada maniobra para blindar al Presidente y contener el da\u00f1o.<br><\/p>\n\n\n\n<p><br><strong>Un encuentro explosivo<\/strong><br><br>El 30 de enero pasado, el presidente Javier Milei recibi\u00f3 en la Casa Rosada a Hayden Mark Davis. En ese momento, el esc\u00e1ndalo por la fallida \u00abmemecoin\u00bb $LIBRA todav\u00eda no hab\u00eda estallado, pero el nexo entre el trader estadounidense y el gobierno libertario ya estaba en marcha. Sin embargo, en las \u00faltimas 48 horas, se confirm\u00f3 que el contacto entre el entorno de Milei y Davis no solo continu\u00f3, sino que incluy\u00f3 compromisos y estrategias para minimizar el impacto p\u00fablico del caso.<br><br>Fuentes cercanas a las negociaciones confirmaron que la Casa Rosada asegur\u00f3 a Davis que Milei no lo se\u00f1alar\u00eda como responsable de ninguna irregularidad en su entrevista televisiva del lunes por la noche. A su vez, le comunicaron que un emisario del gobierno viajar\u00eda esta misma semana para reunirse con \u00e9l.<\/p>\n\n\n<ul class=\"wp-block-latest-posts__list wp-block-latest-posts\"><li><a class=\"wp-block-latest-posts__post-title\" href=\"https:\/\/www.enorsai.com\/noticias\/politica\/derrumbe-total-mas-del-70-de-los-argentinos-rechaza-a-milei-y-su-casta\/\">Derrumbe total: m\u00e1s del 70% de los argentinos rechaza a Milei y su casta<\/a><\/li>\n<\/ul>\n\n\n<p><br><strong>Davis, el alfil del gobierno en la sombra<\/strong><br><br>Desde el momento en que explot\u00f3 el esc\u00e1ndalo de $LIBRA, Davis ha intentado mantener un perfil bajo. Sin embargo, en una entrevista con el empresario Dave Portnoy, revel\u00f3 detalles que comprometen al gobierno de Milei. Seg\u00fan Davis, ya sab\u00eda de antemano que el Presidente conceder\u00eda una entrevista para aclarar el caso y desligarlo de cualquier responsabilidad.<br><br>M\u00e1s preocupante a\u00fan, Davis asegur\u00f3 que el gobierno le orden\u00f3 no conceder m\u00e1s entrevistas a la prensa, una maniobra que sugiere un intento de controlar la narrativa y evitar que nuevos datos salgan a la luz. Adem\u00e1s, seg\u00fan sus propias palabras, ten\u00eda una conversaci\u00f3n pendiente con el vocero presidencial, Manuel Adorni, y con un emisario cercano a Milei que viajar\u00eda para verlo en los pr\u00f3ximos d\u00edas.<\/p>\n\n\n\n<p><br><br><strong>Investigaciones en Argentina y Estados Unidos<\/strong><br><br>El esc\u00e1ndalo no solo est\u00e1 bajo la lupa de la justicia argentina, sino que tambi\u00e9n podr\u00eda generar consecuencias legales en Estados Unidos. En Argentina, la jueza federal Mar\u00eda Servini lleva adelante una investigaci\u00f3n que podr\u00eda involucrar delitos como negociaciones incompatibles con la funci\u00f3n p\u00fablica y tr\u00e1fico de influencias. Por su parte, en EE.UU., la Comisi\u00f3n de Valores (SEC) y el FBI podr\u00edan tomar cartas en el asunto, lo que ampliar\u00eda el espectro de responsabilidad m\u00e1s all\u00e1 de las fronteras argentinas.<br><br>Davis, por su parte, ya contrat\u00f3 a la abogada Yanina Nicoletti, especialista en delitos econ\u00f3micos y \u00abcuello blanco\u00bb. La estrategia de su defensa parece apuntar a despegarlo de Milei y a trasladar la responsabilidad hacia el propio gobierno argentino.<\/p>\n\n\n\n<p><br><br><strong>La filtraci\u00f3n que lo cambia todo<\/strong><br><br>El intento de control de da\u00f1os por parte del gobierno sufri\u00f3 un rev\u00e9s cuando se filtr\u00f3 una captura de pantalla de una conversaci\u00f3n entre el periodista Hugo Alconada Mon y Hayden Davis. La imagen, difundida en redes sociales por cuentas afines al gobierno, muestra un mensaje en el que se discut\u00eda la posibilidad de una entrevista con Davis tras la aparici\u00f3n de Milei en TN. Curiosamente, esta filtraci\u00f3n expuso la comunicaci\u00f3n directa y reciente entre Davis y el oficialismo, sumando un nuevo elemento a la ya compleja trama.<br><\/p>\n\n\n\n<p><br><strong>Un esc\u00e1ndalo sin final a la vista<\/strong><br><br>El caso $LIBRA se ha convertido en un torbellino de sospechas y maniobras pol\u00edticas. La estrategia del gobierno parece centrarse en proteger a Milei a cualquier costo, pero las filtraciones y la atenci\u00f3n internacional podr\u00edan hacer que esta crisis se convierta en un problema a\u00fan mayor. Mientras tanto, la justicia avanza y las sombras sobre el nexo entre el Presidente y Hayden Davis contin\u00faan creciendo. \u00bfSer\u00e1 este el primer gran esc\u00e1ndalo financiero que golpee al gobierno libertario? El tiempo lo dir\u00e1.<\/p>\n\n\n\n<p>Fuente:<\/p>\n\n\n\n<ul class=\"wp-block-list\">\n<li>https:\/\/www.lanacion.com.ar\/politica\/hayden-davis-el-cerebro-detras-de-libra-mantiene-el-contacto-abierto-con-el-gobierno-de-milei-nid18022025\/<\/li>\n<\/ul>\n\n\n\n<p><\/p>\n\n\n\n<p><\/p>\n","protected":false},"excerpt":{"rendered":"<p>El gobierno de Javier Milei enfrenta una nueva tormenta pol\u00edtica tras revelarse que sus colaboradores mantuvieron negociaciones secretas con Hayden Mark Davis, el responsable de la fracasada criptomoneda $LIBRA. Mientras el esc\u00e1ndalo crece y la justicia investiga posibles delitos, la Casa Rosada maniobra para blindar al Presidente y contener el da\u00f1o. Un encuentro explosivo El&#8230;<\/p>\n","protected":false},"author":1,"featured_media":1669,"comment_status":"open","ping_status":"open","sticky":false,"template":"","format":"standard","meta":{"_monsterinsights_skip_tracking":false,"_monsterinsights_sitenote_active":false,"_monsterinsights_sitenote_note":"","_monsterinsights_sitenote_category":0,"footnotes":"","jetpack_publicize_message":"","jetpack_publicize_feature_enabled":true,"jetpack_social_post_already_shared":true,"jetpack_social_options":{"image_generator_settings":{"template":"highway","default_image_id":0,"font":"","enabled":false},"version":2}},"categories":[1956,2],"tags":[],"class_list":["post-1670","post","type-post","status-publish","format-standard","has-post-thumbnail","hentry","category-libra","category-politica"],"jetpack_publicize_connections":[],"_links":{"self":[{"href":"https:\/\/www.enorsai.com\/noticias\/wp-json\/wp\/v2\/posts\/1670","targetHints":{"allow":["GET"]}}],"collection":[{"href":"https:\/\/www.enorsai.com\/noticias\/wp-json\/wp\/v2\/posts"}],"about":[{"href":"https:\/\/www.enorsai.com\/noticias\/wp-json\/wp\/v2\/types\/post"}],"author":[{"embeddable":true,"href":"https:\/\/www.enorsai.com\/noticias\/wp-json\/wp\/v2\/users\/1"}],"replies":[{"embeddable":true,"href":"https:\/\/www.enorsai.com\/noticias\/wp-json\/wp\/v2\/comments?post=1670"}],"version-history":[{"count":1,"href":"https:\/\/www.enorsai.com\/noticias\/wp-json\/wp\/v2\/posts\/1670\/revisions"}],"predecessor-version":[{"id":6472,"href":"https:\/\/www.enorsai.com\/noticias\/wp-json\/wp\/v2\/posts\/1670\/revisions\/6472"}],"wp:featuredmedia":[{"embeddable":true,"href":"https:\/\/www.enorsai.com\/noticias\/wp-json\/"}],"wp:attachment":[{"href":"https:\/\/www.enorsai.com\/noticias\/wp-json\/wp\/v2\/media?parent=1670"}],"wp:term":[{"taxonomy":"category","embeddable":true,"href":"https:\/\/www.enorsai.com\/noticias\/wp-json\/wp\/v2\/categories?post=1670"},{"taxonomy":"post_tag","embeddable":true,"href":"https:\/\/www.enorsai.com\/noticias\/wp-json\/wp\/v2\/tags?post=1670"}],"curies":[{"name":"wp","href":"https:\/\/api.w.org\/{rel}","templated":true}]}}