{"id":1666,"date":"2025-02-18T19:58:44","date_gmt":"2025-02-18T22:58:44","guid":{"rendered":"https:\/\/www.enorsai.com\/noticias\/?p=1666"},"modified":"2025-02-18T19:58:44","modified_gmt":"2025-02-18T22:58:44","slug":"macri-esta-feliz-entre-la-traicion-calculada-y-la-amenaza-velada","status":"publish","type":"post","link":"https:\/\/www.enorsai.com\/noticias\/politica\/macri-esta-feliz-entre-la-traicion-calculada-y-la-amenaza-velada\/","title":{"rendered":"Macri est\u00e1 feliz: entre la traici\u00f3n calculada y la amenaza velada"},"content":{"rendered":"\n<p><\/p>\n\n\n\n<p>Mauricio Macri sonr\u00ede. No es la sonrisa de la victoria, sino la de quien sabe que tiene la daga bien afilada y est\u00e1 esperando el momento exacto para hundirla. La tormenta del esc\u00e1ndalo Libra golpe\u00f3 al gobierno de Javier Milei y Macri, desde su c\u00f3moda butaca de observador privilegiado, mueve sus fichas con la frialdad de un ajedrecista. No se apura, no se desespera. Sabe que en pol\u00edtica, la venganza es un plato que se sirve fr\u00edo.<\/p>\n\n\n\n<p>En los \u00faltimos d\u00edas, el ex presidente pas\u00f3 de un bajo perfil calculado a una intervenci\u00f3n quir\u00fargica en la crisis que sacude a la Casa Rosada. Desde la Bolsa de Comercio de Rosario, dispar\u00f3 una frase que son\u00f3 como un mazazo para el oficialismo: \u00abLamentablemente, lo que hemos visto es un presidente descuidado y mal rodeado\u00bb. No dud\u00f3 en apuntar contra el entorno de Milei, se\u00f1al\u00f3 que \u00abesto amerita una investigaci\u00f3n seria\u00bb y hasta dej\u00f3 caer una amenaza velada: \u00abPrefiero que primero sepamos aqu\u00ed qu\u00e9 pas\u00f3 antes de <a href=\"https:\/\/www.enorsai.com\/noticias\/sociedad\/la-estafa-del-siglo-la-investigacion-en-ee-uu-que-pone-a-milei-en-la-mira-del-fbi\/\">que nos lo diga la<strong> SEC o el FBI\u00bb. <\/strong><\/a> <\/p>\n\n\n\n<figure class=\"wp-block-embed is-type-wp-embed is-provider-incrustado wp-block-embed-incrustado\"><div class=\"wp-block-embed__wrapper\">\n<blockquote class=\"wp-embedded-content\" data-secret=\"k0eyjiZkhu\"><a href=\"https:\/\/www.enorsai.com\/noticias\/politica\/german-martinez-milei-es-el-rey-de-la-casta\/\">Germ\u00e1n Mart\u00ednez: \u00abMilei es el rey de la casta\u00bb<\/a><\/blockquote><iframe loading=\"lazy\" class=\"wp-embedded-content\" sandbox=\"allow-scripts\" security=\"restricted\" style=\"position: absolute; visibility: hidden;\" title=\"\u00abGerm\u00e1n Mart\u00ednez: \u00abMilei es el rey de la casta\u00bb\u00bb \u2014 \" src=\"https:\/\/www.enorsai.com\/noticias\/politica\/german-martinez-milei-es-el-rey-de-la-casta\/embed\/#?secret=S3sR317Vui#?secret=k0eyjiZkhu\" data-secret=\"k0eyjiZkhu\" width=\"600\" height=\"338\" frameborder=\"0\" marginwidth=\"0\" marginheight=\"0\" scrolling=\"no\"><\/iframe>\n<\/div><\/figure>\n\n\n\n<p>No es casual. Macri est\u00e1 marcando territorio y, al mismo tiempo, enviando un mensaje claro: si Milei cae, \u00e9l estar\u00e1 ah\u00ed para capitalizar el naufragio. Hasta ahora, el l\u00edder del PRO hab\u00eda intentado sostener un equilibrio delicado: no se aline\u00f3 de manera incondicional con el gobierno, pero tampoco lo dinamit\u00f3. Sin embargo, la irrupci\u00f3n de Karina Milei en la escena pol\u00edtica y su avance en la estructura de poder comenzaron a preocuparlo. \u00abA Macri le dijeron &#8216;correte, que no te necesitamos para armar las listas'\u00bb, confiaron desde su entorno. Y eso, para alguien que construy\u00f3 su carrera en base a controlar la estructura partidaria, es inadmisible.<\/p>\n\n\n\n<p>La embestida de Macri no fue improvisada. Mientras Santiago Caputo intentaba contener el incendio con llamados a dirigentes del PRO para evitar un juicio pol\u00edtico o una comisi\u00f3n investigadora, Macri simplemente dej\u00f3 correr el tiempo. \u00abUn momentito\u00bb, dijo puertas adentro. No desminti\u00f3 a Santilli ni a Ritondo, que salieron a respaldar a Milei en redes sociales, pero tampoco ofreci\u00f3 un apoyo cerrado. El mensaje es claro: Macri no se va a inmolar por un gobierno que lo ningune\u00f3 y que, adem\u00e1s, empieza a mostrar signos de fatiga prematura.<\/p>\n\n\n\n<figure class=\"wp-block-embed is-type-wp-embed is-provider-incrustado wp-block-embed-incrustado\"><div class=\"wp-block-embed__wrapper\">\n<blockquote class=\"wp-embedded-content\" data-secret=\"6ibpUd7ffy\"><a href=\"https:\/\/www.enorsai.com\/noticias\/politica\/la-entrevista-censurada-de-milei-y-el-cruce-entre-nancy-pazos-y-el-abogado-de-johnny-viale\/\">La entrevista censurada de Milei y el cruce entre Nancy Pazos y el abogado de Johnny Viale<\/a><\/blockquote><iframe loading=\"lazy\" class=\"wp-embedded-content\" sandbox=\"allow-scripts\" security=\"restricted\" style=\"position: absolute; visibility: hidden;\" title=\"\u00abLa entrevista censurada de Milei y el cruce entre Nancy Pazos y el abogado de Johnny Viale\u00bb \u2014 \" src=\"https:\/\/www.enorsai.com\/noticias\/politica\/la-entrevista-censurada-de-milei-y-el-cruce-entre-nancy-pazos-y-el-abogado-de-johnny-viale\/embed\/#?secret=FXDE9WQgdV#?secret=6ibpUd7ffy\" data-secret=\"6ibpUd7ffy\" width=\"600\" height=\"338\" frameborder=\"0\" marginwidth=\"0\" marginheight=\"0\" scrolling=\"no\"><\/iframe>\n<\/div><\/figure>\n\n\n\n<p>El expresidente siempre subestim\u00f3 a Karina Milei. En la intimidad, seg\u00fan cuentan sus allegados, la considera la verdadera responsable del cerco que impide que \u00e9l tenga incidencia en el gobierno libertario. \u00abLa responsable de todo esto es Karina\u00bb, dicen que repite como un mantra. Y ahora, con el esc\u00e1ndalo Libra en el centro de la escena, ve la oportunidad de cobrarse la cuenta pendiente.<\/p>\n\n\n\n<p>Pero Macri no juega solo en el tablero. Sabe que su injerencia en la Justicia argentina es todav\u00eda considerable y que, en caso de que la investigaci\u00f3n sobre el esc\u00e1ndalo financiero avance, su opini\u00f3n pesar\u00e1. En el gobierno lo saben y lo temen. El problema para Milei es que la amenaza no es solo interna: si la SEC y el FBI empiezan a tirar del hilo, el da\u00f1o podr\u00eda ser irreversible. <\/p>\n\n\n\n<figure class=\"wp-block-embed is-type-wp-embed is-provider-incrustado wp-block-embed-incrustado\"><div class=\"wp-block-embed__wrapper\">\n<blockquote class=\"wp-embedded-content\" data-secret=\"CCiupsz23L\"><a href=\"https:\/\/www.enorsai.com\/noticias\/economia\/javier-milei-en-el-ojo-del-huracan-la-estafa-de-libra-y-el-informe-de-la-tv-alemana-que-lo-incrimina\/\">Javier Milei en el ojo del hurac\u00e1n: la estafa de $LIBRA y el informe de la TV alemana que lo incrimina<\/a><\/blockquote><iframe loading=\"lazy\" class=\"wp-embedded-content\" sandbox=\"allow-scripts\" security=\"restricted\" style=\"position: absolute; visibility: hidden;\" title=\"\u00abJavier Milei en el ojo del hurac\u00e1n: la estafa de $LIBRA y el informe de la TV alemana que lo incrimina\u00bb \u2014 \" src=\"https:\/\/www.enorsai.com\/noticias\/economia\/javier-milei-en-el-ojo-del-huracan-la-estafa-de-libra-y-el-informe-de-la-tv-alemana-que-lo-incrimina\/embed\/#?secret=ENfMOZlntN#?secret=CCiupsz23L\" data-secret=\"CCiupsz23L\" width=\"600\" height=\"338\" frameborder=\"0\" marginwidth=\"0\" marginheight=\"0\" scrolling=\"no\"><\/iframe>\n<\/div><\/figure>\n\n\n\n<p>Mientras tanto, el ex presidente mide sus movimientos. No tiene apuro. Observa el deterioro de la imagen de Milei en el exterior y toma nota. \u00abJavier hab\u00eda logrado tener una buena recepci\u00f3n en el mundo entero\u00bb, dijo en Rosario, con una mezcla de nostalgia y oportunismo. \u00abPero esto gener\u00f3 un impacto\u00bb. No es solo una constataci\u00f3n de hechos: es una advertencia. Macri le est\u00e1 diciendo a Milei que su capital pol\u00edtico se erosiona y que, si sigue por este camino, podr\u00eda quedarse sin aliados.<\/p>\n\n\n\n<p>En el PRO analizan dos caminos: ser el \u00absalvavidas\u00bb del gobierno o despegarse del oficialismo para capitalizar la desilusi\u00f3n del electorado. \u00abTodav\u00eda falta\u00bb, dicen los estrategas macristas. \u00abHay que esperar\u00bb. En pol\u00edtica, como en el ajedrez, las mejores jugadas no son las apresuradas, sino las que se piensan varias movidas adelante. Y Macri, aunque muchos lo crean acabado, sigue jugando.<\/p>\n","protected":false},"excerpt":{"rendered":"<p>Macri se rie de Milei<\/p>\n","protected":false},"author":1,"featured_media":1667,"comment_status":"open","ping_status":"open","sticky":false,"template":"","format":"standard","meta":{"_monsterinsights_skip_tracking":false,"_monsterinsights_sitenote_active":false,"_monsterinsights_sitenote_note":"","_monsterinsights_sitenote_category":0,"footnotes":"","jetpack_publicize_message":"","jetpack_publicize_feature_enabled":true,"jetpack_social_post_already_shared":true,"jetpack_social_options":{"image_generator_settings":{"template":"highway","default_image_id":0,"font":"","enabled":false},"version":2}},"categories":[2],"tags":[606,597,572,584,565,593,615,45,616],"class_list":["post-1666","post","type-post","status-publish","format-standard","has-post-thumbnail","hentry","category-politica","tag-libra","tag-cripto","tag-criptoestafa-argentina","tag-criptomoneda","tag-criptomoneda-milei","tag-macrimilei","tag-mega-estafa","tag-milei","tag-pro"],"jetpack_publicize_connections":[],"_links":{"self":[{"href":"https:\/\/www.enorsai.com\/noticias\/wp-json\/wp\/v2\/posts\/1666","targetHints":{"allow":["GET"]}}],"collection":[{"href":"https:\/\/www.enorsai.com\/noticias\/wp-json\/wp\/v2\/posts"}],"about":[{"href":"https:\/\/www.enorsai.com\/noticias\/wp-json\/wp\/v2\/types\/post"}],"author":[{"embeddable":true,"href":"https:\/\/www.enorsai.com\/noticias\/wp-json\/wp\/v2\/users\/1"}],"replies":[{"embeddable":true,"href":"https:\/\/www.enorsai.com\/noticias\/wp-json\/wp\/v2\/comments?post=1666"}],"version-history":[{"count":0,"href":"https:\/\/www.enorsai.com\/noticias\/wp-json\/wp\/v2\/posts\/1666\/revisions"}],"wp:featuredmedia":[{"embeddable":true,"href":"https:\/\/www.enorsai.com\/noticias\/wp-json\/"}],"wp:attachment":[{"href":"https:\/\/www.enorsai.com\/noticias\/wp-json\/wp\/v2\/media?parent=1666"}],"wp:term":[{"taxonomy":"category","embeddable":true,"href":"https:\/\/www.enorsai.com\/noticias\/wp-json\/wp\/v2\/categories?post=1666"},{"taxonomy":"post_tag","embeddable":true,"href":"https:\/\/www.enorsai.com\/noticias\/wp-json\/wp\/v2\/tags?post=1666"}],"curies":[{"name":"wp","href":"https:\/\/api.w.org\/{rel}","templated":true}]}}