{"id":1613,"date":"2025-02-18T08:27:23","date_gmt":"2025-02-18T11:27:23","guid":{"rendered":"https:\/\/www.enorsai.com\/noticias\/?p=1613"},"modified":"2025-02-18T08:27:23","modified_gmt":"2025-02-18T11:27:23","slug":"es-el-fin-de-la-carrera-de-jony","status":"publish","type":"post","link":"https:\/\/www.enorsai.com\/noticias\/politica\/es-el-fin-de-la-carrera-de-jony\/","title":{"rendered":"\u00bfEs el fin de la carrera de Jony?"},"content":{"rendered":"\n<p><strong>Jonatan Viale y la controversia de la entrevista pactada: un debate sobre \u00e9tica period\u00edstica<\/strong><\/p>\n\n\n\n<p>El periodista argentino Jonatan Viale se ha visto envuelto en una pol\u00e9mica tras la filtraci\u00f3n de una entrevista con el presidente Javier Milei, en la cual se evidenci\u00f3 una coordinaci\u00f3n previa de preguntas y respuestas. Este incidente ha suscitado un intenso debate sobre la \u00e9tica period\u00edstica y la confianza entre comunicadores y su audiencia.<\/p>\n\n\n\n<p><strong>La entrevista y su filtraci\u00f3n<\/strong><\/p>\n\n\n\n<p>En medio del esc\u00e1ndalo relacionado con la criptomoneda $LIBRA, que Milei promovi\u00f3 en sus redes sociales, Viale condujo una entrevista grabada con el mandatario. Durante la conversaci\u00f3n, mientras Milei intentaba justificar el uso de su cuenta personal para la promoci\u00f3n, su asesor, Santiago Caputo, interrumpi\u00f3 abruptamente la grabaci\u00f3n. Caputo advirti\u00f3 que las declaraciones podr\u00edan tener implicaciones legales, a lo que Viale respondi\u00f3: \u00abPuede traer quilombo judicial\u00bb. Este segmento, que no fue emitido originalmente, se filtr\u00f3 posteriormente, revelando la intervenci\u00f3n del asesor y la modificaci\u00f3n de preguntas para evitar posibles repercusiones legales.<\/p>\n\n\n\n<figure class=\"wp-block-embed is-type-rich is-provider-twitter wp-block-embed-twitter\"><div class=\"wp-block-embed__wrapper\">\n<blockquote class=\"twitter-tweet\" data-width=\"550\" data-dnt=\"true\"><p lang=\"es\" dir=\"ltr\">1.<br>As\u00ed le dan \u00f3rdenes a <a href=\"https:\/\/twitter.com\/JonatanViale?ref_src=twsrc%5Etfw\">@JonatanViale<\/a> <br><br>Nunca vi algo como esto. <br>Frena la conversaci\u00f3n porque le dicen que puede complicar judicialmente a <a href=\"https:\/\/twitter.com\/JMilei?ref_src=twsrc%5Etfw\">@JMilei<\/a> . Eso es encubrimiento. <br><br>Y queda todo grabado.<br>Vean hasta el final. <br><br>As\u00ed manejan a sus comunicadores institucionales. Dejen de\u2026 <a href=\"https:\/\/t.co\/D9WLf5f9Qo\">pic.twitter.com\/D9WLf5f9Qo<\/a><\/p>&mdash; ari lijalad (@arilijalad) <a href=\"https:\/\/twitter.com\/arilijalad\/status\/1891661107581862071?ref_src=twsrc%5Etfw\">February 18, 2025<\/a><\/blockquote><script async src=\"https:\/\/platform.twitter.com\/widgets.js\" charset=\"utf-8\"><\/script>\n<\/div><\/figure>\n\n\n\n<p><strong>Reacciones y cuestionamientos \u00e9ticos<\/strong><\/p>\n\n\n\n<p>La divulgaci\u00f3n de este material gener\u00f3 una ola de cr\u00edticas hacia Viale. Analistas y colegas se\u00f1alaron que la preaprobaci\u00f3n de preguntas y la edici\u00f3n de contenido a solicitud de entrevistados comprometen la integridad period\u00edstica. Estas pr\u00e1cticas pueden ser percibidas como una forma de manipulaci\u00f3n informativa, erosionando la confianza del p\u00fablico en los medios de comunicaci\u00f3n.<\/p>\n\n\n\n<p>Adem\u00e1s, este no es el primer incidente que pone en entredicho la credibilidad de Viale. En ocasiones anteriores, ha sido acusado de difundir informaci\u00f3n err\u00f3nea, como cuando, junto a Nicol\u00e1s Wi\u00f1azki, atribuy\u00f3 falsamente la responsabilidad de una represi\u00f3n policial a militantes pol\u00edticos \ue200cite\ue202turn0search3\ue201. Estos antecedentes refuerzan las cr\u00edticas sobre su rigor y objetividad period\u00edstica.<\/p>\n\n\n\n<p><strong>Impacto en la audiencia<\/strong><\/p>\n\n\n\n<p>La confianza es un pilar fundamental en la relaci\u00f3n entre periodistas y su audiencia. Incidentes como este pueden generar desconfianza y escepticismo entre los espectadores, quienes esperan una cobertura imparcial y veraz de los acontecimientos. La percepci\u00f3n de que un comunicador act\u00faa en connivencia con figuras pol\u00edticas para presentar una narrativa favorable puede ser vista como una traici\u00f3n a la responsabilidad informativa y al compromiso con la verdad.<\/p>\n\n\n\n<p><strong>Reflexi\u00f3n sobre la \u00e9tica period\u00edstica<\/strong><\/p>\n\n\n\n<p>Este episodio pone de relieve la importancia de adherirse a principios \u00e9ticos en el ejercicio del periodismo. La independencia editorial, la transparencia y la veracidad son esenciales para mantener la credibilidad y el respeto del p\u00fablico. Los periodistas tienen la responsabilidad de cuestionar el poder, informar con precisi\u00f3n y evitar cualquier forma de manipulaci\u00f3n que pueda distorsionar la realidad presentada a la sociedad.<\/p>\n\n\n\n<p>En conclusi\u00f3n, la controversia en torno a Jonatan Viale y la entrevista pactada con el presidente Milei sirve como un recordatorio de los desaf\u00edos \u00e9ticos que enfrentan los comunicadores. Es imperativo que los profesionales de los medios reflexionen sobre sus pr\u00e1cticas y reafirmen su compromiso con los valores fundamentales del periodismo para preservar la confianza y el respeto de su audiencia.<\/p>\n","protected":false},"excerpt":{"rendered":"<p>Jonatan Viale y la controversia de la entrevista pactada: un debate sobre \u00e9tica period\u00edstica El periodista argentino Jonatan Viale se ha visto envuelto en una pol\u00e9mica tras la filtraci\u00f3n de una entrevista con el presidente Javier Milei, en la cual se evidenci\u00f3 una coordinaci\u00f3n previa de preguntas y respuestas. Este incidente ha suscitado un intenso&#8230;<\/p>\n","protected":false},"author":11,"featured_media":1614,"comment_status":"open","ping_status":"open","sticky":false,"template":"","format":"standard","meta":{"_monsterinsights_skip_tracking":false,"_monsterinsights_sitenote_active":false,"_monsterinsights_sitenote_note":"","_monsterinsights_sitenote_category":0,"footnotes":"","jetpack_publicize_message":"","jetpack_publicize_feature_enabled":true,"jetpack_social_post_already_shared":true,"jetpack_social_options":{"image_generator_settings":{"template":"highway","default_image_id":0,"font":"","enabled":false},"version":2}},"categories":[2],"tags":[45,208],"class_list":["post-1613","post","type-post","status-publish","format-standard","has-post-thumbnail","hentry","category-politica","tag-milei","tag-viale"],"jetpack_publicize_connections":[],"_links":{"self":[{"href":"https:\/\/www.enorsai.com\/noticias\/wp-json\/wp\/v2\/posts\/1613","targetHints":{"allow":["GET"]}}],"collection":[{"href":"https:\/\/www.enorsai.com\/noticias\/wp-json\/wp\/v2\/posts"}],"about":[{"href":"https:\/\/www.enorsai.com\/noticias\/wp-json\/wp\/v2\/types\/post"}],"author":[{"embeddable":true,"href":"https:\/\/www.enorsai.com\/noticias\/wp-json\/wp\/v2\/users\/11"}],"replies":[{"embeddable":true,"href":"https:\/\/www.enorsai.com\/noticias\/wp-json\/wp\/v2\/comments?post=1613"}],"version-history":[{"count":0,"href":"https:\/\/www.enorsai.com\/noticias\/wp-json\/wp\/v2\/posts\/1613\/revisions"}],"wp:featuredmedia":[{"embeddable":true,"href":"https:\/\/www.enorsai.com\/noticias\/wp-json\/"}],"wp:attachment":[{"href":"https:\/\/www.enorsai.com\/noticias\/wp-json\/wp\/v2\/media?parent=1613"}],"wp:term":[{"taxonomy":"category","embeddable":true,"href":"https:\/\/www.enorsai.com\/noticias\/wp-json\/wp\/v2\/categories?post=1613"},{"taxonomy":"post_tag","embeddable":true,"href":"https:\/\/www.enorsai.com\/noticias\/wp-json\/wp\/v2\/tags?post=1613"}],"curies":[{"name":"wp","href":"https:\/\/api.w.org\/{rel}","templated":true}]}}