{"id":1609,"date":"2025-02-18T08:16:31","date_gmt":"2025-02-18T11:16:31","guid":{"rendered":"https:\/\/www.enorsai.com\/noticias\/?p=1609"},"modified":"2025-02-18T08:16:31","modified_gmt":"2025-02-18T11:16:31","slug":"lechoso-cripto-gate-jonatan-viale-javier-milei-y-santiago-caputo-armaron-un-guion","status":"publish","type":"post","link":"https:\/\/www.enorsai.com\/noticias\/politica\/lechoso-cripto-gate-jonatan-viale-javier-milei-y-santiago-caputo-armaron-un-guion\/","title":{"rendered":"Lechoso-cripto gate: Jonatan Viale, Javier Milei y Santiago Caputo armaron un guion"},"content":{"rendered":"\n<p><strong><em>Horas despu\u00e9s de la entrevista, se dio a conocer un fragmento \u00aben crudo\u00bb que no sali\u00f3 al aire, en donde se ve claramente la intervenci\u00f3n del asesor presidencial.<\/em><\/strong><\/p>\n\n\n\n<p>Por Data Diario<\/p>\n\n\n\n<p>Este lunes se emiti\u00f3 la tan esperada entrevista al presidente Javier Milei, luego del esc\u00e1ndalo generado por la \u00abdifusi\u00f3n\u00bb, de la criptomoneda $LIBRA, en donde miles de personas perdieron abultadas sumas de dinero con una operatoria que se inici\u00f3 con un mensaje desde su cuenta oficial de X.<\/p>\n\n\n\n<p>Si bien mucho se dijo acerca de la entrevista que fue grabada horas antes de ser emitida, todo sali\u00f3 seg\u00fan el gui\u00f3n oficial, en donde el mandatario expuso su defensa. Sin embargo apenas unas horas despu\u00e9s, se dio a conocer un fragmento de la entrevista que no sali\u00f3 al aire, en donde tanto el presidente Milei, como su entrevistador, el periodista Jonatan Viale, reciben \u00f3rdenes del asesor Santiago Caputo.<\/p>\n\n\n\n<p>El periodista Ari Lijalad, public\u00f3 en su cuenta de X, un fragmento que fue cortado de la versi\u00f3n que finalmente sali\u00f3 al aire. El mismo fue publicado en YouTube por la cuenta del canal Todo Noticias. En las im\u00e1genes puede verse c\u00f3mo el presidente Milei y Viale, mantienen un intercambio acerca de la cuenta de twitter, desde donde fue publicado el mensaje.<\/p>\n\n\n\n<figure class=\"wp-block-embed is-type-video is-provider-youtube wp-block-embed-youtube wp-embed-aspect-16-9 wp-has-aspect-ratio\"><div class=\"wp-block-embed__wrapper\">\n<iframe loading=\"lazy\" title=\"FILTRARON LA ENTREVISTA DE VIALE CON MILEI SIN EDITAR\" width=\"640\" height=\"360\" src=\"https:\/\/www.youtube.com\/embed\/8r81BtAz5gU?feature=oembed\" frameborder=\"0\" allow=\"accelerometer; autoplay; clipboard-write; encrypted-media; gyroscope; picture-in-picture; web-share\" referrerpolicy=\"strict-origin-when-cross-origin\" allowfullscreen><\/iframe>\n<\/div><\/figure>\n\n\n\n<p>Hablando acerca de la causa que se inicia a partir de las denuncias contra el presidente, Viale le pregunta c\u00f3mo ser\u00e1 la defensa del caso, a lo que Milei contesta que ser\u00e1 el propio ministro de Justicia, Mariano C\u00faneo Libarona, quien se encargue del tema. All\u00ed aparece una contradicci\u00f3n que Viale intenta resolver, ya que el ministro, no tiene como funci\u00f3n ser el abogado del presidente.<\/p>\n\n\n\n<p>\u00abEs un tema del cual participaste vos, como ciudadano, adem\u00e1s de como presidente, por eso te lo pregunto\u00bb, le dice Viale, a lo que Milei le responde, \u00abEs bueno que lo se\u00f1ales como ciudadano, porque tuite\u00e9 desde mi cuenta personal\u00bb.<\/p>\n\n\n\n<p>\u00abPero ya te diste cuenta que no, que sos presidente\u00bb; le responde Viale, intentando guiarlo en su respuesta. \u00abBueno pero mi cuenta, es mi cuenta personal\u00bb, insisit\u00f3 Milei, intentando separar su persona de su rol como presidente, algo imposible.<\/p>\n\n\n\n<p>\u00abFijate que dice mi cuenta personal\u00bb, lanza Milei. \u00abEconomista, ya s\u00e9&#8230; pero sos el presidente\u00bb, responde Viale. En ese momento ambos miran por detr\u00e1s de las c\u00e1maras, y se puede escuchar una voz que interrumpe el di\u00e1logo.<\/p>\n\n\n\n<p>A esa voz, le habla Viale y le dice como aceptando una orden: \u00abOk, con esa parte. Y no s\u00e9 c\u00f3mo ven\u00eda\u00bb, Luego dice: \u00abest\u00e1 bien yo entiendo, me di cuenta, que puede traer quilombo judicial\u00bb.<\/p>\n\n\n\n<p>El episodio revolucion\u00f3 las redes sociales, ya que deja mal parados tanto al presidente Milei, como al conductor Jonatan Viale, quien no duda en aceptar las correcciones del asesor presidencial, pr\u00e1cticamente sin chistar.<\/p>\n\n\n\n<p>A partir de all\u00ed se tejieron diversas teor\u00edas que involucran al CEO del Grupo Clar\u00edn, H\u00e9ctor Magnetto, como el autor de la filtraci\u00f3n. Puras hip\u00f3tesis que nunca se comprobar\u00e1n.<\/p>\n","protected":false},"excerpt":{"rendered":"<p>Horas despu\u00e9s de la entrevista, se dio a conocer un fragmento \u00aben crudo\u00bb que no sali\u00f3 al aire, en donde se ve claramente la intervenci\u00f3n del asesor presidencial. Por Data Diario Este lunes se emiti\u00f3 la tan esperada entrevista al presidente Javier Milei, luego del esc\u00e1ndalo generado por la \u00abdifusi\u00f3n\u00bb, de la criptomoneda $LIBRA, en&#8230;<\/p>\n","protected":false},"author":1,"featured_media":1610,"comment_status":"open","ping_status":"open","sticky":false,"template":"","format":"standard","meta":{"_monsterinsights_skip_tracking":false,"_monsterinsights_sitenote_active":false,"_monsterinsights_sitenote_note":"","_monsterinsights_sitenote_category":0,"footnotes":"","jetpack_publicize_message":"","jetpack_publicize_feature_enabled":true,"jetpack_social_post_already_shared":true,"jetpack_social_options":{"image_generator_settings":{"template":"highway","default_image_id":0,"font":"","enabled":false},"version":2}},"categories":[2],"tags":[75,43,106,45,208],"class_list":["post-1609","post","type-post","status-publish","format-standard","has-post-thumbnail","hentry","category-politica","tag-corrupcion","tag-crisis","tag-javier-milei","tag-milei","tag-viale"],"jetpack_publicize_connections":[],"_links":{"self":[{"href":"https:\/\/www.enorsai.com\/noticias\/wp-json\/wp\/v2\/posts\/1609","targetHints":{"allow":["GET"]}}],"collection":[{"href":"https:\/\/www.enorsai.com\/noticias\/wp-json\/wp\/v2\/posts"}],"about":[{"href":"https:\/\/www.enorsai.com\/noticias\/wp-json\/wp\/v2\/types\/post"}],"author":[{"embeddable":true,"href":"https:\/\/www.enorsai.com\/noticias\/wp-json\/wp\/v2\/users\/1"}],"replies":[{"embeddable":true,"href":"https:\/\/www.enorsai.com\/noticias\/wp-json\/wp\/v2\/comments?post=1609"}],"version-history":[{"count":0,"href":"https:\/\/www.enorsai.com\/noticias\/wp-json\/wp\/v2\/posts\/1609\/revisions"}],"wp:featuredmedia":[{"embeddable":true,"href":"https:\/\/www.enorsai.com\/noticias\/wp-json\/"}],"wp:attachment":[{"href":"https:\/\/www.enorsai.com\/noticias\/wp-json\/wp\/v2\/media?parent=1609"}],"wp:term":[{"taxonomy":"category","embeddable":true,"href":"https:\/\/www.enorsai.com\/noticias\/wp-json\/wp\/v2\/categories?post=1609"},{"taxonomy":"post_tag","embeddable":true,"href":"https:\/\/www.enorsai.com\/noticias\/wp-json\/wp\/v2\/tags?post=1609"}],"curies":[{"name":"wp","href":"https:\/\/api.w.org\/{rel}","templated":true}]}}