{"id":1548,"date":"2025-02-17T15:32:09","date_gmt":"2025-02-17T18:32:09","guid":{"rendered":"http:\/\/www.enorsai.com\/noticias\/?p=1548"},"modified":"2025-02-17T15:32:09","modified_gmt":"2025-02-17T18:32:09","slug":"la-protesta-de-los-trabajadores-de-granja-tres-arroyos-copo-el-centro-de-concepcion-del-uruguay","status":"publish","type":"post","link":"https:\/\/www.enorsai.com\/noticias\/sociedad\/la-protesta-de-los-trabajadores-de-granja-tres-arroyos-copo-el-centro-de-concepcion-del-uruguay\/","title":{"rendered":"La protesta de los trabajadores de Granja Tres Arroyos cop\u00f3 el centro de Concepci\u00f3n del Uruguay"},"content":{"rendered":"\n<p>El grito de los olvidados<br><br><strong><em>Miles de empleados, sindicatos y colectivos LGBTQ+ se unen en una marcha masiva para exigir el pago de salarios y denunciar despidos, mientras el gobierno nacional mira hacia otro lado.<br><\/em><\/strong><br>En una muestra de resistencia y unidad, los trabajadores de Granja Tres Arroyos coparon el centro de Concepci\u00f3n del Uruguay para reclamar por sus derechos laborales. Con el apoyo de la CGT y otros colectivos, la protesta se convirti\u00f3 en un cuestionamiento directo a las pol\u00edticas econ\u00f3micas del gobierno de Javier Milei.<br><br>El centro de Concepci\u00f3n del Uruguay, en la provincia de Entre R\u00edos, fue testigo este s\u00e1bado de una movilizaci\u00f3n hist\u00f3rica. Miles de trabajadores de Granja Tres Arroyos, acompa\u00f1ados por sindicatos, colectivos LGBTQ+ y vecinos, tomaron las calles para exigir el pago de salarios atrasados y denunciar los despidos masivos que amenazan a m\u00e1s de 400 empleados. La protesta, que se extendi\u00f3 hasta Plaza Ram\u00edrez, no solo puso en evidencia la crisis laboral que atraviesa la empresa av\u00edcola, sino que tambi\u00e9n se convirti\u00f3 en un duro cuestionamiento a las pol\u00edticas econ\u00f3micas del gobierno de Javier Milei.<\/p>\n\n\n\n<div class=\"wp-block-jetpack-related-posts\">\n<h2 class=\"wp-block-heading\"><\/h2>\n<\/div>\n\n\n\n<p><br><br>La planta \u00abLa China\u00bb, propiedad de Granja Tres Arroyos, lleva semanas paralizada por decisi\u00f3n patronal. Mientras los trabajadores mantienen un acampe a las puertas de la f\u00e1brica, soportando las inclemencias del tiempo, la empresa se niega a producir y a cumplir con sus obligaciones salariales. Miguel Klener, secretario general del Sindicato de Trabajadores de Industrias de la Alimentaci\u00f3n (STIA), fue claro en su mensaje: \u00abEsto jam\u00e1s pas\u00f3 en la historia de la empresa. Les deben pagar lo que les corresponde\u00bb. Sin embargo, las promesas no han sido suficientes para calmar la indignaci\u00f3n de quienes llevan meses sin recibir un salario.<br><br>La protesta no fue solo un reclamo laboral; fue tambi\u00e9n un acto pol\u00edtico. Las pancartas de la CGT y las consignas de los colectivos LGBTQ+ que se sumaron a la marcha dejaron en claro que el descontento trasciende a Granja Tres Arroyos. \u00abNo somos n\u00fameros, somos personas\u00bb, se escuchaba entre la multitud, en una clara cr\u00edtica a las medidas de ajuste impulsadas por el gobierno nacional. La presencia de estos grupos evidenci\u00f3 c\u00f3mo las pol\u00edticas de Milei est\u00e1n afectando a los sectores m\u00e1s vulnerables de la sociedad, desde los trabajadores hasta las minor\u00edas.<\/p>\n\n\n\n<figure class=\"wp-block-image size-full\"><img decoding=\"async\" src=\"https:\/\/www.enorsai.com\/noticias\/wp-content\/uploads\/2025\/02\/image-9.png\" alt=\"\" class=\"wp-image-1558\"\/><\/figure>\n\n\n\n<p><br>El lunes 17 de febrero, la Secretar\u00eda de Trabajo de la Naci\u00f3n intentar\u00e1 mediar en una nueva reuni\u00f3n de conciliaci\u00f3n obligatoria entre la empresa y los trabajadores. Sin embargo, las expectativas son bajas. La patronal ha demostrado poca voluntad para resolver el conflicto, y el gobierno, lejos de intervenir de manera efectiva, parece m\u00e1s interesado en mantener su agenda de recortes y desregulaciones. Mientras tanto, los trabajadores siguen acampando, resistiendo y esperando una soluci\u00f3n que parece cada vez m\u00e1s lejana.<\/p>\n\n\n\n<figure class=\"wp-block-image size-large\"><img decoding=\"async\" src=\"https:\/\/www.enorsai.com\/noticias\/wp-content\/uploads\/2025\/02\/image-10-1024x683.png\" alt=\"\" class=\"wp-image-1559\"\/><\/figure>\n\n\n\n<p><br>Esta protesta no es solo un reclamo por salarios impagos; es un grito desesperado de quienes se sienten abandonados por un sistema que prioriza los intereses econ\u00f3micos sobre los derechos humanos. En un contexto donde el gobierno de Milei insiste en recortar derechos laborales y desmantelar el Estado de bienestar, la movilizaci\u00f3n en Concepci\u00f3n del Uruguay es un recordatorio de que, cuando el pueblo se une, su voz no puede ser ignorada.<\/p>\n\n\n\n<p><strong>Fuentes:<\/strong><\/p>\n\n\n\n<ul class=\"wp-block-list\">\n<li><a href=\"https:\/\/www.infogremiales.com.ar\/trabajadores-de-granja-tres-arroyos-volvieron-a-las-calles-para-reclamar-contra-sueldos-impagos-y-despidos\/\">https:\/\/www.infogremiales.com.ar\/trabajadores-de-granja-tres-arroyos-volvieron-a-las-calles-para-reclamar-contra-sueldos-impagos-y-despidos\/<\/a><\/li>\n\n\n\n<li><a href=\"https:\/\/www.elentrerios.com\/actualidad\/la-protesta-de-los-trabajadores-de-granja-tres-arroyos-cop-el-centro-de-concepcin-del-uruguay.htm\">https:\/\/www.elentrerios.com\/actualidad\/la-protesta-de-los-trabajadores-de-granja-tres-arroyos-cop-el-centro-de-concepcin-del-uruguay.htm<\/a><\/li>\n\n\n\n<li><a href=\"https:\/\/estacionplus.com.ar\/contenido\/77362\/la-protesta-de-los-trabajadores-de-granja-tres-arroyos-copo-el-centro-de-concepc\">https:\/\/estacionplus.com.ar\/contenido\/77362\/la-protesta-de-los-trabajadores-de-granja-tres-arroyos-copo-el-centro-de-concepc<\/a><\/li>\n<\/ul>\n\n\n\n<p><\/p>\n\n\n\n<p><\/p>\n\n\n","protected":false},"excerpt":{"rendered":"<p>Trabajadores de Granja Tres Arroyos tomaron Concepci\u00f3n del Uruguay para reclamar salarios impagos y denunciar despidos. Con apoyo de la CGT y colectivos LGBTQ+, la protesta cuestion\u00f3 las pol\u00edticas de Milei. La planta sigue paralizada, y los empleados acampan exigiendo justicia.<\/p>\n","protected":false},"author":1,"featured_media":1556,"comment_status":"open","ping_status":"open","sticky":false,"template":"","format":"standard","meta":{"_monsterinsights_skip_tracking":false,"_monsterinsights_sitenote_active":false,"_monsterinsights_sitenote_note":"","_monsterinsights_sitenote_category":0,"footnotes":"","jetpack_publicize_message":"","jetpack_publicize_feature_enabled":true,"jetpack_social_post_already_shared":true,"jetpack_social_options":{"image_generator_settings":{"template":"highway","default_image_id":0,"font":"","enabled":false},"version":2}},"categories":[4],"tags":[193,598,45,371,263,292],"class_list":["post-1548","post","type-post","status-publish","format-standard","has-post-thumbnail","hentry","category-sociedad","tag-despidos","tag-granja-tres-arroyos","tag-milei","tag-protesta","tag-salarios","tag-trabajadores"],"jetpack_publicize_connections":[],"_links":{"self":[{"href":"https:\/\/www.enorsai.com\/noticias\/wp-json\/wp\/v2\/posts\/1548","targetHints":{"allow":["GET"]}}],"collection":[{"href":"https:\/\/www.enorsai.com\/noticias\/wp-json\/wp\/v2\/posts"}],"about":[{"href":"https:\/\/www.enorsai.com\/noticias\/wp-json\/wp\/v2\/types\/post"}],"author":[{"embeddable":true,"href":"https:\/\/www.enorsai.com\/noticias\/wp-json\/wp\/v2\/users\/1"}],"replies":[{"embeddable":true,"href":"https:\/\/www.enorsai.com\/noticias\/wp-json\/wp\/v2\/comments?post=1548"}],"version-history":[{"count":0,"href":"https:\/\/www.enorsai.com\/noticias\/wp-json\/wp\/v2\/posts\/1548\/revisions"}],"wp:featuredmedia":[{"embeddable":true,"href":"https:\/\/www.enorsai.com\/noticias\/wp-json\/"}],"wp:attachment":[{"href":"https:\/\/www.enorsai.com\/noticias\/wp-json\/wp\/v2\/media?parent=1548"}],"wp:term":[{"taxonomy":"category","embeddable":true,"href":"https:\/\/www.enorsai.com\/noticias\/wp-json\/wp\/v2\/categories?post=1548"},{"taxonomy":"post_tag","embeddable":true,"href":"https:\/\/www.enorsai.com\/noticias\/wp-json\/wp\/v2\/tags?post=1548"}],"curies":[{"name":"wp","href":"https:\/\/api.w.org\/{rel}","templated":true}]}}