{"id":1543,"date":"2025-02-17T11:44:14","date_gmt":"2025-02-17T14:44:14","guid":{"rendered":"https:\/\/www.enorsai.com\/noticias\/?p=1543"},"modified":"2025-02-17T11:44:14","modified_gmt":"2025-02-17T14:44:14","slug":"german-martinez-milei-es-el-rey-de-la-casta","status":"publish","type":"post","link":"https:\/\/www.enorsai.com\/noticias\/politica\/german-martinez-milei-es-el-rey-de-la-casta\/","title":{"rendered":"Germ\u00e1n Mart\u00ednez: \u00abMilei es el rey de la casta\u00bb"},"content":{"rendered":"\n<p>En una entrevista con <em>A Confesi\u00f3n de Parte<\/em> por FM Milenium, Germ\u00e1n Mart\u00ednez, jefe del bloque de Uni\u00f3n por la Patria en la C\u00e1mara de Diputados, realiz\u00f3 un crudo an\u00e1lisis sobre el estado de la democracia parlamentaria y la gesti\u00f3n de Javier Milei. Con un tono directo, desnud\u00f3 las inconsistencias del discurso libertario y puso en evidencia la alianza estrat\u00e9gica con el macrismo, se\u00f1alando que \u00abMilei es el rey de la casta\u00bb.<\/p>\n\n\n\n<p><strong>Censura y disciplinamiento en Diputados<\/strong><\/p>\n\n\n\n<p>Mart\u00ednez denunci\u00f3 un intento de censura en la sesi\u00f3n sobre el proyecto de \u00abFicha Limpia\u00bb, se\u00f1alando que el bloque oficialista junto con el PRO, la UCR, Encuentro Federal e Innovaci\u00f3n Federal votaron para restringir la participaci\u00f3n de Uni\u00f3n por la Patria, el bloque con mayor representaci\u00f3n en la C\u00e1mara. \u00abArranc\u00f3 con un intento de censura a la palabra en el Congreso\u00bb, afirm\u00f3, evidenciando una estrategia de disciplinamiento que busca acallar voces cr\u00edticas dentro del recinto.<\/p>\n\n\n\n<p>El legislador tambi\u00e9n abord\u00f3 su cruce con el presidente de la C\u00e1mara, Mart\u00edn Menem, cuando lo llam\u00f3 \u00abforro\u00bb en medio del debate. \u00abTerminamos el d\u00eda compartiendo la cena\u00bb, coment\u00f3 con iron\u00eda, dejando entrever la hipocres\u00eda de ciertos sectores que se escandalizan por formas pero avalan atropellos institucionales.<\/p>\n\n\n\n<p><strong>El pacto Milei-Macri y la guerra por los negocios<\/strong><\/p>\n\n\n\n<p>Uno de los puntos m\u00e1s contundentes de la entrevista fue la descripci\u00f3n de la alianza entre Javier Milei y Mauricio Macri, que seg\u00fan Mart\u00ednez, no se basa en principios ideol\u00f3gicos sino en el control de negocios multimillonarios. \u00abMilei planteaba un discurso anticasta, pero eso tuvo un techo electoral. Luego acord\u00f3 con Macri y adopt\u00f3 un discurso antiperonista para ganar la elecci\u00f3n\u00bb, explic\u00f3. En este sentido, el jefe de bloque sostuvo que \u00abtodos los componentes anticasta de Milei est\u00e1n perimidos: es el jefe de la casta\u00bb.<\/p>\n\n\n\n<figure class=\"wp-block-embed is-type-wp-embed is-provider-incrustado wp-block-embed-incrustado\"><div class=\"wp-block-embed__wrapper\">\n<blockquote class=\"wp-embedded-content\" data-secret=\"CwX4DTOyin\"><a href=\"https:\/\/www.enorsai.com\/noticias\/politica\/de-cuanto-fue-la-cometa-que-se-quedo-javier-milei-el-caso-kanye-west\/\">De cu\u00e1nto fue la cometa que se qued\u00f3 Javier Milei? El Caso Kanye West<\/a><\/blockquote><iframe loading=\"lazy\" class=\"wp-embedded-content\" sandbox=\"allow-scripts\" security=\"restricted\" style=\"position: absolute; visibility: hidden;\" title=\"\u00abDe cu\u00e1nto fue la cometa que se qued\u00f3 Javier Milei? El Caso Kanye West\u00bb \u2014 \" src=\"https:\/\/www.enorsai.com\/noticias\/politica\/de-cuanto-fue-la-cometa-que-se-quedo-javier-milei-el-caso-kanye-west\/embed\/#?secret=HvZCX4oksS#?secret=CwX4DTOyin\" data-secret=\"CwX4DTOyin\" width=\"600\" height=\"338\" frameborder=\"0\" marginwidth=\"0\" marginheight=\"0\" scrolling=\"no\"><\/iframe>\n<\/div><\/figure>\n\n\n\n<p>El trasfondo de esta alianza, seg\u00fan Mart\u00ednez, se encuentra en la disputa por sectores estrat\u00e9gicos de la econom\u00eda. \u00abMacri y Milei se disputan negocios: Hidrov\u00edas, Autopistas, Aerol\u00edneas Argentinas y la pol\u00edtica de Cielos Abiertos. No est\u00e1n peleando por la liberaci\u00f3n de la patria, est\u00e1n peleando por los negocios\u00bb, sentenci\u00f3, dejando en claro que las internas dentro del oficialismo responden a intereses econ\u00f3micos m\u00e1s que a diferencias pol\u00edticas reales.<\/p>\n\n\n\n<p><strong>El intento de asesinato a Cristina y el pacto de silencio opositor<\/strong><\/p>\n\n\n\n<p>Otro de los temas que abord\u00f3 Mart\u00ednez fue el intento de magnicidio contra Cristina Fern\u00e1ndez de Kirchner y el papel que jug\u00f3 la oposici\u00f3n en minimizar el hecho. \u00abEl m\u00e1ximo hecho de violencia institucional en Argentina fue el intento de asesinato a Cristina, y el partido principal opositor se neg\u00f3 a repudiarlo\u00bb, denunc\u00f3. Tambi\u00e9n se refiri\u00f3 a la actitud de los jueces frente a estos hechos, compar\u00e1ndolos con los pol\u00edticos: \u00abLos que nunca levantan el tono son los jueces que est\u00e1n discutiendo negocios\u00bb.<\/p>\n\n\n\n<figure class=\"wp-block-embed is-type-wp-embed is-provider-incrustado wp-block-embed-incrustado\"><div class=\"wp-block-embed__wrapper\">\n<blockquote class=\"wp-embedded-content\" data-secret=\"mldJ5Woqyx\"><a href=\"https:\/\/www.enorsai.com\/noticias\/economia\/primera-condena-economica-contra-leonardo-cositorto-en-argentina\/\">Primera condena econ\u00f3mica contra Leonardo Cositorto en Argentina<\/a><\/blockquote><iframe loading=\"lazy\" class=\"wp-embedded-content\" sandbox=\"allow-scripts\" security=\"restricted\" style=\"position: absolute; visibility: hidden;\" title=\"\u00abPrimera condena econ\u00f3mica contra Leonardo Cositorto en Argentina\u00bb \u2014 \" src=\"https:\/\/www.enorsai.com\/noticias\/economia\/primera-condena-economica-contra-leonardo-cositorto-en-argentina\/embed\/#?secret=cd916OJDRG#?secret=mldJ5Woqyx\" data-secret=\"mldJ5Woqyx\" width=\"600\" height=\"338\" frameborder=\"0\" marginwidth=\"0\" marginheight=\"0\" scrolling=\"no\"><\/iframe>\n<\/div><\/figure>\n\n\n\n<p>Seg\u00fan Mart\u00ednez, Milei y Macri buscan \u00abcorrer de la cancha a Cristina\u00bb para debilitar al peronismo. \u00abLos niveles de conducci\u00f3n de Cristina son imprescindibles. Sin lugar a dudas, Milei quiere sacarla de la ecuaci\u00f3n pol\u00edtica\u00bb, afirm\u00f3, agregando que el proyecto de \u00abFicha Limpia\u00bb responde a esa estrategia: \u00abTodos los que votaron a favor de Ficha Limpia quieren a Cristina fuera del juego\u00bb.<\/p>\n\n\n\n<p><strong>Conclusi\u00f3n: el vac\u00edo de la \u00abrevoluci\u00f3n libertaria\u00bb<\/strong><\/p>\n\n\n\n<p>La entrevista con Mart\u00ednez deja al descubierto una verdad inc\u00f3moda para el gobierno: la \u00abrevoluci\u00f3n libertaria\u00bb de Milei no es m\u00e1s que una fachada para consolidar el viejo poder econ\u00f3mico que gobern\u00f3 en tiempos de Macri. Detr\u00e1s del show medi\u00e1tico, los negocios contin\u00faan siendo el verdadero motor de la pol\u00edtica oficialista.<\/p>\n\n\n\n<p>Mientras Milei se presenta como un outsider enfrentado al \u00abkirchnerismo\u00bb, sus decisiones benefician a los mismos sectores que hace d\u00e9cadas se reparten el control econ\u00f3mico del pa\u00eds. Como dice Mart\u00ednez, el presidente ya no es el enemigo de la casta, sino su nuevo jefe.<\/p>\n\n\n\n<p><strong>Ser\u00e1 esc\u00e1ndalo?\u00a0<\/strong><a href=\"https:\/\/www.enorsai.com.ar\/politica\/35378-los-vinculos-de-diego-santilli-pro-con-el-acusado-de-la-mayor-estafa-piramidal-de-la-historia-argentina.html\"><strong>Los v\u00ednculos de Diego Santilli (PRO) con el acusado de la mayor estafa piramidal de la historia Argentina<\/strong><\/a><\/p>\n","protected":false},"excerpt":{"rendered":"<p>El jefe de bloque de Uni\u00f3n por la Patria expone las contradicciones del gobierno y la alianza Milei-Macri<\/p>\n","protected":false},"author":1,"featured_media":1544,"comment_status":"open","ping_status":"open","sticky":false,"template":"","format":"standard","meta":{"_monsterinsights_skip_tracking":false,"_monsterinsights_sitenote_active":false,"_monsterinsights_sitenote_note":"","_monsterinsights_sitenote_category":0,"footnotes":"","jetpack_publicize_message":"","jetpack_publicize_feature_enabled":true,"jetpack_social_post_already_shared":true,"jetpack_social_options":{"image_generator_settings":{"template":"highway","default_image_id":0,"font":"","enabled":false},"version":2}},"categories":[2,4],"tags":[93,75,15,593,45,594,595,596],"class_list":["post-1543","post","type-post","status-publish","format-standard","has-post-thumbnail","hentry","category-politica","category-sociedad","tag-argentina","tag-corrupcion","tag-economia","tag-macrimilei","tag-milei","tag-mileimacri","tag-que-es-la-casta","tag-significado-de-casta"],"jetpack_publicize_connections":[],"_links":{"self":[{"href":"https:\/\/www.enorsai.com\/noticias\/wp-json\/wp\/v2\/posts\/1543","targetHints":{"allow":["GET"]}}],"collection":[{"href":"https:\/\/www.enorsai.com\/noticias\/wp-json\/wp\/v2\/posts"}],"about":[{"href":"https:\/\/www.enorsai.com\/noticias\/wp-json\/wp\/v2\/types\/post"}],"author":[{"embeddable":true,"href":"https:\/\/www.enorsai.com\/noticias\/wp-json\/wp\/v2\/users\/1"}],"replies":[{"embeddable":true,"href":"https:\/\/www.enorsai.com\/noticias\/wp-json\/wp\/v2\/comments?post=1543"}],"version-history":[{"count":0,"href":"https:\/\/www.enorsai.com\/noticias\/wp-json\/wp\/v2\/posts\/1543\/revisions"}],"wp:featuredmedia":[{"embeddable":true,"href":"https:\/\/www.enorsai.com\/noticias\/wp-json\/"}],"wp:attachment":[{"href":"https:\/\/www.enorsai.com\/noticias\/wp-json\/wp\/v2\/media?parent=1543"}],"wp:term":[{"taxonomy":"category","embeddable":true,"href":"https:\/\/www.enorsai.com\/noticias\/wp-json\/wp\/v2\/categories?post=1543"},{"taxonomy":"post_tag","embeddable":true,"href":"https:\/\/www.enorsai.com\/noticias\/wp-json\/wp\/v2\/tags?post=1543"}],"curies":[{"name":"wp","href":"https:\/\/api.w.org\/{rel}","templated":true}]}}